{"id":10,"name":"Hugo Muleiro","url":"https:\/\/www.enorsai.com\/noticias\/author\/hugo\/","description":"Naci\u00f3 en Buenos Aires, en 1955. Como periodista desempe\u00f1\u00f3 funciones y cargos diversos en diarios y agencias de noticias. Fue secretario de redacci\u00f3n de DYN (Diarios y Noticias) y ANSA, y jefe de redacci\u00f3n y luego director period\u00edstico de T\u00e9lam. Se especializ\u00f3 en temas internacionales, en particular los referidos a Am\u00e9rica Latina. Es autor de Palabra por palabra, estructura y l\u00e9xico para las noticias (2002), Al margen de la agenda. Noticias, discriminaci\u00f3n y exclusi\u00f3n (2006); de Los Garcas (2013) y Los Monstruos (2016), ambos con Vicente Muleiro. Particip\u00f3 de La esperanza insobornable. Rodolfo Walsh en la memoria (2017). Entre otras actividades, colabor\u00f3 con UNICEF en encuentros y seminarios sobre el tratamiento period\u00edstico de ni\u00f1ez y adolescencia, en varios puntos de la Argentina y en otros pa\u00edses. Publica an\u00e1lisis sobre comunicaci\u00f3n en varios medios nacionales y extranjeros. Dirige la revista digital La Poes\u00eda Alcanza (www.lapoesiaalcanza.com.ar). Es presidente de COMUNA (Comunicadores de la Argentina), entidad que promueve el derecho a la informaci\u00f3n y la circulaci\u00f3n libre de la palabra.","link":"https:\/\/www.enorsai.com\/noticias\/author\/hugo\/","slug":"hugo","avatar_urls":{"24":"https:\/\/secure.gravatar.com\/avatar\/01ebcc1bdf35dac286ca039b803ec27ebec7930953bb085bc5dcdb89302cbf55?s=24&d=mm&r=g","48":"https:\/\/secure.gravatar.com\/avatar\/01ebcc1bdf35dac286ca039b803ec27ebec7930953bb085bc5dcdb89302cbf55?s=48&d=mm&r=g","96":"https:\/\/secure.gravatar.com\/avatar\/01ebcc1bdf35dac286ca039b803ec27ebec7930953bb085bc5dcdb89302cbf55?s=96&d=mm&r=g"},"meta":[],"_links":{"self":[{"href":"https:\/\/www.enorsai.com\/noticias\/wp-json\/wp\/v2\/users\/10","targetHints":{"allow":["GET"]}}],"collection":[{"href":"https:\/\/www.enorsai.com\/noticias\/wp-json\/wp\/v2\/users"}]}}