{"id":9996,"date":"2025-10-20T06:14:30","date_gmt":"2025-10-20T09:14:30","guid":{"rendered":"https:\/\/www.enorsai.com\/noticias\/?p=9996"},"modified":"2025-10-20T06:14:35","modified_gmt":"2025-10-20T09:14:35","slug":"escandalo-en-cancilleria-viaje-de-lujo-al-caribe-en-plena-austeridad-mileista","status":"publish","type":"post","link":"https:\/\/www.enorsai.com\/noticias\/politica\/escandalo-en-cancilleria-viaje-de-lujo-al-caribe-en-plena-austeridad-mileista\/","title":{"rendered":"Esc\u00e1ndalo en Canciller\u00eda: viaje de lujo al Caribe en plena austeridad\u00a0mile\u00edsta"},"content":{"rendered":"\n<p>Mientras Milei predica el ajuste y la \u201causteridad fiscal\u201d, cinco altos funcionarios de Canciller\u00eda viajaron en primera clase a una paradis\u00edaca isla del Caribe para participar de un evento sin relevancia diplom\u00e1tica. Pasajes de 10 mil d\u00f3lares, hoteles de lujo y vi\u00e1ticos diarios en d\u00f3lares marcan otro cap\u00edtulo de la doble vara del gobierno libertario.<\/p>\n\n\n\n<p>En medio del discurso permanente de&nbsp;<strong>ajuste y sacrificio<\/strong>&nbsp;del gobierno de Milei, un viaje diplom\u00e1tico a todo lujo termin\u00f3 por exponer una vez m\u00e1s las contradicciones de la autodenominada \u201ccasta anticasta\u201d. Seg\u00fan revel\u00f3 una investigaci\u00f3n del periodista Nicol\u00e1s Pizzi para&nbsp;<em>La Naci\u00f3n<\/em>,&nbsp;<strong>cinco altos funcionarios de Canciller\u00eda<\/strong>, encabezados por&nbsp;<strong>Fernando Brun<\/strong>, n\u00famero dos del canciller&nbsp;<strong>Gerardo Werthein<\/strong>, viajaron a la&nbsp;<strong>isla de San Crist\u00f3bal y Nieves<\/strong>, en el Caribe, para participar de la llamada&nbsp;<em>Semana de la Agricultura del Caribe<\/em>, un encuentro que, seg\u00fan admiten fuentes internas,&nbsp;<strong>tuvo escasa relevancia para los intereses argentinos<\/strong>.<\/p>\n\n\n\n<h3 class=\"wp-block-heading\">Pasajes de 10 mil d\u00f3lares y hoteles de lujo<\/h3>\n\n\n\n<p>El viaje se realiz\u00f3 entre el&nbsp;<strong>29 de septiembre y el 3 de octubre<\/strong>. La comitiva incluy\u00f3, adem\u00e1s de Brun, al&nbsp;<strong>Director Nacional de Cooperaci\u00f3n Internacional, Mateo Estreme<\/strong>; el&nbsp;<strong>embajador en Barbados, Ciro Ciliberto<\/strong>; el&nbsp;<strong>Director de Integraci\u00f3n Econ\u00f3mica, Marcos Stancanelli<\/strong>, y el&nbsp;<strong>Subsecretario de Agricultura, Manuel Chiappe<\/strong>.<\/p>\n\n\n\n<p>Desde Canciller\u00eda reconocieron que&nbsp;<strong>Brun vol\u00f3 en clase business<\/strong>, con un pasaje de casi&nbsp;<strong>10 mil d\u00f3lares<\/strong>, bajo el argumento de que su cargo tiene \u201crango de secretario de Estado\u201d. Los dem\u00e1s funcionarios viajaron en clase econ\u00f3mica, aunque todos cobraron&nbsp;<strong>vi\u00e1ticos superiores a los 350 d\u00f3lares diarios<\/strong>&nbsp;y se alojaron en el lujoso&nbsp;<strong>St. Kitts Marriott Beach Resort<\/strong>, donde una noche puede superar los&nbsp;<strong>600 d\u00f3lares<\/strong>.<\/p>\n\n\n\n<p>La justificaci\u00f3n oficial fue que la misi\u00f3n buscaba&nbsp;<strong>\u201creforzar los v\u00ednculos pol\u00edticos con los Estados del Caribe\u201d<\/strong>&nbsp;y conseguir&nbsp;<strong>apoyos en la ONU por la cuesti\u00f3n Malvinas<\/strong>. En Canciller\u00eda aseguran que la comitiva mantuvo \u201cuna docena de reuniones bilaterales\u201d con representantes regionales.<\/p>\n\n\n\n<h3 class=\"wp-block-heading\">\u201cUn evento de tercer orden\u201d<\/h3>\n\n\n\n<p>Sin embargo,&nbsp;<strong>la versi\u00f3n interna del Palacio San Mart\u00edn no es un\u00e1nime<\/strong>. Varios diplom\u00e1ticos criticaron lo que consideran un gasto innecesario en tiempos de \u201causteridad selectiva\u201d. Seg\u00fan un funcionario con experiencia en misiones internacionales, \u201c<strong>podr\u00edamos haber enviado al embajador en Barbados y alg\u00fan representante de Agricultura, no hac\u00eda falta mandar a cinco funcionarios de alto rango<\/strong>\u201d.<\/p>\n\n\n\n<p>Otro diplom\u00e1tico fue m\u00e1s contundente: \u201c<strong>No hay antecedentes de una delegaci\u00f3n argentina tan numerosa para un evento de tercer orden<\/strong>. Ni Brasil ni M\u00e9xico enviaron representantes de nivel ministerial, y el intercambio comercial con esa isla es pr\u00e1cticamente nulo\u201d.<\/p>\n\n\n\n<h3 class=\"wp-block-heading\">El para\u00edso fiscal del Caribe<\/h3>\n\n\n\n<p>El destino elegido tambi\u00e9n genera pol\u00e9mica:&nbsp;<strong>San Crist\u00f3bal y Nieves<\/strong>, una isla con apenas&nbsp;<strong>50 mil habitantes<\/strong>,&nbsp;<strong>figura en la lista de para\u00edsos fiscales<\/strong>&nbsp;y&nbsp;<strong>no mantiene intercambio comercial relevante con la Argentina<\/strong>. En ese contexto, la \u201cmisi\u00f3n diplom\u00e1tica\u201d parece m\u00e1s una excusa de placer que una estrategia geopol\u00edtica.<\/p>\n\n\n\n<p>Mientras tanto, Milei insiste en \u201ccuidar el dinero de los contribuyentes\u201d, cerrar consulados, despedir personal diplom\u00e1tico y&nbsp;<strong>congelar programas de cooperaci\u00f3n internacional<\/strong>, bajo el argumento de que \u201cno hay plata\u201d. Pero para algunos, al parecer,&nbsp;<strong>s\u00ed hay d\u00f3lares para el Caribe<\/strong>.<\/p>\n","protected":false},"excerpt":{"rendered":"<p>Mientras Milei predica el ajuste y la \u201causteridad fiscal\u201d, cinco altos funcionarios de Canciller\u00eda viajaron en primera clase a una paradis\u00edaca isla del Caribe para participar de un evento sin relevancia diplom\u00e1tica. Pasajes de 10 mil d\u00f3lares, hoteles de lujo y vi\u00e1ticos diarios en d\u00f3lares marcan otro cap\u00edtulo de la doble vara del gobierno libertario&#8230;.<\/p>\n","protected":false},"author":7,"featured_media":9997,"comment_status":"open","ping_status":"open","sticky":false,"template":"","format":"standard","meta":{"_monsterinsights_skip_tracking":false,"_monsterinsights_sitenote_active":false,"_monsterinsights_sitenote_note":"","_monsterinsights_sitenote_category":0,"footnotes":"","jetpack_publicize_message":"","jetpack_publicize_feature_enabled":true,"jetpack_social_post_already_shared":true,"jetpack_social_options":{"image_generator_settings":{"template":"highway","default_image_id":0,"font":"","enabled":false},"version":2}},"categories":[3947,2],"tags":[],"class_list":["post-9996","post","type-post","status-publish","format-standard","has-post-thumbnail","hentry","category-corrupcion","category-politica"],"jetpack_publicize_connections":[],"_links":{"self":[{"href":"https:\/\/www.enorsai.com\/noticias\/wp-json\/wp\/v2\/posts\/9996","targetHints":{"allow":["GET"]}}],"collection":[{"href":"https:\/\/www.enorsai.com\/noticias\/wp-json\/wp\/v2\/posts"}],"about":[{"href":"https:\/\/www.enorsai.com\/noticias\/wp-json\/wp\/v2\/types\/post"}],"author":[{"embeddable":true,"href":"https:\/\/www.enorsai.com\/noticias\/wp-json\/wp\/v2\/users\/7"}],"replies":[{"embeddable":true,"href":"https:\/\/www.enorsai.com\/noticias\/wp-json\/wp\/v2\/comments?post=9996"}],"version-history":[{"count":1,"href":"https:\/\/www.enorsai.com\/noticias\/wp-json\/wp\/v2\/posts\/9996\/revisions"}],"predecessor-version":[{"id":9998,"href":"https:\/\/www.enorsai.com\/noticias\/wp-json\/wp\/v2\/posts\/9996\/revisions\/9998"}],"wp:featuredmedia":[{"embeddable":true,"href":"https:\/\/www.enorsai.com\/noticias\/wp-json\/wp\/v2\/media\/9997"}],"wp:attachment":[{"href":"https:\/\/www.enorsai.com\/noticias\/wp-json\/wp\/v2\/media?parent=9996"}],"wp:term":[{"taxonomy":"category","embeddable":true,"href":"https:\/\/www.enorsai.com\/noticias\/wp-json\/wp\/v2\/categories?post=9996"},{"taxonomy":"post_tag","embeddable":true,"href":"https:\/\/www.enorsai.com\/noticias\/wp-json\/wp\/v2\/tags?post=9996"}],"curies":[{"name":"wp","href":"https:\/\/api.w.org\/{rel}","templated":true}]}}