{"id":9991,"date":"2025-10-20T06:04:20","date_gmt":"2025-10-20T09:04:20","guid":{"rendered":"https:\/\/www.enorsai.com\/noticias\/?p=9991"},"modified":"2025-10-20T06:04:26","modified_gmt":"2025-10-20T09:04:26","slug":"grabois-es-verdad-que-si-hablas-se-cae-algo-se-viene-abajo-la-estructura-politico-criminal-que-integrabas-y-te-solto-la-mano","status":"publish","type":"post","link":"https:\/\/www.enorsai.com\/noticias\/politica\/grabois-es-verdad-que-si-hablas-se-cae-algo-se-viene-abajo-la-estructura-politico-criminal-que-integrabas-y-te-solto-la-mano\/","title":{"rendered":"Grabois: \u00abEs verdad que si hablas se cae algo; se viene abajo la estructura pol\u00edtico-criminal que integrabas y te solt\u00f3 la mano\u00bb"},"content":{"rendered":"\n<p><strong>Grabois desaf\u00eda a Machado: \u201cHabl\u00e1\u2026 la verdad nos acerca a la redenci\u00f3n\u201d<\/strong>. El dirigente social Juan Grabois volvi\u00f3 a irrumpir con fuerza en el debate pol\u00edtico nacional a trav\u00e9s de un mensaje publicado en la red social X, dirigido directamente al empresario Fred Machado, actualmente detenido y con pedido de extradici\u00f3n a los Estados Unidos por causas vinculadas al narcotr\u00e1fico y lavado de dinero. En un texto cargado de tono moral y pol\u00edtico, Grabois escribi\u00f3: \u201cEs justo que hables, Machado, es necesario y tal vez incluso repares un poco el da\u00f1o que hicieron. No tengas miedo. Hacelo. Es verdad que si habl\u00e1s se cae algo; se viene abajo la estructura pol\u00edtico-criminal que integrabas y te solt\u00f3 la mano. \u00a1Qu\u00e9 bueno ser\u00eda para el pa\u00eds que cuentes todo! Te dir\u00eda, para vos tambi\u00e9n. La verdad siempre nos acerca a la redenci\u00f3n. Pero no te confundas, Machado, no se va a caer el pa\u00eds. A este pa\u00eds no lo tira nadie. No lo tira Trump, mucho menos Milei, Caputo, Bullrich, Espert o vos. Aunque la quieran de rodillas, Argentina siempre va a estar de pie.\u201d<\/p>\n\n\n\n<p>El posteo, difundido este domingo, fue le\u00eddo como un llamado p\u00fablico a romper el silencio. Grabois le reclama al empresario que revele los v\u00ednculos pol\u00edticos y financieros que habr\u00edan sostenido una compleja red de poder econ\u00f3mico y delictivo, un entramado que \u2014seg\u00fan distintos medios y fuentes judiciales\u2014 se proyecta sobre el financiamiento de campa\u00f1as pol\u00edticas, operaciones de lavado y movimientos de capitales que involucran tanto al entorno libertario como a figuras del macrismo. La referencia a la \u201cestructura pol\u00edtico-criminal\u201d que lo habr\u00eda cobijado y luego abandonado no parece casual, sino una clara alusi\u00f3n al poder pol\u00edtico que, durante a\u00f1os, permiti\u00f3 que empresarios como Machado crecieran al amparo del Estado mientras se enriquec\u00edan a trav\u00e9s de mecanismos ilegales.<\/p>\n\n\n\n<figure class=\"wp-block-embed is-type-rich is-provider-twitter wp-block-embed-twitter\"><div class=\"wp-block-embed__wrapper\">\n<blockquote class=\"twitter-tweet\" data-width=\"550\" data-dnt=\"true\"><p lang=\"es\" dir=\"ltr\">Es justo que hables, Machado, es necesario y tal vez incluso repares un poco el da\u00f1o que hicieron. No tengas miedo. Hacelo.<br><br>Es verdad que si habl\u00e1s se cae algo; se viene abajo la estructura politico-criminal que integrabas y te solt\u00f3 la mano.<br><br>\u00a1Qu\u00e9 bueno ser\u00eda para el pa\u00eds que\u2026 <a href=\"https:\/\/t.co\/VQUeXpPMbg\">pic.twitter.com\/VQUeXpPMbg<\/a><\/p>&mdash; Juan Grabois (@JuanGrabois) <a href=\"https:\/\/twitter.com\/JuanGrabois\/status\/1980056377482760448?ref_src=twsrc%5Etfw\">October 19, 2025<\/a><\/blockquote><script async src=\"https:\/\/platform.twitter.com\/widgets.js\" charset=\"utf-8\"><\/script>\n<\/div><\/figure>\n\n\n\n<p>Fred Machado, detenido en Viedma y con un inminente proceso de extradici\u00f3n a los Estados Unidos, fue se\u00f1alado por la justicia norteamericana por operaciones de lavado de activos y estafa millonaria a trav\u00e9s de una red de sociedades offshore. En Argentina, su nombre cobr\u00f3 notoriedad p\u00fablica al ser identificado como financista de la campa\u00f1a presidencial de Jos\u00e9 Luis Espert en 2019 y por sus presuntos v\u00ednculos con la actual ministra de Seguridad, Patricia Bullrich. Ambos, seg\u00fan revelaciones period\u00edsticas, habr\u00edan mantenido contacto con el empresario en el contexto de aportes de campa\u00f1a y asesoramientos informales vinculados al entorno de La Libertad Avanza.<\/p>\n\n\n\n<p>En su publicaci\u00f3n, Grabois introduce una l\u00ednea de interpretaci\u00f3n pol\u00edtica que trasciende la figura del empresario. No se trata solo de una exhortaci\u00f3n a \u201cdecir la verdad\u201d, sino de un alegato sobre la resistencia del pa\u00eds ante los poderes que buscan someterlo. \u201cNo se va a caer el pa\u00eds\u201d, escribe, en un gesto de afirmaci\u00f3n patri\u00f3tica que confronta tanto con el fatalismo como con la impunidad. Al incluir en su mensaje nombres como Milei, Caputo, Bullrich y Espert, Grabois traza un mapa de responsabilidad compartida: todos, a su juicio, forman parte de un entramado que pretende entregar la soberan\u00eda nacional a los intereses del poder financiero y extranjero.<\/p>\n\n\n\n<p>El mensaje tiene adem\u00e1s un componente \u00e9tico. \u201cLa verdad siempre nos acerca a la redenci\u00f3n\u201d, sostiene, en una frase que combina denuncia pol\u00edtica y apelaci\u00f3n moral. No es un simple desaf\u00edo judicial: es una interpelaci\u00f3n existencial, casi espiritual, dirigida a un empresario que, seg\u00fan el propio Grabois, puede a\u00fan reparar parte del da\u00f1o causado. En esa l\u00ednea, el l\u00edder del Frente Patria Grande convierte el caso Machado en un s\u00edmbolo del mal estructural que aqueja a la Argentina: la connivencia entre capitales il\u00edcitos, pol\u00edtica y poder medi\u00e1tico.<\/p>\n\n\n\n<p>Diversos portales de noticias ya hab\u00edan informado sobre las conexiones de Machado con sectores pol\u00edticos y financieros, as\u00ed como sobre las investigaciones en curso por lavado de dinero y narcotr\u00e1fico internacional. En esas causas se menciona la posible utilizaci\u00f3n de fondos de origen il\u00edcito para financiar campa\u00f1as y comprar voluntades dentro del aparato pol\u00edtico argentino. Las alusiones de Grabois a una \u201cestructura pol\u00edtico-criminal\u201d encuentran eco en esa trama y buscan colocar el foco sobre la complicidad de sectores que, seg\u00fan el dirigente, ahora intentan despegarse del esc\u00e1ndalo.<\/p>\n\n\n\n<p>El posteo de Grabois, que r\u00e1pidamente se viraliz\u00f3 en redes sociales, tambi\u00e9n tiene un valor simb\u00f3lico en el momento pol\u00edtico actual. Con un gobierno que exhibe un discurso de ajuste, dolarizaci\u00f3n y represi\u00f3n, y una oposici\u00f3n fragmentada, su intervenci\u00f3n reintroduce el debate sobre la justicia, la verdad y la responsabilidad pol\u00edtica. El l\u00edder social contrapone la idea de un pa\u00eds \u201cde pie\u201d frente a los intentos de subordinaci\u00f3n econ\u00f3mica y moral impulsados por los nuevos gestores del poder.<\/p>\n\n\n\n<p>La figura de Fred Machado se ha convertido en un eje central de una historia donde confluyen la corrupci\u00f3n empresarial, el financiamiento pol\u00edtico y las sombras del narcotr\u00e1fico. Su silencio puede sostener una red de impunidad; su palabra, en cambio, podr\u00eda desatar una tormenta pol\u00edtica de consecuencias imprevisibles. Grabois, al invocarlo p\u00fablicamente, no solo busca esa verdad sino que coloca al empresario ante una disyuntiva moral: callar y proteger el poder que lo us\u00f3, o hablar y enfrentarse a la estructura que lo traicion\u00f3.<\/p>\n\n\n\n<p>La \u00faltima frase del mensaje \u2014\u201cAunque la quieran de rodillas, Argentina siempre va a estar de pie\u201d\u2014 resume la tensi\u00f3n entre la denuncia y la esperanza, entre el poder corrupto y la dignidad nacional. Es tambi\u00e9n una advertencia a quienes, desde los despachos del gobierno o los tribunales, creen que pueden controlar la verdad. Si Machado decide hablar, lo que caer\u00eda no ser\u00eda el pa\u00eds, como \u00e9l mismo dijo antes de su extradici\u00f3n, sino la red que lo sostuvo. Y quiz\u00e1s, como plantea Grabois, ah\u00ed empiece la verdadera redenci\u00f3n.<\/p>\n\n\n\n<p><strong>Fuentes:<\/strong><br>Posteo de Juan Grabois en X (<a href=\"https:\/\/x.com\/JuanGrabois\/status\/1980056377482760448\">https:\/\/x.com\/JuanGrabois\/status\/1980056377482760448<\/a>)<br>\u201cEl financista de Espert detenido por lavado y narcotr\u00e1fico\u201d, <em>El Litoral<\/em>, 19\/10\/2025 (<a href=\"https:\/\/www.ellitoral.com\/politica\/espert-lavado-grabois-fiscal-dominguez-libertad-avanza-fred-machado-narcotrafico-san-isidro-lavado_0_4zonwg8y1S.html\">https:\/\/www.ellitoral.com\/politica\/espert-lavado-grabois-fiscal-dominguez-libertad-avanza-fred-machado-narcotrafico-san-isidro-lavado_0_4zonwg8y1S.html<\/a>)<br>\u201cGrabois describi\u00f3 a la perfecci\u00f3n el tri\u00e1ngulo narco entre Milei, Machado, Oneto y Espert\u201d, <em>BigBangNews<\/em>, 19\/10\/2025 (<a href=\"https:\/\/www.bigbangnews.com\/politica\/grabois-describio-perfeccion-triangulo-narco-milei-machado-oneto-espert-recibio-dinero-cartel-sinaloa-n97696\">https:\/\/www.bigbangnews.com\/politica\/grabois-describio-perfeccion-triangulo-narco-milei-machado-oneto-espert-recibio-dinero-cartel-sinaloa-n97696<\/a>)<\/p>\n","protected":false},"excerpt":{"rendered":"<p>Grabois desaf\u00eda a Machado: \u201cHabl\u00e1\u2026 la verdad nos acerca a la redenci\u00f3n\u201d. El dirigente social Juan Grabois volvi\u00f3 a irrumpir con fuerza en el debate pol\u00edtico nacional a trav\u00e9s de un mensaje publicado en la red social X, dirigido directamente al empresario Fred Machado, actualmente detenido y con pedido de extradici\u00f3n a los Estados Unidos&#8230;<\/p>\n","protected":false},"author":12,"featured_media":9992,"comment_status":"open","ping_status":"open","sticky":false,"template":"","format":"standard","meta":{"_monsterinsights_skip_tracking":false,"_monsterinsights_sitenote_active":false,"_monsterinsights_sitenote_note":"","_monsterinsights_sitenote_category":0,"footnotes":"","jetpack_publicize_message":"","jetpack_publicize_feature_enabled":true,"jetpack_social_post_already_shared":true,"jetpack_social_options":{"image_generator_settings":{"template":"highway","default_image_id":0,"font":"","enabled":false},"version":2}},"categories":[2],"tags":[],"class_list":["post-9991","post","type-post","status-publish","format-standard","has-post-thumbnail","hentry","category-politica"],"jetpack_publicize_connections":[],"_links":{"self":[{"href":"https:\/\/www.enorsai.com\/noticias\/wp-json\/wp\/v2\/posts\/9991","targetHints":{"allow":["GET"]}}],"collection":[{"href":"https:\/\/www.enorsai.com\/noticias\/wp-json\/wp\/v2\/posts"}],"about":[{"href":"https:\/\/www.enorsai.com\/noticias\/wp-json\/wp\/v2\/types\/post"}],"author":[{"embeddable":true,"href":"https:\/\/www.enorsai.com\/noticias\/wp-json\/wp\/v2\/users\/12"}],"replies":[{"embeddable":true,"href":"https:\/\/www.enorsai.com\/noticias\/wp-json\/wp\/v2\/comments?post=9991"}],"version-history":[{"count":1,"href":"https:\/\/www.enorsai.com\/noticias\/wp-json\/wp\/v2\/posts\/9991\/revisions"}],"predecessor-version":[{"id":9993,"href":"https:\/\/www.enorsai.com\/noticias\/wp-json\/wp\/v2\/posts\/9991\/revisions\/9993"}],"wp:featuredmedia":[{"embeddable":true,"href":"https:\/\/www.enorsai.com\/noticias\/wp-json\/wp\/v2\/media\/9992"}],"wp:attachment":[{"href":"https:\/\/www.enorsai.com\/noticias\/wp-json\/wp\/v2\/media?parent=9991"}],"wp:term":[{"taxonomy":"category","embeddable":true,"href":"https:\/\/www.enorsai.com\/noticias\/wp-json\/wp\/v2\/categories?post=9991"},{"taxonomy":"post_tag","embeddable":true,"href":"https:\/\/www.enorsai.com\/noticias\/wp-json\/wp\/v2\/tags?post=9991"}],"curies":[{"name":"wp","href":"https:\/\/api.w.org\/{rel}","templated":true}]}}