{"id":9987,"date":"2025-10-19T21:22:35","date_gmt":"2025-10-20T00:22:35","guid":{"rendered":"https:\/\/www.enorsai.com\/noticias\/politica\/lazaro-baez-volvio-a-ezeiza-en-medio-de-denuncias-por-maltrato-y-sospechosos-movimientos-judiciales\/"},"modified":"2025-10-19T21:22:35","modified_gmt":"2025-10-20T00:22:35","slug":"lazaro-baez-volvio-a-ezeiza-en-medio-de-denuncias-por-maltrato-y-sospechosos-movimientos-judiciales","status":"publish","type":"post","link":"https:\/\/www.enorsai.com\/noticias\/politica\/lazaro-baez-volvio-a-ezeiza-en-medio-de-denuncias-por-maltrato-y-sospechosos-movimientos-judiciales\/","title":{"rendered":"L\u00e1zaro B\u00e1ez volvi\u00f3 a Ezeiza en medio de denuncias por maltrato y sospechosos movimientos judiciales"},"content":{"rendered":"\n<p>El empresario L\u00e1zaro B\u00e1ez, volvi\u00f3 a ser trasladado al Complejo Penitenciario Federal N.\u00ba 1 de Ezeiza luego de que el juez federal Claudio V\u00e1zquez rechazara su pedido de prisi\u00f3n domiciliaria. La decisi\u00f3n se produjo en medio de denuncias sobre su estado de salud y la falta de informaci\u00f3n acerca de su paradero durante el traslado, lo que volvi\u00f3 a encender las alarmas por la opacidad judicial y penitenciaria en torno a una figura que, desde hace a\u00f1os, se encuentra en el centro del conflicto pol\u00edtico y medi\u00e1tico argentino.<br><br>El operativo, a cargo del Servicio Penitenciario Federal, comenz\u00f3 el s\u00e1bado con un traslado terrestre desde la Unidad N.\u00ba 15 de R\u00edo Gallegos hasta Trelew, desde donde B\u00e1ez fue embarcado hacia Buenos Aires. Seg\u00fan fuentes judiciales citadas por Infobae, el empresario pas\u00f3 sus primeras horas en el Hospital Central Penitenciario de Ezeiza para someterse a estudios m\u00e9dicos antes de ser reubicado en un pabell\u00f3n con mejores condiciones de habitabilidad.<br><br>Durante el proceso de traslado, los abogados defensores Lucas y Yanina Nicoletti denunciaron desconocer el paradero de su defendido. En una presentaci\u00f3n ante el Tribunal Oral Federal N.\u00ba 4, afirmaron que se trataba de \u201cuna situaci\u00f3n de total incertidumbre tanto para su familia como para quien suscribe, que evoca pr\u00e1cticas propias de \u00e9pocas que la Rep\u00fablica no puede repetir\u201d. La frase, cargada de resonancias hist\u00f3ricas, reflej\u00f3 la preocupaci\u00f3n por la falta de garant\u00edas b\u00e1sicas en el tratamiento de un detenido con un cuadro m\u00e9dico complejo.<br><br>El juez N\u00e9stor Costabel, presidente del TOF N.\u00ba 4, orden\u00f3 una nueva evaluaci\u00f3n cardiol\u00f3gica completa, que incluye electrocardiograma, ecocardiograma y an\u00e1lisis de laboratorio, y solicit\u00f3 la intervenci\u00f3n del Cuerpo M\u00e9dico Forense de la Corte Suprema para determinar si el empresario, de 69 a\u00f1os, \u201cse encuentra en estado cr\u00edtico, con riesgo cierto de muerte s\u00fabita\u201d, tal como sostiene su defensa. B\u00e1ez padece EPOC, hipertensi\u00f3n arterial, arritmia, diabetes, asma bronquial y problemas gastrointestinales, condiciones que, en t\u00e9rminos humanitarios, justificar\u00edan el reclamo de prisi\u00f3n domiciliaria. Sin embargo, la justicia consider\u00f3 que no se acredit\u00f3 un \u201cagravamiento ileg\u00edtimo\u201d de las condiciones de detenci\u00f3n y mantuvo su alojamiento en el sistema carcelario.<br><br>La figura de B\u00e1ez sigue siendo un terreno de disputa en el tablero pol\u00edtico y medi\u00e1tico. Cada movimiento en su situaci\u00f3n judicial reactiva teor\u00edas sobre maniobras de presi\u00f3n o sobre la utilizaci\u00f3n del aparato judicial como herramienta de disciplinamiento pol\u00edtico. En este caso, la defensa denunci\u00f3 que su cliente estuvo alojado en un \u201cbuz\u00f3n\u201d en la c\u00e1rcel de R\u00edo Gallegos, compartiendo un ba\u00f1o con m\u00e1s de veinte internos, sin ventilaci\u00f3n ni condiciones sanitarias adecuadas, lo que evidenciar\u00eda una violaci\u00f3n de los est\u00e1ndares internacionales de trato a personas privadas de la libertad.<br><br>El regreso de B\u00e1ez a Ezeiza \u2014donde tambi\u00e9n se encuentra detenido Fernando Sabag Montiel, autor del intento de magnicidio contra Cristina Fern\u00e1ndez de Kirchner\u2014 vuelve a poner en discusi\u00f3n las contradicciones del sistema judicial argentino: una justicia que se muestra implacable con ciertos sectores pol\u00edticos, mientras conserva una permisividad evidente con otros, y un aparato medi\u00e1tico que decide cu\u00e1ndo una causa debe ser amplificada o silenciada seg\u00fan las necesidades del poder de turno.<br><br>L\u00e1zaro B\u00e1ez cumple actualmente una pena unificada de 15 a\u00f1os de prisi\u00f3n, adem\u00e1s de otra sentencia \u2014a\u00fan no firme\u2014 de tres a\u00f1os y seis meses dictada por el Tribunal Oral en lo Penal Econ\u00f3mico N.\u00ba 3 por apropiaci\u00f3n indebida de aportes patronales. M\u00e1s all\u00e1 de la condena, lo que su caso vuelve a revelar es la falta de transparencia y el deterioro institucional de una justicia que, bajo el gobierno libertario de Javier Milei, se encuentra cada vez m\u00e1s expuesta a presiones pol\u00edticas, operaciones medi\u00e1ticas y una peligrosa naturalizaci\u00f3n del castigo ejemplificador como espect\u00e1culo p\u00fablico.<br><br><br>Fuente: Iago Vieyra, \u201cTras el rechazo de la prisi\u00f3n domiciliaria, L\u00e1zaro B\u00e1ez volvi\u00f3 a la c\u00e1rcel de Ezeiza\u201d, Infobae, 19 de octubre de 2025. Disponible en: https:\/\/www.infobae.com\/judiciales\/2025\/10\/19\/tras-el-rechazo-de-la-prision-domiciliaria-lazaro-baez-volvio-a-la-carcel-de-ezeiza\/<br><br><\/p>\n","protected":false},"excerpt":{"rendered":"<p>El empresario L\u00e1zaro B\u00e1ez, volvi\u00f3 a ser trasladado al Complejo Penitenciario Federal N.\u00ba 1 de Ezeiza luego de que el juez federal Claudio V\u00e1zquez rechazara su pedido de prisi\u00f3n domiciliaria. La decisi\u00f3n se produjo en medio de denuncias sobre su estado de salud y la falta de informaci\u00f3n acerca de su paradero durante el traslado,&#8230;<\/p>\n","protected":false},"author":11,"featured_media":9943,"comment_status":"open","ping_status":"open","sticky":false,"template":"","format":"standard","meta":{"_monsterinsights_skip_tracking":false,"_monsterinsights_sitenote_active":false,"_monsterinsights_sitenote_note":"","_monsterinsights_sitenote_category":0,"footnotes":"","jetpack_publicize_message":"","jetpack_publicize_feature_enabled":true,"jetpack_social_post_already_shared":true,"jetpack_social_options":{"image_generator_settings":{"template":"highway","default_image_id":0,"font":"","enabled":false},"version":2}},"categories":[2],"tags":[],"class_list":["post-9987","post","type-post","status-publish","format-standard","has-post-thumbnail","hentry","category-politica"],"jetpack_publicize_connections":[],"_links":{"self":[{"href":"https:\/\/www.enorsai.com\/noticias\/wp-json\/wp\/v2\/posts\/9987","targetHints":{"allow":["GET"]}}],"collection":[{"href":"https:\/\/www.enorsai.com\/noticias\/wp-json\/wp\/v2\/posts"}],"about":[{"href":"https:\/\/www.enorsai.com\/noticias\/wp-json\/wp\/v2\/types\/post"}],"author":[{"embeddable":true,"href":"https:\/\/www.enorsai.com\/noticias\/wp-json\/wp\/v2\/users\/11"}],"replies":[{"embeddable":true,"href":"https:\/\/www.enorsai.com\/noticias\/wp-json\/wp\/v2\/comments?post=9987"}],"version-history":[{"count":0,"href":"https:\/\/www.enorsai.com\/noticias\/wp-json\/wp\/v2\/posts\/9987\/revisions"}],"wp:featuredmedia":[{"embeddable":true,"href":"https:\/\/www.enorsai.com\/noticias\/wp-json\/wp\/v2\/media\/9943"}],"wp:attachment":[{"href":"https:\/\/www.enorsai.com\/noticias\/wp-json\/wp\/v2\/media?parent=9987"}],"wp:term":[{"taxonomy":"category","embeddable":true,"href":"https:\/\/www.enorsai.com\/noticias\/wp-json\/wp\/v2\/categories?post=9987"},{"taxonomy":"post_tag","embeddable":true,"href":"https:\/\/www.enorsai.com\/noticias\/wp-json\/wp\/v2\/tags?post=9987"}],"curies":[{"name":"wp","href":"https:\/\/api.w.org\/{rel}","templated":true}]}}