{"id":9982,"date":"2025-10-19T11:35:09","date_gmt":"2025-10-19T14:35:09","guid":{"rendered":"https:\/\/www.enorsai.com\/noticias\/?p=9982"},"modified":"2025-10-19T11:40:12","modified_gmt":"2025-10-19T14:40:12","slug":"lazaro-baez-fue-trasladado-sin-aviso-y-se-desconoce-su-paradero-crece-la-sospecha-de-una-maniobra-politica","status":"publish","type":"post","link":"https:\/\/www.enorsai.com\/noticias\/politica\/lazaro-baez-fue-trasladado-sin-aviso-y-se-desconoce-su-paradero-crece-la-sospecha-de-una-maniobra-politica\/","title":{"rendered":"L\u00e1zaro B\u00e1ez fue trasladado sin aviso, se desconoce su paradero y crece la sospecha de una maniobra pol\u00edtica"},"content":{"rendered":"\n<p>Por estas horas se enfrenta un hecho que estremece los fundamentos institucionales de nuestro pa\u00eds por su gravedad: el empresario condenado L\u00e1zaro B\u00e1ez sigue sin que su ubicaci\u00f3n sea clara para su familia, sus abogados y la opini\u00f3n p\u00fablica. <br \/><br \/>Es muy grave que en pleno siglo xxi, en un pa\u00eds que dice aspirar a la transparencia, un detenido pueda desaparecer del escrutinio legal y p\u00fablico. Nadie sabe con certeza a d\u00f3nde lo trasladaron, bajo qu\u00e9 condiciones, ni qu\u00e9 motivos explican el hermetismo que rodea su paradero.<br \/><br \/>De un lado, los defensores de B\u00e1ez alertan: estaba en la Unidad Penitenciaria Federal N\u00b015 de R\u00edo Gallegos, con una apelaci\u00f3n judicial en tr\u00e1mite (h\u00e1beas corpus, pedido de prisi\u00f3n domiciliaria por problemas de salud) cuando, sin aviso, lo cargaron y lo trasladaron.&nbsp; El director del penal inform\u00f3 \u2014seg\u00fan la defensa\u2014 que \u201cya no est\u00e1 ac\u00e1\u201d, sin dar detalles. <br \/><br \/>Por otro lado, se desliza una hip\u00f3tesis inquietante: que este traslado abrupto y opaco obedece a un armado pol\u00edtico, d\u00edas antes de elecciones decisivas, y que B\u00e1ez estar\u00eda siendo presionado para declarar o \u201cconfesar\u201d algo que tenga impacto en la contienda electoral. En este sentido, surge la pregunta: \u00bfpor qu\u00e9 ahora? \u00bfPor qu\u00e9 con esta falta de transparencia? \u00bfPara qu\u00e9 se usa este m\u00e9todo?<\/p>\n\n\n\n<figure class=\"wp-block-embed is-type-rich is-provider-twitter wp-block-embed-twitter\"><div class=\"wp-block-embed__wrapper\">\n<blockquote class=\"twitter-tweet\" data-width=\"550\" data-dnt=\"true\"><p lang=\"es\" dir=\"ltr\">LAZARO B\u00c1EZ sigue SIN APARECER <br><br>Es MUY GRAVE que pase esto en ARGENTINA en 2025<br><br>Nadie sabe donde lo tienen.<br>A donde lo llevaron.<br><br>Familiares y abogados siguen sin saber su paradero.<br><br>Es hora que <a href=\"https:\/\/twitter.com\/m_cuneolibarona?ref_src=twsrc%5Etfw\">@m_cuneolibarona<\/a> salga a decir D\u00d3NDE LO TIENEN ?<br><br>Por qu\u00e9 usan este m\u00e9todo ? <br><br>Es\u2026<\/p>&mdash; Diego Brancatelli (@diegobranca) <a href=\"https:\/\/twitter.com\/diegobranca\/status\/1979894993327182201?ref_src=twsrc%5Etfw\">October 19, 2025<\/a><\/blockquote><script async src=\"https:\/\/platform.twitter.com\/widgets.js\" charset=\"utf-8\"><\/script>\n<\/div><\/figure>\n\n\n\n<p>Los familiares y abogados no s\u00f3lo requieren saber d\u00f3nde est\u00e1, sino tambi\u00e9n con qu\u00e9 garant\u00edas de salud y seguridad est\u00e1. Su defensa advierte que padece problemas m\u00e9dicos graves (epoc, diabetes, hipertensi\u00f3n), que hab\u00edan sido motivo de pedidos de prisi\u00f3n domiciliaria.&nbsp; Que un detenido con ese perfil sea movido en medio de un proceso abierto sin claridad parece contravenir est\u00e1ndares b\u00e1sicos de tutela legal.<br \/><br \/>En este contexto, cabe apuntar responsabilidades: \u00bfqui\u00e9n se\u00f1al\u00f3 el traslado? \u00bfSe siguieron los procedimientos judiciales correspondientes? \u00bfSe notific\u00f3 a la defensa y a la familia? \u00bfSe respetaron sus derechos de visita, control m\u00e9dico, informaci\u00f3n de paradero? Las respuestas no est\u00e1n, y eso es lo que m\u00e1s alarma.<br \/><br \/>Para la ciudadan\u00eda argentina este caso no es s\u00f3lo de un individuo: es una se\u00f1al sobre el Estado de derecho, sobre el manejo de los presos de alta exposici\u00f3n pol\u00edtica, sobre el equilibrio entre justicia y pol\u00edtica. Si no exigimos respuestas claras, el precedente puede volverse norma.<\/p>\n\n\n\n<figure class=\"wp-block-embed is-type-rich is-provider-twitter wp-block-embed-twitter\"><div class=\"wp-block-embed__wrapper\">\n<blockquote class=\"twitter-tweet\" data-width=\"550\" data-dnt=\"true\"><p lang=\"es\" dir=\"ltr\">La defensa de L\u00e1zaro B\u00e1ez y su familia denuncian que hace 5 horas est\u00e1 \u201cdesaparecido\u201d. Que fue trasladado pero el servicio penitenciario no informa a d\u00f3nde. Buscan en hospitales y comisar\u00edas. <a href=\"https:\/\/t.co\/F4MtIQfnhZ\">pic.twitter.com\/F4MtIQfnhZ<\/a><\/p>&mdash; Felicitas Bonavitta (@FelicitasBV) <a href=\"https:\/\/twitter.com\/FelicitasBV\/status\/1979663722483482772?ref_src=twsrc%5Etfw\">October 18, 2025<\/a><\/blockquote><script async src=\"https:\/\/platform.twitter.com\/widgets.js\" charset=\"utf-8\"><\/script>\n<\/div><\/figure>\n\n\n\n<p>Exigimos que el ministro Mario\u202fCuneo\u202fLibarona \u2014y todo funcionario responsable de la cadena penitenciaria y judicial\u2014 salga a decir d\u00f3nde lo tienen, por qu\u00e9 lo movieron sin aviso, y cu\u00e1l es el estado real de su salud. Que se dejen de silencios y misterios: en democracia la opacidad es un peligro.<br \/><br \/>Que la prensa, los partidos y la sociedad civil acompa\u00f1en este reclamo: la transparencia no puede depender de favores ni de favores ocultos. Y que el sistema penitenciario y judicial sepa que estamos atentos.<br \/><br \/>En definitiva: que Diego\u202fBrancatelli y otros periodistas, que tanto se preguntan \u201c\u00bfqu\u00e9 les pasa a los poderosos?\u201d, empiecen por preguntarse lo mismo: \u00bfqu\u00e9 le pasa al sistema que un hombre privado de la libertad puede desaparecer sin que nadie lo sepa? Porque la respuesta quiz\u00e1 revele m\u00e1s de lo que aparenta.<\/p>\n","protected":false},"excerpt":{"rendered":"<p>Por estas horas se enfrenta un hecho que estremece los fundamentos institucionales de nuestro pa\u00eds por su gravedad: el empresario condenado L\u00e1zaro B\u00e1ez sigue sin que su ubicaci\u00f3n sea clara para su familia, sus abogados y la opini\u00f3n p\u00fablica. Es muy grave que en pleno siglo xxi, en un pa\u00eds que dice aspirar a la&#8230;<\/p>\n","protected":false},"author":12,"featured_media":9981,"comment_status":"open","ping_status":"open","sticky":false,"template":"","format":"standard","meta":{"_monsterinsights_skip_tracking":false,"_monsterinsights_sitenote_active":false,"_monsterinsights_sitenote_note":"","_monsterinsights_sitenote_category":0,"footnotes":"","jetpack_publicize_message":"","jetpack_publicize_feature_enabled":true,"jetpack_social_post_already_shared":true,"jetpack_social_options":{"image_generator_settings":{"template":"highway","default_image_id":0,"font":"","enabled":false},"version":2}},"categories":[2],"tags":[],"class_list":["post-9982","post","type-post","status-publish","format-standard","has-post-thumbnail","hentry","category-politica"],"jetpack_publicize_connections":[],"_links":{"self":[{"href":"https:\/\/www.enorsai.com\/noticias\/wp-json\/wp\/v2\/posts\/9982","targetHints":{"allow":["GET"]}}],"collection":[{"href":"https:\/\/www.enorsai.com\/noticias\/wp-json\/wp\/v2\/posts"}],"about":[{"href":"https:\/\/www.enorsai.com\/noticias\/wp-json\/wp\/v2\/types\/post"}],"author":[{"embeddable":true,"href":"https:\/\/www.enorsai.com\/noticias\/wp-json\/wp\/v2\/users\/12"}],"replies":[{"embeddable":true,"href":"https:\/\/www.enorsai.com\/noticias\/wp-json\/wp\/v2\/comments?post=9982"}],"version-history":[{"count":2,"href":"https:\/\/www.enorsai.com\/noticias\/wp-json\/wp\/v2\/posts\/9982\/revisions"}],"predecessor-version":[{"id":9984,"href":"https:\/\/www.enorsai.com\/noticias\/wp-json\/wp\/v2\/posts\/9982\/revisions\/9984"}],"wp:featuredmedia":[{"embeddable":true,"href":"https:\/\/www.enorsai.com\/noticias\/wp-json\/wp\/v2\/media\/9981"}],"wp:attachment":[{"href":"https:\/\/www.enorsai.com\/noticias\/wp-json\/wp\/v2\/media?parent=9982"}],"wp:term":[{"taxonomy":"category","embeddable":true,"href":"https:\/\/www.enorsai.com\/noticias\/wp-json\/wp\/v2\/categories?post=9982"},{"taxonomy":"post_tag","embeddable":true,"href":"https:\/\/www.enorsai.com\/noticias\/wp-json\/wp\/v2\/tags?post=9982"}],"curies":[{"name":"wp","href":"https:\/\/api.w.org\/{rel}","templated":true}]}}