{"id":9976,"date":"2025-10-19T10:37:50","date_gmt":"2025-10-19T13:37:50","guid":{"rendered":"https:\/\/www.enorsai.com\/noticias\/?p=9976"},"modified":"2025-10-19T10:38:31","modified_gmt":"2025-10-19T13:38:31","slug":"patricia-bullrich-acorralada-las-pruebas-confirman-su-vinculo-con-fred-machado-y-la-familia-bada-vazquez","status":"publish","type":"post","link":"https:\/\/www.enorsai.com\/noticias\/politica\/patricia-bullrich-acorralada-las-pruebas-confirman-su-vinculo-con-fred-machado-y-la-familia-bada-vazquez\/","title":{"rendered":"Patricia Bullrich acorralada: Las pruebas confirman su v\u00ednculo con Fred Machado y la familia Bada V\u00e1zquez"},"content":{"rendered":"\n<p>\u201cLa relaci\u00f3n existe, la conocemos\u201d. Con esa frase, un dirigente del Consejo Directivo de la Asociaci\u00f3n de Trabajadores de la Industria L\u00e1ctea de la Rep\u00fablica Argentina (ATILRA) sintetiz\u00f3 lo que durante a\u00f1os se supo en los pasillos de la industria: los lazos entre la empresa L\u00e1cteos Vidal, la familia Bada V\u00e1zquez, y el empresario Federico \u201cFred\u201d Machado \u2014acusado de lavado de activos y narcotr\u00e1fico\u2014 eran algo m\u00e1s que simples rumores. Hoy, las pruebas que empiezan a salir a la luz vuelven a poner en el centro de la escena a la ministra de Seguridad, Patricia Bullrich, y abren un nuevo frente judicial y pol\u00edtico que amenaza con extenderse a la alianza oficialista.<\/p>\n\n\n\n<p>El gremio l\u00e1cteo lleva tiempo denunciando las maniobras de la empresa, a la que acusa de violar convenios laborales, eludir impuestos y triangular dinero a trav\u00e9s de sociedades vinculadas con el exterior. Pero el esc\u00e1ndalo tom\u00f3 una nueva dimensi\u00f3n cuando se revelaron transferencias bancarias entre L\u00e1cteos Vidal y firmas ligadas a Machado, quien ser\u00e1 extraditado a Estados Unidos por delitos de narcotr\u00e1fico y fraude financiero. En los registros internacionales aparecen giros por montos que van desde los 20 mil hasta los 400 mil d\u00f3lares hacia Wright Brothers Capital, una compa\u00f1\u00eda bajo investigaci\u00f3n por lavado.<\/p>\n\n\n\n<p>En este contexto, ATILRA sostuvo que no se trata de un descubrimiento reciente: \u201cHace tiempo sabemos qui\u00e9nes son y c\u00f3mo operan\u201d, expres\u00f3 uno de sus representantes. Desde el sindicato remarcan que los v\u00ednculos empresariales entre la familia Bada V\u00e1zquez y los entornos pol\u00edticos de Bullrich \u201cno son nuevos, sino estructurales\u201d, y que ya fueron expuestos en distintos conflictos laborales, como el enfrentamiento entre el gremio y el Movimiento Empresarial Antibloqueo, organizaci\u00f3n que cuenta con la simpat\u00eda de la actual ministra de Seguridad.<\/p>\n\n\n\n<p>Bullrich, por su parte, neg\u00f3 cualquier relaci\u00f3n con los involucrados. \u201cEs absolutamente falso que Bada V\u00e1zquez financiara a nadie, no tiene nada que ver con nada\u201d, declar\u00f3 al ser consultada por los aportes que la empresa habr\u00eda realizado a su campa\u00f1a electoral en 2023. Sin embargo, en los registros de la C\u00e1mara Nacional Electoral figuran transferencias realizadas por la firma vinculada a la familia Bada V\u00e1zquez hacia la coalici\u00f3n que lideraba la hoy ministra, lo que genera sospechas sobre un posible financiamiento irregular.<\/p>\n\n\n\n<p>A ello se suman tres denuncias presentadas ante la Justicia: una en los tribunales de San Isidro, otra en la Justicia Electoral y una tercera pendiente de sorteo en Comodoro Py. Todas apuntan a investigar la red de v\u00ednculos entre Fred Machado, L\u00e1cteos Vidal y Patricia Bullrich. La l\u00ednea de investigaci\u00f3n busca determinar si existi\u00f3 un esquema de lavado de dinero canalizado a trav\u00e9s de la empresa l\u00e1ctea y de campa\u00f1as pol\u00edticas de Juntos por el Cambio.<\/p>\n\n\n\n<p>La trama se complejiza a\u00fan m\u00e1s cuando se recuerda que Machado tambi\u00e9n fue se\u00f1alado como financista de la campa\u00f1a presidencial de Jos\u00e9 Luis Espert en 2019, un dirigente hoy alineado con Bullrich dentro del oficialismo. Las conexiones entre ambos espacios pol\u00edticos y los mismos empresarios sugieren un patr\u00f3n de relaciones que trasciende coyunturas electorales. \u201cSi hablo, se cae el pa\u00eds\u201d, habr\u00eda dicho el propio Machado horas antes de su extradici\u00f3n, seg\u00fan relat\u00f3 la periodista Caro Fern\u00e1ndez en <em>Splendid AM 990<\/em>.<\/p>\n\n\n\n<p>El caso de L\u00e1cteos Vidal, por su parte, no es nuevo en el radar de la justicia laboral ni de los medios. La empresa fue denunciada por persecuci\u00f3n sindical, explotaci\u00f3n de trabajadores y resistencia a acatar fallos judiciales que ordenaban reincorporaciones. En ese marco, las denuncias de ATILRA sobre posibles maniobras de lavado cobran un sentido mayor: el conflicto no era solo gremial, sino tambi\u00e9n econ\u00f3mico y pol\u00edtico.<\/p>\n\n\n\n<p>Mientras tanto, la ministra Bullrich intenta despegarse. Sus voceros sostienen que no existi\u00f3 v\u00ednculo personal ni comercial con los acusados, y que las denuncias forman parte de una \u201coperaci\u00f3n pol\u00edtica\u201d. Pero los hechos la contradicen: los registros electorales, las transferencias bancarias y las declaraciones p\u00fablicas de empresarios y sindicalistas muestran una trama donde los intereses se cruzan con la impunidad.<\/p>\n\n\n\n<p>En un pa\u00eds donde la frontera entre la pol\u00edtica y los negocios suele difuminarse, el caso Bullrich-Machado-Bada V\u00e1zquez reaviva un debate inc\u00f3modo sobre el financiamiento de la pol\u00edtica, la penetraci\u00f3n del narcotr\u00e1fico en sectores empresariales y la falta de controles efectivos del Estado. El poder econ\u00f3mico y el poder pol\u00edtico parecen, una vez m\u00e1s, mezclarse en un c\u00f3ctel explosivo donde las responsabilidades se diluyen y las lealtades se compran.<\/p>\n\n\n\n<p>\u201cLa relaci\u00f3n existe, la conocemos\u201d, repiten en los pasillos de ATILRA. Lo que antes era un secreto a voces hoy est\u00e1 respaldado por pruebas, denuncias y testimonios. Y mientras la Justicia avanza lentamente, la sospecha ya se instal\u00f3: \u00bfcu\u00e1nto sab\u00eda Patricia Bullrich y hasta d\u00f3nde llegan los tent\u00e1culos de Fred Machado en el coraz\u00f3n del poder libertario?<\/p>\n\n\n\n<hr class=\"wp-block-separator has-alpha-channel-opacity\"\/>\n\n\n\n<p><strong>Fuentes consultadas:<\/strong><\/p>\n\n\n\n<ul class=\"wp-block-list\">\n<li>P\u00e1gina 12 \u2014 <em>\u201cLas pruebas que complican a Patricia Bullrich en su v\u00ednculo con Machado y los Bada V\u00e1zquez\u201d<\/em> (17\/10\/2025): https:\/\/www.pagina12.com.ar\/866634-las-pruebas-que-complican-a-patricia-bullrich-en-su-vinculo-<\/li>\n\n\n\n<li>ElDiarioAR \u2014 <em>\u201cBullrich busc\u00f3 despegarse del v\u00ednculo entre L\u00e1cteos Vidal y Fred Machado\u201d<\/em> (18\/10\/2025): https:\/\/www.eldiarioar.com\/politica\/bullrich-busco-despegarse-vinculo-empresa-lacteos-vidal-conecta-fred-machado_1_12693229.html<\/li>\n\n\n\n<li>Tiempo Argentino \u2014 <em>\u201cTres pedidos en la Justicia para investigar el nexo entre Machado, L\u00e1cteos Vidal y Patricia Bullrich\u201d<\/em> (18\/10\/2025): https:\/\/www.tiempoar.com.ar\/ta_article\/tres-pedidos-en-la-justicia-para-que-se-investigue-el-nexo-entre-machado-lacteos-vidal-y-patricia-bullrich\/<\/li>\n\n\n\n<li>La Naci\u00f3n \u2014 <em>\u201cATILRA apunt\u00f3 contra L\u00e1cteos Vidal por presuntos v\u00ednculos con Fred Machado\u201d<\/em> (15\/10\/2025): https:\/\/www.lanacion.com.ar\/economia\/campo\/traiganme-la-transferencia-atilra-apunto-contra-lacteos-vidal-por-presuntos-vinculos-con-fred-nid15102025\/<\/li>\n\n\n\n<li>AM 990 Splendid \u2014 Caro Fern\u00e1ndez, <em>\u201cNo me dejes solo: el ruego de Fred Machado y la cr\u00f3nica de sus \u00faltimas horas antes de la extradici\u00f3n\u201d<\/em> (19\/10\/2025): https:\/\/noticiasargentinas.com\/politica\/-no-me-dejes-solo&#8212;el-ruego-de-fred-machado-y-la-cronica-de-sus-ultimas-horas-antes-de-la-extradicion_a68f4d247e28d615c11c2c513<\/li>\n\n\n\n<li>ANRed \u2014 <em>\u201cNarco-capitalismo: el entramado de dinero, represi\u00f3n y coca\u00edna que une a Espert, Bullrich y el poder empresario en Argentina\u201d<\/em> (18\/10\/2025): https:\/\/www.anred.org\/narco-capitalismo-el-entramado-de-dinero-represion-y-cocaina-que-une-a-espert-bullrich-y-el-poder-empresario-en-argentina\/<\/li>\n<\/ul>\n","protected":false},"excerpt":{"rendered":"<p>\u201cLa relaci\u00f3n existe, la conocemos\u201d. Con esa frase, un dirigente del Consejo Directivo de la Asociaci\u00f3n de Trabajadores de la Industria L\u00e1ctea de la Rep\u00fablica Argentina (ATILRA) sintetiz\u00f3 lo que durante a\u00f1os se supo en los pasillos de la industria: los lazos entre la empresa L\u00e1cteos Vidal, la familia Bada V\u00e1zquez, y el empresario Federico&#8230;<\/p>\n","protected":false},"author":3,"featured_media":9977,"comment_status":"open","ping_status":"open","sticky":false,"template":"","format":"standard","meta":{"_monsterinsights_skip_tracking":false,"_monsterinsights_sitenote_active":false,"_monsterinsights_sitenote_note":"","_monsterinsights_sitenote_category":0,"footnotes":"","jetpack_publicize_message":"","jetpack_publicize_feature_enabled":true,"jetpack_social_post_already_shared":true,"jetpack_social_options":{"image_generator_settings":{"template":"highway","default_image_id":0,"font":"","enabled":false},"version":2}},"categories":[2],"tags":[],"class_list":["post-9976","post","type-post","status-publish","format-standard","has-post-thumbnail","hentry","category-politica"],"jetpack_publicize_connections":[],"_links":{"self":[{"href":"https:\/\/www.enorsai.com\/noticias\/wp-json\/wp\/v2\/posts\/9976","targetHints":{"allow":["GET"]}}],"collection":[{"href":"https:\/\/www.enorsai.com\/noticias\/wp-json\/wp\/v2\/posts"}],"about":[{"href":"https:\/\/www.enorsai.com\/noticias\/wp-json\/wp\/v2\/types\/post"}],"author":[{"embeddable":true,"href":"https:\/\/www.enorsai.com\/noticias\/wp-json\/wp\/v2\/users\/3"}],"replies":[{"embeddable":true,"href":"https:\/\/www.enorsai.com\/noticias\/wp-json\/wp\/v2\/comments?post=9976"}],"version-history":[{"count":1,"href":"https:\/\/www.enorsai.com\/noticias\/wp-json\/wp\/v2\/posts\/9976\/revisions"}],"predecessor-version":[{"id":9978,"href":"https:\/\/www.enorsai.com\/noticias\/wp-json\/wp\/v2\/posts\/9976\/revisions\/9978"}],"wp:featuredmedia":[{"embeddable":true,"href":"https:\/\/www.enorsai.com\/noticias\/wp-json\/wp\/v2\/media\/9977"}],"wp:attachment":[{"href":"https:\/\/www.enorsai.com\/noticias\/wp-json\/wp\/v2\/media?parent=9976"}],"wp:term":[{"taxonomy":"category","embeddable":true,"href":"https:\/\/www.enorsai.com\/noticias\/wp-json\/wp\/v2\/categories?post=9976"},{"taxonomy":"post_tag","embeddable":true,"href":"https:\/\/www.enorsai.com\/noticias\/wp-json\/wp\/v2\/tags?post=9976"}],"curies":[{"name":"wp","href":"https:\/\/api.w.org\/{rel}","templated":true}]}}