{"id":9973,"date":"2025-10-19T10:10:42","date_gmt":"2025-10-19T13:10:42","guid":{"rendered":"https:\/\/www.enorsai.com\/noticias\/?p=9973"},"modified":"2025-10-19T10:10:49","modified_gmt":"2025-10-19T13:10:49","slug":"fred-machado-amenaza-al-gobierno-si-hablo-se-cae-el-pais","status":"publish","type":"post","link":"https:\/\/www.enorsai.com\/noticias\/politica\/fred-machado-amenaza-al-gobierno-si-hablo-se-cae-el-pais\/","title":{"rendered":"Fred Machado amenaza al Gobierno: \u201cSi hablo, se cae el pa\u00eds\u201d"},"content":{"rendered":"\n<p><strong>(Basado en la cr\u00f3nica realizada por Caro Fern\u00e1ndez, periodista y conductora en Splendid AM 990.<\/strong><\/p>\n\n\n\n<p>La historia de <strong>Federico \u201cFred\u201d Machado<\/strong>, el financista del jet set y de las campa\u00f1as pol\u00edticas, termin\u00f3 en el mismo lugar donde comenz\u00f3: <strong>Viedma<\/strong>, a orillas del r\u00edo Negro. En sus \u00faltimas ocho horas en Argentina, antes de ser extraditado a Estados Unidos por <strong>lavado de activos y narcotr\u00e1fico<\/strong>, el empresario dej\u00f3 una serie de nombres, advertencias y revelaciones que sacuden al poder pol\u00edtico.<\/p>\n\n\n\n<p>La periodista <strong>Caro Fern\u00e1ndez<\/strong>, en una cr\u00f3nica publicada en <em>GPS<\/em>, reconstruy\u00f3 un encuentro cargado de tensi\u00f3n y promesas rotas. \u201c<strong>No me dejes solo<\/strong>\u201d, le rog\u00f3 Machado, consciente de que la <strong>Corte Suprema acababa de habilitar su extradici\u00f3n<\/strong>. La periodista lo describe entre perros, papeles rotos y silencios cargados de amenazas.<\/p>\n\n\n\n<p>\u201c<strong>Si hablo, se cae el pa\u00eds<\/strong>\u201d, le advirti\u00f3 a Fern\u00e1ndez. Esa frase, dicha al borde de su ca\u00edda, encierra m\u00e1s que desesperaci\u00f3n: es una confesi\u00f3n cifrada sobre los v\u00ednculos pol\u00edticos, empresariales y financieros que lo sostuvieron durante a\u00f1os. Entre los nombres que pronunci\u00f3, aparecen <strong>Jos\u00e9 Luis Espert, Patricia Bullrich, Alberto Weretilneck, Claudio Cicarelli<\/strong> y <strong>Santiago Caputo<\/strong>, el estratega del gobierno libertario.<\/p>\n\n\n\n<p>Fred Machado no fue un empresario marginal. Fue un engranaje fundamental de un circuito financiero que mezclaba <strong>aviones, campa\u00f1as electorales y capitales turbios<\/strong>. \u201cVendi\u00f3 m\u00e1s de 50 aeronaves en Argentina\u201d, detalla Fern\u00e1ndez, citando a compradores como <strong>el Grupo Neuss, el Grupo Fr\u00e1vega, Ricardo Fort y Sergio Mastropietro<\/strong>, este \u00faltimo vinculado a <strong>MACAIR<\/strong>, la aerol\u00ednea de la familia <strong>Macri<\/strong>.<\/p>\n\n\n\n<p>El nombre de <strong>L\u00e1cteos Vidal<\/strong> tambi\u00e9n aparece en su entramado. La periodista documenta una triangulaci\u00f3n millonaria entre empresas de Machado, <strong>Transportes El Nacional<\/strong> \u2014propiedad de <strong>Alejandra Bada V\u00e1zquez y Cecilia Roncero<\/strong>\u2014 y los <strong>aportes a la campa\u00f1a presidencial de Patricia Bullrich<\/strong> en 2023. Seg\u00fan los registros citados, <strong>al menos 215.000 d\u00f3lares<\/strong> habr\u00edan fluido hacia la candidata a trav\u00e9s de una ingenier\u00eda financiera dise\u00f1ada para borrar rastros.<\/p>\n\n\n\n<p>El v\u00ednculo se refuerza con la sociedad <strong>Eco Friendly<\/strong>, constituida por <strong>Claudio Cicarelli<\/strong>, primo y presunto testaferro de Machado, y la propia Roncero. Ese esquema empresarial \u2014aparentemente ecol\u00f3gico\u2014 ser\u00eda la fachada de una red de lavado con ramificaciones pol\u00edticas.<\/p>\n\n\n\n<p>Machado desembarc\u00f3 en Argentina en 2016, durante el gobierno de <strong>Mauricio Macri<\/strong>. Su expansi\u00f3n coincidi\u00f3 con la gesti\u00f3n de <strong>Patricia Bullrich<\/strong> como ministra de Seguridad y el poder de <strong>Mastropietro<\/strong> en la aviaci\u00f3n civil. Fern\u00e1ndez escribe que ese contexto \u201c<strong>le permiti\u00f3 operar dentro del sistema aeron\u00e1utico argentino con respaldo local y acceso a infraestructura clave<\/strong>\u201d.<\/p>\n\n\n\n<p>En ese mismo per\u00edodo, seg\u00fan la periodista, <strong>Machado conoci\u00f3 a Espert<\/strong>. Lo acompa\u00f1\u00f3 en la campa\u00f1a de 2019 y lo financi\u00f3 generosamente. Pero la relaci\u00f3n termin\u00f3 mal. \u201c<strong>Espert no tendr\u00eda que haberme negado<\/strong>\u201d, repiti\u00f3 una y otra vez, mientras romp\u00eda un documento frente a Fern\u00e1ndez. \u201c<strong>Una sola persona tiene ese contrato<\/strong>\u201d, agreg\u00f3 antes de destruirlo.<\/p>\n\n\n\n<p>Su decepci\u00f3n no se limit\u00f3 al economista liberal. Tambi\u00e9n apunt\u00f3 al entorno libertario: \u201c<strong>Le mand\u00e9 un mensaje a Santiago Caputo. Le dije: \u2018Yo no quiero ir a Estados Unidos. Si esto explota, yo fundo todo. Yo hablo y se cae el pa\u00eds ma\u00f1ana\u2019. La respuesta fue: \u2018Mensaje recibido\u2019<\/strong>\u201d. La periodista no encontr\u00f3 bravura en sus palabras, sino miedo y conciencia del poder que hab\u00eda perdido.<\/p>\n\n\n\n<p>En su provincia natal, el caso desat\u00f3 un terremoto. <strong>Alberto Weretilneck<\/strong>, gobernador de R\u00edo Negro, neg\u00f3 cualquier v\u00ednculo con Machado, pero el empresario lo desminti\u00f3 categ\u00f3ricamente. Fern\u00e1ndez detalla que <strong>Claudio Cicarelli<\/strong>, socio y presunto testaferro de Machado, fue empleado del bloque oficialista provincial y beneficiario de <strong>licencias mineras otorgadas por la Secretar\u00eda de Energ\u00eda<\/strong>, a cargo de <strong>Andrea Confini<\/strong>, pareja del gobernador.<\/p>\n\n\n\n<p>La conexi\u00f3n llega hasta el gobierno nacional. <strong>Hern\u00e1n N\u00fa\u00f1ez<\/strong>, funcionario del <strong>Ministerio de Capital Humano<\/strong>, figura como <strong>socio de Cicarelli en Gold and Sand<\/strong>, empresa que obtuvo <strong>tierras fiscales y permisos de explotaci\u00f3n minera<\/strong>. Seg\u00fan la periodista, la candidata libertaria <strong>Lorena Villaverde<\/strong>, actual pareja de Cicarelli, es el nexo que une a Machado con el oficialismo de <strong>Javier Milei<\/strong>.<\/p>\n\n\n\n<p>Fern\u00e1ndez narra el final con precisi\u00f3n cinematogr\u00e1fica. Una <strong>camioneta azul<\/strong> se detiene frente a la casa de Viedma. Polic\u00edas con chalecos antibalas forman un c\u00edrculo. Machado abraza a sus perros y le dice a la periodista: \u201c<strong>Gracias por todo<\/strong>\u201d. Minutos despu\u00e9s es detenido.<\/p>\n\n\n\n<p>\u201c<strong>No se fug\u00f3 porque no quiso, o porque ten\u00eda un pacto que no cumplieron<\/strong>\u201d, reflexiona Fern\u00e1ndez. El financista cay\u00f3, pero su ca\u00edda arrastra una red que sigue viva: empresarios, pol\u00edticos, intermediarios y funcionarios que se enriquecieron al calor del dinero sucio. Su amenaza \u2014\u201c<strong>Si hablo, se cae el pa\u00eds<\/strong>\u201d\u2014 no es s\u00f3lo un gesto de soberbia: es la confirmaci\u00f3n de que <strong>el poder pol\u00edtico y el dinero narco se tocaron m\u00e1s de lo que nadie quiere admitir<\/strong>.<\/p>\n\n\n\n<p>Caro Fern\u00e1ndez cierra su nota con una imagen que vale por mil documentos: \u201c<strong>El r\u00edo Negro, hoy m\u00e1s negro que nunca, develar\u00e1 m\u00e1s de un entramado nacional y provincial. El sol no se tapa con la mano, y esta no ser\u00e1 la excepci\u00f3n<\/strong>\u201d.<\/p>\n\n\n\n<p>Fuente<\/p>\n\n\n\n<p>Fern\u00e1ndez, Caro. \u201c<em>\u2018No me dejes solo\u2019: el ruego de Fred Machado y la cr\u00f3nica de sus \u00faltimas horas antes de la extradici\u00f3n<\/em>\u201d. <em>GPS<\/em>, 19 de octubre de 2025. https:\/\/noticiasargentinas.com\/politica\/-no-me-dejes-solo&#8212;el-ruego-de-fred-machado-y-la-cronica-de-sus-ultimas-horas-antes-de-la-extradicion_a68f4d247e28d615c11c2c513<\/p>\n","protected":false},"excerpt":{"rendered":"<p>(Basado en la cr\u00f3nica realizada por Caro Fern\u00e1ndez, periodista y conductora en Splendid AM 990. La historia de Federico \u201cFred\u201d Machado, el financista del jet set y de las campa\u00f1as pol\u00edticas, termin\u00f3 en el mismo lugar donde comenz\u00f3: Viedma, a orillas del r\u00edo Negro. En sus \u00faltimas ocho horas en Argentina, antes de ser extraditado&#8230;<\/p>\n","protected":false},"author":9,"featured_media":9974,"comment_status":"open","ping_status":"open","sticky":false,"template":"","format":"standard","meta":{"_monsterinsights_skip_tracking":false,"_monsterinsights_sitenote_active":false,"_monsterinsights_sitenote_note":"","_monsterinsights_sitenote_category":0,"footnotes":"","jetpack_publicize_message":"","jetpack_publicize_feature_enabled":true,"jetpack_social_post_already_shared":true,"jetpack_social_options":{"image_generator_settings":{"template":"highway","default_image_id":0,"font":"","enabled":false},"version":2}},"categories":[2],"tags":[],"class_list":["post-9973","post","type-post","status-publish","format-standard","has-post-thumbnail","hentry","category-politica"],"jetpack_publicize_connections":[],"_links":{"self":[{"href":"https:\/\/www.enorsai.com\/noticias\/wp-json\/wp\/v2\/posts\/9973","targetHints":{"allow":["GET"]}}],"collection":[{"href":"https:\/\/www.enorsai.com\/noticias\/wp-json\/wp\/v2\/posts"}],"about":[{"href":"https:\/\/www.enorsai.com\/noticias\/wp-json\/wp\/v2\/types\/post"}],"author":[{"embeddable":true,"href":"https:\/\/www.enorsai.com\/noticias\/wp-json\/wp\/v2\/users\/9"}],"replies":[{"embeddable":true,"href":"https:\/\/www.enorsai.com\/noticias\/wp-json\/wp\/v2\/comments?post=9973"}],"version-history":[{"count":1,"href":"https:\/\/www.enorsai.com\/noticias\/wp-json\/wp\/v2\/posts\/9973\/revisions"}],"predecessor-version":[{"id":9975,"href":"https:\/\/www.enorsai.com\/noticias\/wp-json\/wp\/v2\/posts\/9973\/revisions\/9975"}],"wp:featuredmedia":[{"embeddable":true,"href":"https:\/\/www.enorsai.com\/noticias\/wp-json\/wp\/v2\/media\/9974"}],"wp:attachment":[{"href":"https:\/\/www.enorsai.com\/noticias\/wp-json\/wp\/v2\/media?parent=9973"}],"wp:term":[{"taxonomy":"category","embeddable":true,"href":"https:\/\/www.enorsai.com\/noticias\/wp-json\/wp\/v2\/categories?post=9973"},{"taxonomy":"post_tag","embeddable":true,"href":"https:\/\/www.enorsai.com\/noticias\/wp-json\/wp\/v2\/tags?post=9973"}],"curies":[{"name":"wp","href":"https:\/\/api.w.org\/{rel}","templated":true}]}}