{"id":9966,"date":"2025-10-19T02:15:13","date_gmt":"2025-10-19T05:15:13","guid":{"rendered":"https:\/\/www.enorsai.com\/noticias\/?p=9966"},"modified":"2025-10-19T10:03:54","modified_gmt":"2025-10-19T13:03:54","slug":"del-discurso-al-crimen-el-libertarismo-mata-y-esta-a-la-vista-de-todos","status":"publish","type":"post","link":"https:\/\/www.enorsai.com\/noticias\/politica\/del-discurso-al-crimen-el-libertarismo-mata-y-esta-a-la-vista-de-todos\/","title":{"rendered":"Del discurso al crimen: El libertarismo mata, y est\u00e1 a la vista de todos"},"content":{"rendered":"\n<p><strong><em>En apenas unas semanas, tres episodios de violencia extrema protagonizados por militantes identificados con el ideario libertario dejaron al descubierto una realidad innegable: la pr\u00e9dica del odio y la deshumanizaci\u00f3n no es inocua, tiene consecuencias sangrientas. Lo que se presentaba como una \u201crevoluci\u00f3n cultural\u201d contra la \u201ccasta\u201d termin\u00f3 convertida en un caldo de cultivo para el fanatismo, la misoginia y la violencia.<br><\/em><\/strong><br>El primer caso que mencionaremos es el de <strong>Pablo Laurta<\/strong>, un hombre que se defin\u00eda en redes como \u201clibertario, antifeminista y enemigo del Estado\u201d. Fue detenido en Gualeguaych\u00fa tras ser acusado del doble femicidio de su expareja, Luna Giardina, y de su exsuegra, Mariel Zamudio, en C\u00f3rdoba. Seg\u00fan las pericias, las atac\u00f3 a cuchilladas y luego huy\u00f3 con su hijo de cinco a\u00f1os hasta ser capturado. En su fuga, un chofer que lo hab\u00eda ayudado apareci\u00f3 mutilado en Entre R\u00edos. Laurta era parte de grupos digitales de ultraderecha que exaltaban la violencia contra las mujeres y se autoproclamaban \u201cdefensores de la libertad\u201d. La justicia ya hab\u00eda recibido denuncias previas por violencia de g\u00e9nero, pero una pericia estatal lo hab\u00eda declarado \u201cno peligroso\u201d. Hoy, tres personas est\u00e1n muertas y un ni\u00f1o qued\u00f3 hu\u00e9rfano de madre y abuela.<br><br>Mientras el pa\u00eds segu\u00eda conmovido por ese crimen, otro episodio \u2014en plena campa\u00f1a presidencial\u2014 expuso la misma ra\u00edz ideol\u00f3gica. En Tres de Febrero, <strong>Annabel Natalia Ilarraz<\/strong>, de 50 a\u00f1os, irrumpi\u00f3 en un acto de Javier Milei con un cuchillo t\u00e1ctico militar e intent\u00f3 apu\u00f1alar al fot\u00f3grafo Antonio Becerra, quien ya hab\u00eda sido hostigado por el asesor presidencial Santiago Caputo en otra cobertura. La agresora grit\u00f3 insultos pol\u00edticos, persigui\u00f3 al reportero dentro de un supermercado y fue reducida por el personal de seguridad. El hecho, grabado por testigos, mostr\u00f3 hasta qu\u00e9 punto la violencia se naturaliz\u00f3 en el entorno libertario: una militante dispuesta a atacar f\u00edsicamente a un trabajador de prensa por el solo hecho de registrar un acto pol\u00edtico.<br><br>Pero no debemos dejar de mencionar, en esta seguidilla de locura ideol\u00f3gica, cuando se profundiza el horror al extremo. Nos referimos al triple femicidio de Florencio Varela, que conmovi\u00f3 a todo el pa\u00eds. Tres j\u00f3venes \u2014Brenda del Castillo (20), Morena Verri (20) y Lara Guti\u00e9rrez (15)\u2014 fueron enga\u00f1adas con la promesa de dinero f\u00e1cil asistiendo a una fiesta. El final por todos conocidos, fuerontorturadas y asesinadas en una casa vinculada a una red narco. D\u00edas despu\u00e9s, las investigaciones apuntaron a <strong>Mat\u00edas Agust\u00edn Ozorio<\/strong>, detenido en Lima (Per\u00fa) junto a Tony Janzen Valverde, alias \u201cPeque\u00f1o J\u201d, presunto ide\u00f3logo del crimen y jefe narco de la villa 1-11-14. Seg\u00fan public\u00f3 La Pol\u00edtica Online, Ozorio fue identificado por familiares como un ferviente seguidor de Javier Milei que cay\u00f3 en la ruina econ\u00f3mica tras invertir en la criptomoneda Libra, promocionada por el propio presidente en redes sociales y hoy bajo investigaci\u00f3n judicial por estafa en Argentina y Estados Unidos.<\/p>\n\n\n\n<figure class=\"wp-block-embed is-type-rich is-provider-twitter wp-block-embed-twitter\"><div class=\"wp-block-embed__wrapper\">\n<blockquote class=\"twitter-tweet\" data-width=\"550\" data-dnt=\"true\"><p lang=\"es\" dir=\"ltr\">Les recuerdo que un activo militante libertario llamado Laurta fue detenido y est\u00e1 acusado de matar a dos mujeres en C\u00f3rdoba (su ex pareja y su suegra) y a un hombre que lo llev\u00f3 en auto y apareci\u00f3 descuartizado en Entre R\u00edos.<br>El libertarismo mata y est\u00e1 a la vista de todos.<\/p>&mdash; Juan Alonso (@jotaalonso) <a href=\"https:\/\/twitter.com\/jotaalonso\/status\/1979612333640233211?ref_src=twsrc%5Etfw\">October 18, 2025<\/a><\/blockquote><script async src=\"https:\/\/platform.twitter.com\/widgets.js\" charset=\"utf-8\"><\/script>\n<\/div><\/figure>\n\n\n\n<p><br>\u201c\u00c9l es muy libertario, cien por ciento. Defiende a Milei cien por ciento. Apenas Milei subi\u00f3 eso, \u00e9l empez\u00f3\u201d, relat\u00f3 una familiar de Ozorio al medio digital. Tambi\u00e9n cont\u00f3 que el joven \u201cdeb\u00eda mucha plata\u201d y que se meti\u00f3 \u201cen el mundo narco apremiado por deudas que ten\u00eda por inversiones fallidas con criptomonedas\u201d. El propio Ozorio, al ser detenido, declar\u00f3 que lo llevaron \u201cde enga\u00f1o\u201d a Per\u00fa \u201cunos narcos mafiosos a quienes les deb\u00eda plata\u201d. La ruina financiera deriv\u00f3 en una tragedia espantosa, uniendo la estafa financiera con la violencia extrema.<br><br>Tres casos, tres escenarios distintos y una misma matriz ideol\u00f3gica: hombres y mujeres absorbidos por un discurso que glorifica la libertad individual como licencia para el desprecio. Laurta, Ilarraz y Ozorio son los frutos m\u00e1s podridos de una pr\u00e9dica pol\u00edtica que banaliza la violencia, niega el feminicidio, insulta a los periodistas y desprecia el Estado. Pero este clima no surge de la nada: nace desde arriba, desde el propio v\u00e9rtice del poder.<br><br>El presidente Javier Milei ha hecho del insulto una herramienta de gobierno. Llam\u00f3 \u201cratas humanas\u201d a quienes se manifestaron contra sus pol\u00edticas de ajuste; tild\u00f3 de \u201cbestias adoctrinadas\u201d a los docentes universitarios; y lleg\u00f3 a decir en televisi\u00f3n que si la oposici\u00f3n \u201cbloquea el cambio, habr\u00e1 que pasarla por arriba\u201d. No son exabruptos aislados, sino un m\u00e9todo: la violencia verbal como forma de liderazgo y la destrucci\u00f3n simb\u00f3lica del adversario como bandera moral. Desde los atriles y las redes, el mandatario moldea una cultura de odio donde todo aquel que disiente es un enemigo y donde la empat\u00eda es vista como debilidad.<\/p>\n\n\n\n<figure class=\"wp-block-embed is-type-video is-provider-youtube wp-block-embed-youtube wp-embed-aspect-16-9 wp-has-aspect-ratio\"><div class=\"wp-block-embed__wrapper\">\n<iframe loading=\"lazy\" title=\"JAVIER MILEI | Los insultos del presidente argentino contra sus adversarios | EL PA\u00cdS\" width=\"640\" height=\"360\" src=\"https:\/\/www.youtube.com\/embed\/YEenwVcbDTE?feature=oembed\" frameborder=\"0\" allow=\"accelerometer; autoplay; clipboard-write; encrypted-media; gyroscope; picture-in-picture; web-share\" referrerpolicy=\"strict-origin-when-cross-origin\" allowfullscreen><\/iframe>\n<\/div><\/figure>\n\n\n\n<p>Como analiz\u00f3 la ling\u00fcista y ensayista <strong>Karina Galper\u00edn<\/strong> en una nota publicada por <em>La Naci\u00f3n<\/em>, Milei ha \u201cdesregulado salvajemente la palabra pol\u00edtica\u201d. En su discurso en Parque Lezama, el presidente pronunci\u00f3 \u2014seg\u00fan un conteo del diario\u2014 veintinueve insultos en setenta minutos: \u201ccasta putrefacta\u201d, \u201censobrados\u201d, \u201cmanga de delincuentes\u201d, \u201cratas miserables\u201d, \u201czurder\u00edo inmundo\u201d. Para Galper\u00edn, Milei convirti\u00f3 \u201cla puteada de Estado en una pol\u00edtica comunicativa sostenida\u201d y con ello rompi\u00f3 el pacto b\u00e1sico de la palabra presidencial: usar el lenguaje para representar, no para degradar. \u201cEl insulto es violencia contra otro \u2014dijo\u2014: es lo que hace Milei\u201d.<\/p>\n\n\n\n<p>El fil\u00f3sofo <strong>Alejandro Katz<\/strong> y el soci\u00f3logo <strong>Pablo Sem\u00e1n<\/strong> coincidieron en el diagn\u00f3stico: la violencia verbal del presidente est\u00e1 construyendo una cultura pol\u00edtica iliberal. Katz advirti\u00f3 que Milei \u201cpropone un universo donde se superponen la violencia verbal, la gestual y la gubernamental\u201d y que \u201cexhibe satisfacci\u00f3n en la producci\u00f3n de dolor\u201d, incluso cuando aprueba medidas que perjudican a la sociedad. Sem\u00e1n, por su parte, se\u00f1al\u00f3 que esa violencia discursiva \u201cactiva en los j\u00f3venes un nivel de agresividad que antes estaba limitado al \u00e1mbito digital\u201d. El insulto, convertido en lenguaje de Estado, se traduce en una pedagog\u00eda del odio que permea todos los niveles sociales.<br><br>Cuando el presidente de la Naci\u00f3n legitima la violencia con sus palabras, cuando su entorno multiplica el desprecio desde los medios y las redes, el resultado es previsible: ciudadanos convencidos de que atacar, perseguir o incluso matar es una forma v\u00e1lida de defender sus ideas. La l\u00ednea que separa el discurso del crimen se vuelve cada vez m\u00e1s delgada. El libertarismo argentino, m\u00e1s que una corriente ideol\u00f3gica, se ha transformado en una maquinaria de odio que destruye todo lo que toca. Detr\u00e1s del relato de la \u201clibertad\u201d, lo que asoma es el desquicio social, la crueldad como bandera y una impunidad alentada desde el poder. Los cr\u00edmenes ya no son met\u00e1foras ni desbordes individuales: son s\u00edntomas de un proyecto que desmantela la empat\u00eda, demoniza al otro y convierte el discurso violento en sentido com\u00fan.<br><br>En s\u00edntesis, tal como escribi\u00f3 el periodista Juan Alonso en su red social de X, \u00abel libertarismo mata, y est\u00e1 a la vista de todos.\u00bb<br><br><strong>Fuentes consultadas:<\/strong><\/p>\n\n\n\n<p>Alonso, Juan. (@jotaalonso). \u201cEl libertarismo mata, y est\u00e1 a la vista de todos\u201d. <em>X<\/em>, 16 oct 2025, https:\/\/x.com\/jotaalonso\/status\/1979612333640233211 (consultado 19 oct 2025).<br><br>Rolling Stone \u2013 \u201cEl acusado del doble femicidio en Argentina se presentaba como libertario y militante antifeminista\u201d:<br>https:\/\/es.rollingstone.com\/arg-doble-femicidio-en-argentina-el-acusado-se-presentaba-como-libertario-y-militante-antifeminista\/<br><br>Perfil \u2013 \u201cQui\u00e9n es Pablo Laurta, el antifeminista creador de \u2018Varones Unidos\u2019 detenido por el doble femicidio\u201d:<br>https:\/\/www.perfil.com\/noticias\/policia\/quien-es-pablo-laurta-el-antifeminista-creador-de-varones-unidos-detenido-por-el-doble-femicidio-y-el-secuestro-de-su-hijo-en-cordoba.phtml<br><br>Infobae \u2013 \u201cDetuvieron a una mujer por agredir con un cuchillo a un fot\u00f3grafo durante el acto de Milei\u201d:<br>https:\/\/www.infobae.com\/sociedad\/policiales\/2025\/10\/18\/detuvieron-a-una-mujer-por-agredir-con-un-cuchillo-a-un-fotografo-durante-el-acto-de-milei-en-tres-de-febrero\/<br><br>La Naci\u00f3n \u2013 \u201cUna mujer con un cuchillo intent\u00f3 atacar a un fot\u00f3grafo durante el acto de Milei\u201d:<br>https:\/\/www.lanacion.com.ar\/politica\/detuvieron-a-una-mujer-con-un-cuchillo-que-intento-atacar-a-un-fotografo-durante-el-acto-de-milei-nid18102025\/<br><br>El Pa\u00eds \u2013 \u201cUn triple feminicidio a manos del narco indigna a Argentina\u201d:<br>https:\/\/elpais.com\/argentina\/2025-09-24\/un-triple-feminicidio-a-manos-del-narco-indigna-a-argentina.html<br><br>La Pol\u00edtica Online \u2013 \u201cEl libertario detenido por el triple crimen perdi\u00f3 todo con la criptomoneda Libra promocionada por Milei\u201d:<br>https:\/\/www.lapoliticaonline.com\/politica\/revelan-que-la-mano-derecha-de-pequeno-j-es-fanatico-de-milei-y-se-fundio-con-libra\/<\/p>\n\n\n\n<p>La Naci\u00f3n \u2013 \u201cUna mujer con un cuchillo intent\u00f3 atacar a un fot\u00f3grafo durante el acto de Milei\u201d:<br>https:\/\/www.lanacion.com.ar\/politica\/detuvieron-a-una-mujer-con-un-cuchillo-que-intento-atacar-a-un-fotografo-durante-el-acto-de-milei-nid18102025\/<\/p>\n\n\n\n<p>La Naci\u00f3n \u2013 \u201cInsultos, agresiones y gritos: c\u00f3mo Milei violent\u00f3 el lenguaje presidencial\u201d, por Luciana V\u00e1zquez:<br>https:\/\/www.lanacion.com.ar\/politica\/insultos-agresiones-y-gritos-como-milei-violento-el-lenguaje-presidencial-nid14102025\/<\/p>\n","protected":false},"excerpt":{"rendered":"<p>En apenas unas semanas, tres episodios de violencia extrema protagonizados por militantes identificados con el ideario libertario dejaron al descubierto una realidad innegable: la pr\u00e9dica del odio y la deshumanizaci\u00f3n no es inocua, tiene consecuencias sangrientas. Lo que se presentaba como una \u201crevoluci\u00f3n cultural\u201d contra la \u201ccasta\u201d termin\u00f3 convertida en un caldo de cultivo para&#8230;<\/p>\n","protected":false},"author":2,"featured_media":9967,"comment_status":"open","ping_status":"open","sticky":false,"template":"","format":"standard","meta":{"_monsterinsights_skip_tracking":false,"_monsterinsights_sitenote_active":false,"_monsterinsights_sitenote_note":"","_monsterinsights_sitenote_category":0,"footnotes":"","jetpack_publicize_message":"","jetpack_publicize_feature_enabled":true,"jetpack_social_post_already_shared":true,"jetpack_social_options":{"image_generator_settings":{"template":"highway","default_image_id":0,"font":"","enabled":false},"version":2}},"categories":[2,4],"tags":[],"class_list":["post-9966","post","type-post","status-publish","format-standard","has-post-thumbnail","hentry","category-politica","category-sociedad"],"jetpack_publicize_connections":[],"_links":{"self":[{"href":"https:\/\/www.enorsai.com\/noticias\/wp-json\/wp\/v2\/posts\/9966","targetHints":{"allow":["GET"]}}],"collection":[{"href":"https:\/\/www.enorsai.com\/noticias\/wp-json\/wp\/v2\/posts"}],"about":[{"href":"https:\/\/www.enorsai.com\/noticias\/wp-json\/wp\/v2\/types\/post"}],"author":[{"embeddable":true,"href":"https:\/\/www.enorsai.com\/noticias\/wp-json\/wp\/v2\/users\/2"}],"replies":[{"embeddable":true,"href":"https:\/\/www.enorsai.com\/noticias\/wp-json\/wp\/v2\/comments?post=9966"}],"version-history":[{"count":3,"href":"https:\/\/www.enorsai.com\/noticias\/wp-json\/wp\/v2\/posts\/9966\/revisions"}],"predecessor-version":[{"id":9972,"href":"https:\/\/www.enorsai.com\/noticias\/wp-json\/wp\/v2\/posts\/9966\/revisions\/9972"}],"wp:featuredmedia":[{"embeddable":true,"href":"https:\/\/www.enorsai.com\/noticias\/wp-json\/wp\/v2\/media\/9967"}],"wp:attachment":[{"href":"https:\/\/www.enorsai.com\/noticias\/wp-json\/wp\/v2\/media?parent=9966"}],"wp:term":[{"taxonomy":"category","embeddable":true,"href":"https:\/\/www.enorsai.com\/noticias\/wp-json\/wp\/v2\/categories?post=9966"},{"taxonomy":"post_tag","embeddable":true,"href":"https:\/\/www.enorsai.com\/noticias\/wp-json\/wp\/v2\/tags?post=9966"}],"curies":[{"name":"wp","href":"https:\/\/api.w.org\/{rel}","templated":true}]}}