{"id":9952,"date":"2025-10-18T21:57:03","date_gmt":"2025-10-19T00:57:03","guid":{"rendered":"https:\/\/www.enorsai.com\/noticias\/?p=9952"},"modified":"2025-10-18T21:57:15","modified_gmt":"2025-10-19T00:57:15","slug":"la-degradacion-del-periodismo-feinmann-y-un-operador-libertario-reciclaron-una-mentira-de-la-ultraderecha-espanola","status":"publish","type":"post","link":"https:\/\/www.enorsai.com\/noticias\/politica\/la-degradacion-del-periodismo-feinmann-y-un-operador-libertario-reciclaron-una-mentira-de-la-ultraderecha-espanola\/","title":{"rendered":"La degradaci\u00f3n del periodismo: Feinmann y un operador libertario reciclaron una mentira de la ultraderecha espa\u00f1ola"},"content":{"rendered":"\n<p>La operaci\u00f3n de prensa que el gobierno de Javier Milei impuls\u00f3 esta semana a trav\u00e9s de Eduardo Feinmann y un ignoto personaje que se presenta como \u201cperiodista\u201d, Pedro Paul\u00edn, revela con claridad el nuevo m\u00e9todo de manipulaci\u00f3n comunicacional oficialista: una red de desinformaci\u00f3n organizada desde los medios aliados para fabricar enemigos, distraer la agenda p\u00fablica y blindar a un gobierno cada vez m\u00e1s cuestionado. Lo que ayer era una simple fake news importada de la ultraderecha espa\u00f1ola, hoy se recicla como contenido \u201cexclusivo\u201d en los programas del prime time libertario, demostrando hasta qu\u00e9 punto el ecosistema medi\u00e1tico del Mile\u00edsmo se transform\u00f3 en una usina de mentiras funcional al poder.<\/p>\n\n\n\n<p>Tal como explicamos en la nota publicada esta ma\u00f1ana en <em>En Orsai<\/em>, titulada <em>\u201cLa verg\u00fcenza de ser Edu y Jonny\u201d<\/em>, la operaci\u00f3n se origina en una noticia falsa difundida por portales vinculados a Vox y a los servicios de inteligencia espa\u00f1oles, que pretend\u00edan asociar a dirigentes progresistas latinoamericanos con financiamiento del chavismo y el narcotr\u00e1fico. Aquella f\u00e1bula, que ya hab\u00eda sido desmentida por la propia justicia espa\u00f1ola y por el testimonio del ex agente Hugo \u201cEl Pollo\u201d Carvajal \u2014quien se retract\u00f3 de sus declaraciones\u2014 fue reeditada por el dueto Feinmann\u2013Paul\u00edn como si se tratara de un hallazgo period\u00edstico reciente. El objetivo: instalar en la opini\u00f3n p\u00fablica una narrativa de corrupci\u00f3n que ensucie al kirchnerismo y distraiga de los esc\u00e1ndalos internos del gobierno libertario.<\/p>\n\n\n\n<p>El procedimiento fue el de siempre: una cuenta an\u00f3nima lanza la desinformaci\u00f3n, un operador marginal (en este caso, Pedro Paul\u00edn) le da un barniz de \u201cinvestigaci\u00f3n internacional\u201d, y los grandes medios del c\u00edrculo oficialista la reproducen sin verificaci\u00f3n alguna. A partir de ah\u00ed, el mensaje se multiplica en redes con la ayuda de trolls y bots del aparato digital libertario, dise\u00f1ados para inflar tendencias y atacar a quienes desmienten la versi\u00f3n oficial. Feinmann, en su papel de vocero de la furia presidencial, act\u00faa como amplificador principal, disfrazando la propaganda de noticia, el guion de an\u00e1lisis y la mentira de informaci\u00f3n. Lo hace con la impunidad de quien sabe que cuenta con la protecci\u00f3n del poder pol\u00edtico y la complicidad de los grandes grupos medi\u00e1ticos que se enriquecen con la pauta oficial.<\/p>\n\n\n\n<figure class=\"wp-block-embed is-type-rich is-provider-twitter wp-block-embed-twitter\"><div class=\"wp-block-embed__wrapper\">\n<blockquote class=\"twitter-tweet\" data-width=\"550\" data-dnt=\"true\"><p lang=\"es\" dir=\"ltr\">Ac\u00e1 la entrevista que nos hizo <a href=\"https:\/\/twitter.com\/edufeiok?ref_src=twsrc%5Etfw\">@edufeiok<\/a> por la investigaci\u00f3n a <a href=\"https:\/\/twitter.com\/JorgeTaiana?ref_src=twsrc%5Etfw\">@JorgeTaiana<\/a> . El candidato que busca derrotar a <a href=\"https:\/\/twitter.com\/JMilei?ref_src=twsrc%5Etfw\">@JMilei<\/a> involucrado en una causa narco. <a href=\"https:\/\/t.co\/wD2cHDUoxO\">https:\/\/t.co\/wD2cHDUoxO<\/a><\/p>&mdash; Pedro Paulin (@pedropaulin) <a href=\"https:\/\/twitter.com\/pedropaulin\/status\/1979356118314029252?ref_src=twsrc%5Etfw\">October 18, 2025<\/a><\/blockquote><script async src=\"https:\/\/platform.twitter.com\/widgets.js\" charset=\"utf-8\"><\/script>\n<\/div><\/figure>\n\n\n\n<p>Pedro Paul\u00edn, el \u201cperiodista\u201d que nadie conoc\u00eda hasta ayer, representa una nueva generaci\u00f3n de operadores medi\u00e1ticos fabricados en serie por el ecosistema libertario. No pude encontrar informaci\u00f3n p\u00fablica verificada que demuestre que Paul\u00edn posea un t\u00edtulo universitario o formaci\u00f3n acad\u00e9mica espec\u00edfica en comunicaci\u00f3n o periodismo. En su perfil de autor en el portal <em>Newstad<\/em> (!?) se presenta como \u201cperiodista y analista pol\u00edtico con m\u00e1s de veinte a\u00f1os de trabajo en los medios\u201d, pero sin detallar estudios formales. En LinkedIn afirma haberse formado \u201cen el Grupo Clar\u00edn y en Canal 13\u201d, y haber pasado por empresas como <em>Prisa, Perfil, Radio Rivadavia<\/em> y <em>MDZ<\/em>. Sin embargo, no figura en ning\u00fan registro de universidades ni consta ninguna titulaci\u00f3n acad\u00e9mica.<\/p>\n\n\n\n<p>Lo curioso es que, de acuerdo con la informaci\u00f3n disponible, Pedro Paul\u00edn naci\u00f3 en 1985. Si realmente tuviera \u201cm\u00e1s de veinte a\u00f1os de experiencia\u201d en los medios, eso implicar\u00eda que comenz\u00f3 su carrera profesional antes de cumplir veinte a\u00f1os, probablemente entre los 15 y los 18. La cronolog\u00eda no cierra. Sus supuestos \u201cveinte a\u00f1os de trayectoria\u201d se diluyen ante la falta de registros concretos de publicaciones, trabajos period\u00edsticos firmados o cargos en medios reconocidos durante esa primera etapa. Todo indica que el relato de su extensa carrera se sostiene m\u00e1s en una construcci\u00f3n discursiva de prestigio que en una trayectoria verificable. Esa discordancia entre los datos p\u00fablicos y su autopromoci\u00f3n profesional refuerza la sospecha de que Paul\u00edn no es un periodista con trayectoria, sino un operador fabricado para cumplir un rol pol\u00edtico dentro de la maquinaria medi\u00e1tica libertaria.<\/p>\n\n\n\n<figure class=\"wp-block-embed is-type-rich is-provider-twitter wp-block-embed-twitter\"><div class=\"wp-block-embed__wrapper\">\n<blockquote class=\"twitter-tweet\" data-width=\"550\" data-dnt=\"true\"><p lang=\"es\" dir=\"ltr\">Otra mentira de estos fantasmas. No me qued\u00e9 callado para nada. De hecho fui yo quien cont\u00f3 que la declaraci\u00f3n de Carvajal Barrios que compartieron como una novedad durante todo el d\u00eda, era en realidad de archivo de Espa\u00f1a. Lo nuevo, cuando ocurra, ser\u00e1 su declaraci\u00f3n en EEUU. No\u2026 <a href=\"https:\/\/t.co\/NCCtW5chcL\">https:\/\/t.co\/NCCtW5chcL<\/a> <a href=\"https:\/\/t.co\/SX3vSE68aK\">pic.twitter.com\/SX3vSE68aK<\/a><\/p>&mdash; Manu Jove (@manujove) <a href=\"https:\/\/twitter.com\/manujove\/status\/1979569426274955616?ref_src=twsrc%5Etfw\">October 18, 2025<\/a><\/blockquote><script async src=\"https:\/\/platform.twitter.com\/widgets.js\" charset=\"utf-8\"><\/script>\n<\/div><\/figure>\n\n\n\n<p>Nacido en una generaci\u00f3n que creci\u00f3 ya en la era digital, Paul\u00edn se mueve c\u00f3modamente en la frontera entre el periodismo y la militancia ideol\u00f3gica, un terreno donde los hechos son accesorios y la fidelidad al relato libertario pesa m\u00e1s que cualquier credencial profesional. Su discurso, sus temas y su estilo lo alinean con el sector liberal-conservador y antiperonista que hoy oficia de sost\u00e9n medi\u00e1tico del oficialismo de Javier Milei.<\/p>\n\n\n\n<p>La maniobra medi\u00e1tica, sin embargo, no resisti\u00f3 la verificaci\u00f3n ni siquiera dentro de los grandes medios que suelen mostrarse afines al oficialismo. Desde <em>Todo Noticias (TN)<\/em>, el periodista Manu Jove desarm\u00f3 por completo la farsa del supuesto \u201ctestimonio explosivo\u201d de Hugo \u201cEl Pollo\u201d Carvajal. En su cuenta de X (ex Twitter), Jove aclar\u00f3 que no existe ninguna nueva declaraci\u00f3n ante la justicia de Estados Unidos, sino un viejo archivo proveniente de Espa\u00f1a que algunos comunicadores libertarios \u2014entre ellos Feinmann y Paul\u00edn\u2014 presentaron como primicia. \u201cOtra mentira de estos fantasmas. No me qued\u00e9 callado para nada\u201d, escribi\u00f3 Jove, recordando que fue \u00e9l mismo quien inform\u00f3 que la versi\u00f3n difundida era antigua y ya desmentida por fuentes judiciales.<\/p>\n\n\n\n<p>El periodista de TN tambi\u00e9n explic\u00f3 que lo nuevo, cuando suceda, ser\u00e1 la declaraci\u00f3n de Carvajal en EE. UU., algo que todav\u00eda no ocurri\u00f3. \u201cEl financiamiento de Ch\u00e1vez a los l\u00edderes de la regi\u00f3n existi\u00f3 y todos lo sabemos. Sobran pruebas. Pero sobre el v\u00ednculo de ese dinero con el narcotr\u00e1fico, no hay ninguna evidencia. Era guita de PDVSA, del petr\u00f3leo\u201d, aclar\u00f3 Jove, separando la realidad documentada de la ficci\u00f3n que los operadores libertarios quisieron instalar. Incluso debi\u00f3 salir a explicar que su silencio durante un fragmento televisivo fue malinterpretado por cuentas pagas que manipularon im\u00e1genes para hacer creer que hab\u00eda sido censurado. \u201cEn un programa de seis personas, siempre hay un momento donde algunos hacemos silencio para que hablen los dem\u00e1s. El tuitero pago eligi\u00f3 capturar uno de esos fragmentos\u201d, agreg\u00f3 con iron\u00eda.<\/p>\n\n\n\n<p>La desmentida de Jove pone en evidencia la magnitud de la maquinaria de desinformaci\u00f3n libertaria: basta un video manipulado, una frase recortada o una traducci\u00f3n distorsionada para fabricar una noticia falsa que luego se viraliza en redes y es amplificada por los comunicadores del gobierno. En este caso, la supuesta \u201cnueva causa\u201d en Estados Unidos ni siquiera existe en t\u00e9rminos procesales, y tanto medios internacionales como verificadores independientes confirmaron que no hay registro judicial ni comunicado oficial que respalde la versi\u00f3n libertaria. El gesto de Jove, al romper el pacto de silencio que suele imperar en la prensa hegem\u00f3nica cuando una mentira beneficia al poder, recupera el valor esencial del oficio period\u00edstico: la honestidad ante los hechos, incluso cuando contradicen la l\u00ednea pol\u00edtica dominante.<\/p>\n\n\n\n<p>La operaci\u00f3n medi\u00e1tica que une a Feinmann con Paul\u00edn no es un hecho aislado: forma parte de una estrategia de Estado orientada a degradar la informaci\u00f3n p\u00fablica y convertir a los medios en instrumentos de persecuci\u00f3n y control ideol\u00f3gico. Mientras el pa\u00eds se hunde en una crisis social sin precedentes, con miles de trabajadores despedidos, jubilados empobrecidos y universidades al borde del colapso, el gobierno necesita fabricar enemigos para mantener viva su narrativa de confrontaci\u00f3n permanente. As\u00ed, la \u201ccasta\u201d ya no es la \u00e9lite econ\u00f3mica que se beneficia del ajuste, sino los periodistas, docentes, artistas o dirigentes sociales que se animan a cuestionar el relato libertario.<\/p>\n\n\n\n<p>La escena es pat\u00e9tica pero reveladora: un gobierno que se autoproclama antisistema, utilizando los mismos mecanismos de manipulaci\u00f3n medi\u00e1tica que dec\u00eda combatir. Feinmann y Paul\u00edn son, en ese sentido, piezas intercambiables de una maquinaria comunicacional que ya no busca informar sino disciplinar. Cada operaci\u00f3n, cada bulo, cada mentira, es parte de un libreto que apunta a normalizar la violencia simb\u00f3lica y deslegitimar cualquier disidencia. No hay debate, hay linchamiento medi\u00e1tico. No hay periodismo, hay propaganda.<\/p>\n\n\n\n<p>Lo m\u00e1s preocupante no es la mentira en s\u00ed, sino la sistematicidad con la que se organiza. Las \u201coperetas\u201d ya no son improvisaciones de estudios de televisi\u00f3n, sino campa\u00f1as coordinadas entre los voceros del oficialismo, los asesores comunicacionales del Presidente y los servicios de inteligencia. Lo que ayer fue una fake news en redes sociales, hoy se convierte en una herramienta de gobierno. La desinformaci\u00f3n se institucionaliz\u00f3, y el discurso del odio se convirti\u00f3 en pol\u00edtica de comunicaci\u00f3n oficial.<\/p>\n\n\n\n<p>Mientras tanto, el pueblo argentino asiste a la degradaci\u00f3n del periodismo en su expresi\u00f3n m\u00e1s obscena: un sistema que, en lugar de fiscalizar al poder, se pone a su servicio. Feinmann lo hace con c\u00e1lculo y cinismo; Paul\u00edn, con oportunismo y obediencia; y Milei, con la satisfacci\u00f3n de quien ve a sus enemigos inventados desfilar en pantalla. Pero cada operaci\u00f3n tiene un l\u00edmite, y ese l\u00edmite es la memoria colectiva. El pa\u00eds ya conoci\u00f3 gobiernos que manipularon los medios para perseguir a sus opositores. Todos terminaron igual: con el descr\u00e9dito de sus voceros y el repudio de una sociedad que, tarde o temprano, vuelve a reconocer d\u00f3nde est\u00e1 la verdad.<\/p>\n\n\n\n<p>La nueva opereta libertaria confirma que el gobierno de Milei no necesita convencer, sino confundir. Su estrategia no es el debate, sino la saturaci\u00f3n informativa: tantas mentiras repetidas que el ciudadano ya no sabe qu\u00e9 creer. Pero el periodismo cr\u00edtico, a\u00fan acosado, conserva su funci\u00f3n esencial: desenmascarar al poder cuando se disfraza de noticia. Y frente a esta degradaci\u00f3n planificada, solo queda una respuesta posible: seguir denunciando, seguir escribiendo, seguir recordando que el periodismo no es servilismo, y que la verdad, aunque demorada, siempre vuelve a abrirse paso.<\/p>\n\n\n\n<p><\/p>\n","protected":false},"excerpt":{"rendered":"<p>La operaci\u00f3n de prensa que el gobierno de Javier Milei impuls\u00f3 esta semana a trav\u00e9s de Eduardo Feinmann y un ignoto personaje que se presenta como \u201cperiodista\u201d, Pedro Paul\u00edn, revela con claridad el nuevo m\u00e9todo de manipulaci\u00f3n comunicacional oficialista: una red de desinformaci\u00f3n organizada desde los medios aliados para fabricar enemigos, distraer la agenda p\u00fablica&#8230;<\/p>\n","protected":false},"author":2,"featured_media":9953,"comment_status":"open","ping_status":"open","sticky":false,"template":"","format":"standard","meta":{"_monsterinsights_skip_tracking":false,"_monsterinsights_sitenote_active":false,"_monsterinsights_sitenote_note":"","_monsterinsights_sitenote_category":0,"footnotes":"","jetpack_publicize_message":"","jetpack_publicize_feature_enabled":true,"jetpack_social_post_already_shared":true,"jetpack_social_options":{"image_generator_settings":{"template":"highway","default_image_id":0,"font":"","enabled":false},"version":2}},"categories":[2],"tags":[],"class_list":["post-9952","post","type-post","status-publish","format-standard","has-post-thumbnail","hentry","category-politica"],"jetpack_publicize_connections":[],"_links":{"self":[{"href":"https:\/\/www.enorsai.com\/noticias\/wp-json\/wp\/v2\/posts\/9952","targetHints":{"allow":["GET"]}}],"collection":[{"href":"https:\/\/www.enorsai.com\/noticias\/wp-json\/wp\/v2\/posts"}],"about":[{"href":"https:\/\/www.enorsai.com\/noticias\/wp-json\/wp\/v2\/types\/post"}],"author":[{"embeddable":true,"href":"https:\/\/www.enorsai.com\/noticias\/wp-json\/wp\/v2\/users\/2"}],"replies":[{"embeddable":true,"href":"https:\/\/www.enorsai.com\/noticias\/wp-json\/wp\/v2\/comments?post=9952"}],"version-history":[{"count":1,"href":"https:\/\/www.enorsai.com\/noticias\/wp-json\/wp\/v2\/posts\/9952\/revisions"}],"predecessor-version":[{"id":9954,"href":"https:\/\/www.enorsai.com\/noticias\/wp-json\/wp\/v2\/posts\/9952\/revisions\/9954"}],"wp:featuredmedia":[{"embeddable":true,"href":"https:\/\/www.enorsai.com\/noticias\/wp-json\/wp\/v2\/media\/9953"}],"wp:attachment":[{"href":"https:\/\/www.enorsai.com\/noticias\/wp-json\/wp\/v2\/media?parent=9952"}],"wp:term":[{"taxonomy":"category","embeddable":true,"href":"https:\/\/www.enorsai.com\/noticias\/wp-json\/wp\/v2\/categories?post=9952"},{"taxonomy":"post_tag","embeddable":true,"href":"https:\/\/www.enorsai.com\/noticias\/wp-json\/wp\/v2\/tags?post=9952"}],"curies":[{"name":"wp","href":"https:\/\/api.w.org\/{rel}","templated":true}]}}