{"id":9949,"date":"2025-10-18T20:53:36","date_gmt":"2025-10-18T23:53:36","guid":{"rendered":"https:\/\/www.enorsai.com\/noticias\/?p=9949"},"modified":"2025-10-18T20:56:29","modified_gmt":"2025-10-18T23:56:29","slug":"jornada-laboral-de-13-horas-el-proyecto-libertario-que-busca-modernizar-el-trabajo-argentino","status":"publish","type":"post","link":"https:\/\/www.enorsai.com\/noticias\/sociedad\/jornada-laboral-de-13-horas-el-proyecto-libertario-que-busca-modernizar-el-trabajo-argentino\/","title":{"rendered":"Jornada laboral de 13 horas: el proyecto libertario que busca \u201cmodernizar\u201d el trabajo argentino"},"content":{"rendered":"\n<p>En redes sociales estall\u00f3 la pol\u00e9mica: una idea promovida en el entorno del gobierno libertario plantea habilitar jornadas laborales de hasta trece horas diarias bajo el argumento de la \u201clibertad de contrataci\u00f3n\u201d entre empleador y empleado. Para la mayor\u00eda de los argentinos, la propuesta no es otra cosa que una legalizaci\u00f3n del esclavismo moderno.<\/p>\n\n\n\n<p>El borrador de la iniciativa comenz\u00f3 a circular d\u00edas atr\u00e1s en medios y redes, luego de que el empresario tecnol\u00f3gico <strong>Mart\u00edn Varsavsky<\/strong>, cercano al presidente Javier Milei, sugiriera p\u00fablicamente que en la Argentina deber\u00eda permitirse que empleadores y empleados acuerden jornadas de hasta trece horas sin intervenci\u00f3n estatal. Aunque el propio Ejecutivo no la formaliz\u00f3 a\u00fan, el concepto refleja fielmente la filosof\u00eda del gobierno: reducir al m\u00ednimo la intervenci\u00f3n del Estado y permitir que las partes \u201clibremente\u201d acuerden condiciones laborales.<\/p>\n\n\n\n<p>El argumento central es que la jornada de ocho horas, vigente en Argentina desde 1929 gracias a la Ley 11.544, ser\u00eda una imposici\u00f3n anacr\u00f3nica que frena la productividad. Seg\u00fan esta mirada libertaria, si un trabajador \u201cquiere\u201d trabajar trece horas, el Estado no deber\u00eda imped\u00edrselo. El problema es que en la pr\u00e1ctica no hay libertad donde hay necesidad: aceptar trabajar trece horas para no ser despedido no es una elecci\u00f3n, es una forma de coerci\u00f3n econ\u00f3mica.<\/p>\n\n\n\n<p>El modelo que inspira esta idea surge de Grecia, donde el Parlamento aprob\u00f3 una reforma que permite ampliar la jornada laboral hasta trece horas diarias en ciertos d\u00edas del a\u00f1o. El gobierno heleno la present\u00f3 como una medida de flexibilizaci\u00f3n, pero los sindicatos la denunciaron como un retroceso civilizatorio. La comparaci\u00f3n no es casual: Milei ha elogiado p\u00fablicamente las pol\u00edticas de desregulaci\u00f3n europeas y su equipo econ\u00f3mico estudia modelos de m\u00e1xima eficiencia en pa\u00edses con salarios deprimidos y derechos laborales debilitados.<\/p>\n\n\n\n<p>En la narrativa oficial libertaria, la libertad equivale a desprotecci\u00f3n. Bajo la excusa de que el Estado coarta la relaci\u00f3n laboral, se impulsa un esquema en el que el trabajador queda completamente expuesto a la voluntad empresarial. El concepto de \u201cacuerdo voluntario\u201d es ilusorio en un contexto de desempleo y pobreza estructural. La libertad de pactar una jornada de trece horas sin l\u00edmites no es libertad: es la institucionalizaci\u00f3n del abuso. Adem\u00e1s, esta propuesta contradice abiertamente los convenios de la Organizaci\u00f3n Internacional del Trabajo (OIT), que establecen un m\u00e1ximo de ocho horas diarias y el derecho irrenunciable al descanso. Argentina es signataria de esos acuerdos, que tienen rango constitucional desde la reforma de 1994.<\/p>\n\n\n\n<p>Las redes sociales reaccionaron con furia ante la noticia. Miles de usuarios calificaron el proyecto como un intento de imponer esclavismo moderno. Los sindicatos y especialistas en derecho laboral tambi\u00e9n advirtieron que la medida profundizar\u00eda la desigualdad y normalizar\u00eda la explotaci\u00f3n. En lugar de promover la productividad, argumentan, provocar\u00eda agotamiento, accidentes laborales y un colapso del equilibrio entre trabajo y vida personal. Incluso voces empresariales reconocen que un esquema de trece horas podr\u00eda generar conflictos, ausentismo y menor rendimiento, lo que terminar\u00eda afectando la eficiencia que supuestamente se busca mejorar.<\/p>\n\n\n\n<p>La idea de extender la jornada encaja perfectamente con la estrategia global del gobierno de Javier Milei: ajuste, desregulaci\u00f3n y transferencia de ingresos hacia el capital. Mientras se recortan salarios reales, jubilaciones y subsidios, se busca ampliar la \u201cproductividad\u201d a costa del tiempo y la salud de los trabajadores. El Estado se retira de su rol de garante de derechos para convertirse en un \u00e1rbitro ausente, observando c\u00f3mo el mercado dicta las reglas.<\/p>\n\n\n\n<p>La jornada de ocho horas fue una conquista hist\u00f3rica del movimiento obrero, sellada con sangre en las luchas de Chicago en 1886. Volver a discutir si un ser humano puede trabajar trece horas al d\u00eda no es una modernizaci\u00f3n sino un viaje al pasado, al capitalismo m\u00e1s brutal y sin l\u00edmites. Bajo el discurso de la libertad, el proyecto libertario propone una Argentina donde el descanso es un privilegio y la explotaci\u00f3n, una elecci\u00f3n.<\/p>\n\n\n\n<hr class=\"wp-block-separator has-alpha-channel-opacity\"\/>\n\n\n\n<p><strong>Fuentes:<\/strong><\/p>\n\n\n\n<p>Foto de Portada: Redes Sociales<\/p>\n\n\n\n<p>RTVE \u2013 <a href=\"https:\/\/www.rtve.es\/noticias\/20251016\/grecia-ampliar-jornada-laboral-13-horas-diarias\/16773536.shtml\">\u201cGrecia aprueba ampliar la jornada laboral hasta las 13 horas diarias\u201d<\/a><\/p>\n\n\n\n<p>Infobae \u2013 <a href=\"https:\/\/www.infobae.com\/espana\/2025\/10\/16\/grecia-aprueba-las-jornadas-de-trabajo-de-13-horas-diarias-las-dos-semanas-de-protestas-no-consiguen-frenar-la-reforma-laboral\/\">\u201cGrecia aprueba las jornadas de trabajo de 13 horas diarias tras dos semanas de protestas\u201d<\/a><\/p>\n\n\n\n<p>Los Andes \u2013 <a href=\"https:\/\/www.losandes.com.ar\/politica\/jornada-laboral-13-horas-la-palabra-un-empresario-cercano-milei-n5966895\/\">\u201cJornada laboral de 13 horas: la palabra de un empresario cercano a Milei\u201d<\/a><\/p>\n\n\n\n<p>Swissinfo \u2013 <a href=\"https:\/\/www.swissinfo.ch\/spa\/legisladores-griegos-respaldan-una-reforma-para-permitir-jornadas-laborales-de-13-horas\/90177533\">\u201cLegisladores griegos respaldan una reforma para permitir jornadas de 13 horas\u201d<\/a><\/p>\n\n\n\n<hr class=\"wp-block-separator has-alpha-channel-opacity\"\/>\n","protected":false},"excerpt":{"rendered":"<p>En redes sociales estall\u00f3 la pol\u00e9mica: una idea promovida en el entorno del gobierno libertario plantea habilitar jornadas laborales de hasta trece horas diarias bajo el argumento de la \u201clibertad de contrataci\u00f3n\u201d entre empleador y empleado. Para la mayor\u00eda de los argentinos, la propuesta no es otra cosa que una legalizaci\u00f3n del esclavismo moderno. El&#8230;<\/p>\n","protected":false},"author":12,"featured_media":9951,"comment_status":"open","ping_status":"open","sticky":false,"template":"","format":"standard","meta":{"_monsterinsights_skip_tracking":false,"_monsterinsights_sitenote_active":false,"_monsterinsights_sitenote_note":"","_monsterinsights_sitenote_category":0,"footnotes":"","jetpack_publicize_message":"","jetpack_publicize_feature_enabled":true,"jetpack_social_post_already_shared":true,"jetpack_social_options":{"image_generator_settings":{"template":"highway","default_image_id":0,"font":"","enabled":false},"version":2}},"categories":[4,3946],"tags":[],"class_list":["post-9949","post","type-post","status-publish","format-standard","has-post-thumbnail","hentry","category-sociedad","category-trabajo"],"jetpack_publicize_connections":[],"_links":{"self":[{"href":"https:\/\/www.enorsai.com\/noticias\/wp-json\/wp\/v2\/posts\/9949","targetHints":{"allow":["GET"]}}],"collection":[{"href":"https:\/\/www.enorsai.com\/noticias\/wp-json\/wp\/v2\/posts"}],"about":[{"href":"https:\/\/www.enorsai.com\/noticias\/wp-json\/wp\/v2\/types\/post"}],"author":[{"embeddable":true,"href":"https:\/\/www.enorsai.com\/noticias\/wp-json\/wp\/v2\/users\/12"}],"replies":[{"embeddable":true,"href":"https:\/\/www.enorsai.com\/noticias\/wp-json\/wp\/v2\/comments?post=9949"}],"version-history":[{"count":1,"href":"https:\/\/www.enorsai.com\/noticias\/wp-json\/wp\/v2\/posts\/9949\/revisions"}],"predecessor-version":[{"id":9950,"href":"https:\/\/www.enorsai.com\/noticias\/wp-json\/wp\/v2\/posts\/9949\/revisions\/9950"}],"wp:featuredmedia":[{"embeddable":true,"href":"https:\/\/www.enorsai.com\/noticias\/wp-json\/wp\/v2\/media\/9951"}],"wp:attachment":[{"href":"https:\/\/www.enorsai.com\/noticias\/wp-json\/wp\/v2\/media?parent=9949"}],"wp:term":[{"taxonomy":"category","embeddable":true,"href":"https:\/\/www.enorsai.com\/noticias\/wp-json\/wp\/v2\/categories?post=9949"},{"taxonomy":"post_tag","embeddable":true,"href":"https:\/\/www.enorsai.com\/noticias\/wp-json\/wp\/v2\/tags?post=9949"}],"curies":[{"name":"wp","href":"https:\/\/api.w.org\/{rel}","templated":true}]}}