{"id":9944,"date":"2025-10-18T18:33:36","date_gmt":"2025-10-18T21:33:36","guid":{"rendered":"https:\/\/www.enorsai.com\/noticias\/politica\/urgente-denuncian-traslado-irregular-y-desconocen-el-paradero-de-lazaro-baez\/"},"modified":"2025-10-18T18:33:36","modified_gmt":"2025-10-18T21:33:36","slug":"urgente-denuncian-traslado-irregular-y-desconocen-el-paradero-de-lazaro-baez","status":"publish","type":"post","link":"https:\/\/www.enorsai.com\/noticias\/politica\/urgente-denuncian-traslado-irregular-y-desconocen-el-paradero-de-lazaro-baez\/","title":{"rendered":"\u00a1Urgente! Denuncian traslado irregular y desconocen el paradero de L\u00e1zaro B\u00e1ez"},"content":{"rendered":"\n<p>El periodista Diego Brancatelli encendi\u00f3 las alarmas en la red social X con un mensaje que r\u00e1pidamente se viraliz\u00f3: \u201cURGENTE: \u00bfD\u00f3nde est\u00e1 L\u00e1zaro B\u00e1ez? Se desconoce su paradero. Se lo llevaron de la Unidad N.\u00ba 15 del Servicio Penitenciario Federal en R\u00edo Gallegos sin previo aviso. Su abogado y su familia no saben d\u00f3nde lo tienen\u201d.<\/p>\n\n\n\n<p>El posteo, acompa\u00f1ado por la copia de una presentaci\u00f3n judicial firmada por la abogada Yanina Nicoletti, defensora de B\u00e1ez, provoc\u00f3 una inmediata ola de reacciones pol\u00edticas y medi\u00e1ticas ante la posibilidad de un hecho de gravedad institucional.<br><br>Seg\u00fan el escrito presentado ante el Juzgado Federal a cargo del Dr. N\u00e9stor Guillermo Costabel, la defensa denunci\u00f3 que, al presentarse en la Unidad N.\u00ba 15 para entrevistarse con su cliente, el abogado Lucas Nicoletti fue informado por las autoridades del penal de que \u201cel nombrado ya no se encontraba alojado en dicha unidad\u201d. El documento a\u00f1ade que no se brind\u00f3 informaci\u00f3n alguna sobre su actual paradero, y que la defensa no fue notificada oficialmente de un traslado ni del destino del interno, lo que constituye una irregularidad grave dentro del sistema penitenciario federal.<br><br>La presentaci\u00f3n remarca que la situaci\u00f3n \u201cevoca pr\u00e1cticas propias de \u00e9pocas que la Rep\u00fablica no puede repetir\u201d y solicita la intervenci\u00f3n urgente del juez, con habilitaci\u00f3n de d\u00edas y horas inh\u00e1biles, para que tanto el Juzgado Federal de R\u00edo Gallegos como el Servicio Penitenciario informen sobre el paradero de B\u00e1ez.<\/p>\n\n\n\n<figure class=\"wp-block-embed is-type-rich is-provider-twitter wp-block-embed-twitter\"><div class=\"wp-block-embed__wrapper\">\n<blockquote class=\"twitter-tweet\" data-width=\"550\" data-dnt=\"true\"><p lang=\"es\" dir=\"ltr\">URGENTE !<br><br>DONDE EST\u00c1 LAZARO B\u00c1EZ ???<br><br>Se desconoce el paradero de L\u00e1zaro B\u00e1ez.<br><br>Se lo llevaron de la Unidad N.\u00ba 15 del Servicio Penitenciario Federal, en R\u00edo Gallegos sin previo aviso.<br><br>Su abogado y su familia no saben donde lo tienen. Llamaron a otras unidades, hospitales y\u2026 <a href=\"https:\/\/t.co\/P8jyqoB6cM\">pic.twitter.com\/P8jyqoB6cM<\/a><\/p>&mdash; Diego Brancatelli (@diegobranca) <a href=\"https:\/\/twitter.com\/diegobranca\/status\/1979649069430779921?ref_src=twsrc%5Etfw\">October 18, 2025<\/a><\/blockquote><script async src=\"https:\/\/platform.twitter.com\/widgets.js\" charset=\"utf-8\"><\/script>\n<\/div><\/figure>\n\n\n\n<p><br><br>En su exposici\u00f3n, la defensa recuerda adem\u00e1s que se encuentra en tr\u00e1mite un habeas corpus (Expediente FCR 011287\/2025) a\u00fan sin resoluci\u00f3n firme, y que la propia Justicia hab\u00eda dispuesto que cualquier cambio de alojamiento deb\u00eda ser previamente notificado y consensuado con la defensa, para \u201casegurar el contradictorio\u201d. Sin embargo, ese procedimiento no habr\u00eda sido respetado.<br><br>El caso gener\u00f3 inquietud no solo por la figura de B\u00e1ez \u2014empresario condenado por lavado de dinero y s\u00edmbolo de las causas conocidas como \u201cla ruta del dinero K\u201d\u2014 sino tambi\u00e9n por las formas y el contexto pol\u00edtico en que se produce este episodio. El gobierno de Javier Milei ha mostrado una fuerte tendencia a la concentraci\u00f3n del poder en los aparatos de seguridad y a la desconfianza hacia los controles judiciales. Por eso, la denuncia de un traslado irregular, sin notificaci\u00f3n y con paradero desconocido, remueve fantasmas de pr\u00e1cticas autoritarias que parec\u00edan superadas desde el retorno de la democracia.<br><br>Brancatelli subray\u00f3 en su posteo que allegados del empresario afirmaron: \u201cest\u00e1n actuando como en los momentos m\u00e1s oscuros de nuestra historia\u201d. La frase se expandi\u00f3 r\u00e1pidamente, reflejando una preocupaci\u00f3n que excede la situaci\u00f3n personal del detenido y se proyecta sobre el respeto a las garant\u00edas constitucionales y los derechos humanos b\u00e1sicos de cualquier persona bajo custodia del Estado.<br><br>Hasta el momento, no hubo una comunicaci\u00f3n oficial del Servicio Penitenciario Federal ni del Ministerio de Justicia sobre el destino de B\u00e1ez, lo que aumenta la incertidumbre. Desde el entorno de la defensa aseguran haber intentado comunicarse con distintas dependencias \u2014otras unidades penitenciarias, hospitales y comisar\u00edas\u2014 sin obtener respuesta.<br><br>La opacidad del sistema penitenciario durante el actual gobierno ya hab\u00eda sido cuestionada en otras causas. Distintos organismos de derechos humanos vienen denunciando la falta de transparencia, el endurecimiento de las condiciones de detenci\u00f3n y la ausencia de protocolos claros para los traslados de internos. Este caso, sin embargo, eleva la alarma a un nivel in\u00e9dito, porque se trata de un preso de alto perfil cuya ubicaci\u00f3n deber\u00eda estar registrada en tiempo real en los sistemas oficiales.<br><br>Si se confirma que el traslado fue realizado sin orden judicial ni notificaci\u00f3n, estar\u00edamos frente a un precedente institucional de extrema gravedad, que pone en cuesti\u00f3n la legalidad de las actuaciones del Servicio Penitenciario Federal y la responsabilidad directa del Ministerio de Justicia y del propio Poder Ejecutivo.<br><br>M\u00e1s all\u00e1 de la figura pol\u00e9mica de L\u00e1zaro B\u00e1ez, el centro de la discusi\u00f3n ya no es su culpabilidad o inocencia, sino la vigencia del Estado de Derecho. El derecho a la defensa, la comunicaci\u00f3n con su abogado y el conocimiento de su paradero son garant\u00edas que la Constituci\u00f3n Nacional reconoce incluso a los condenados. Si se quebrantan esos derechos, se rompe un principio fundante de la democracia: ning\u00fan detenido puede ser sustra\u00eddo del control judicial.<br><br>Mientras la Justicia decide intervenir o no de inmediato, la denuncia de la defensa y el eco p\u00fablico del mensaje de Brancatelli configuran un nuevo frente de conflicto entre los sectores del oficialismo y quienes advierten sobre un retroceso autoritario en materia de derechos y garant\u00edas.<br>La pregunta que hoy resuena, con una mezcla de desconcierto y temor, es la misma que viraliz\u00f3 el periodista:<br>\u00bfD\u00f3nde est\u00e1 L\u00e1zaro B\u00e1ez?<br><br><br><br>Fuentes consultadas<br><br>Diego Brancatelli \u2013 cuenta oficial en X (18\/10\/2025)<br><br>Presentaci\u00f3n judicial de la abogada Yanina Nicoletti, defensa de L\u00e1zaro B\u00e1ez<br><br>La Naci\u00f3n \u2013 \u201cUn juez federal rechaz\u00f3 el habeas corpus presentado por B\u00e1ez y orden\u00f3 trasladarlo a Ezeiza\u201d<br>https:\/\/www.lanacion.com.ar\/politica\/un-juez-federal-rechazo-el-habeas-corpus-presentado-por-lazaro-baez-y-ordeno-trasladarlo-a-la-carcel-nid18102025\/<br><br>Infobae \u2013 \u201cL\u00e1zaro B\u00e1ez regresar\u00e1 a la c\u00e1rcel de Ezeiza: la Justicia rechaz\u00f3 el habeas corpus de la defensa\u201d<br>https:\/\/www.infobae.com\/judiciales\/2025\/10\/18\/lazaro-baez-regresara-a-la-carcel-de-ezeiza-la-justicia-federal-rechazo-el-habeas-corpus-de-la-defensa\/<br><br>TiempoSur \u2013 \u201cL\u00e1zaro B\u00e1ez visit\u00f3 el hospital de R\u00edo Gallegos: su defensa alerta sobre riesgo de muerte s\u00fabita\u201d<br>https:\/\/www.tiemposur.com.ar\/info-general\/lazaro-baez-visito-el-hospital-de-rio-gallegos-sus-abogados-dicen-que-tiene-riesgo-de-muerte-subita-y-piden-que-deje-la-carcel<\/p>\n","protected":false},"excerpt":{"rendered":"<p>El periodista Diego Brancatelli encendi\u00f3 las alarmas en la red social X con un mensaje que r\u00e1pidamente se viraliz\u00f3: \u201cURGENTE: \u00bfD\u00f3nde est\u00e1 L\u00e1zaro B\u00e1ez? Se desconoce su paradero. Se lo llevaron de la Unidad N.\u00ba 15 del Servicio Penitenciario Federal en R\u00edo Gallegos sin previo aviso. Su abogado y su familia no saben d\u00f3nde lo&#8230;<\/p>\n","protected":false},"author":1,"featured_media":9943,"comment_status":"open","ping_status":"open","sticky":false,"template":"","format":"standard","meta":{"_monsterinsights_skip_tracking":false,"_monsterinsights_sitenote_active":false,"_monsterinsights_sitenote_note":"","_monsterinsights_sitenote_category":0,"footnotes":"","jetpack_publicize_message":"","jetpack_publicize_feature_enabled":true,"jetpack_social_post_already_shared":true,"jetpack_social_options":{"image_generator_settings":{"template":"highway","default_image_id":0,"font":"","enabled":false},"version":2}},"categories":[2],"tags":[],"class_list":["post-9944","post","type-post","status-publish","format-standard","has-post-thumbnail","hentry","category-politica"],"jetpack_publicize_connections":[],"_links":{"self":[{"href":"https:\/\/www.enorsai.com\/noticias\/wp-json\/wp\/v2\/posts\/9944","targetHints":{"allow":["GET"]}}],"collection":[{"href":"https:\/\/www.enorsai.com\/noticias\/wp-json\/wp\/v2\/posts"}],"about":[{"href":"https:\/\/www.enorsai.com\/noticias\/wp-json\/wp\/v2\/types\/post"}],"author":[{"embeddable":true,"href":"https:\/\/www.enorsai.com\/noticias\/wp-json\/wp\/v2\/users\/1"}],"replies":[{"embeddable":true,"href":"https:\/\/www.enorsai.com\/noticias\/wp-json\/wp\/v2\/comments?post=9944"}],"version-history":[{"count":0,"href":"https:\/\/www.enorsai.com\/noticias\/wp-json\/wp\/v2\/posts\/9944\/revisions"}],"wp:featuredmedia":[{"embeddable":true,"href":"https:\/\/www.enorsai.com\/noticias\/wp-json\/wp\/v2\/media\/9943"}],"wp:attachment":[{"href":"https:\/\/www.enorsai.com\/noticias\/wp-json\/wp\/v2\/media?parent=9944"}],"wp:term":[{"taxonomy":"category","embeddable":true,"href":"https:\/\/www.enorsai.com\/noticias\/wp-json\/wp\/v2\/categories?post=9944"},{"taxonomy":"post_tag","embeddable":true,"href":"https:\/\/www.enorsai.com\/noticias\/wp-json\/wp\/v2\/tags?post=9944"}],"curies":[{"name":"wp","href":"https:\/\/api.w.org\/{rel}","templated":true}]}}