{"id":9940,"date":"2025-10-18T18:11:41","date_gmt":"2025-10-18T21:11:41","guid":{"rendered":"https:\/\/www.enorsai.com\/noticias\/?p=9940"},"modified":"2025-10-18T18:16:09","modified_gmt":"2025-10-18T21:16:09","slug":"el-compromiso-que-nunca-llego-fargosi-prometio-borrar-una-fake-news-pero-falto-a-su-palabra","status":"publish","type":"post","link":"https:\/\/www.enorsai.com\/noticias\/politica\/el-compromiso-que-nunca-llego-fargosi-prometio-borrar-una-fake-news-pero-falto-a-su-palabra\/","title":{"rendered":"El compromiso que nunca lleg\u00f3: Fargosi prometi\u00f3 borrar una fake news pero falt\u00f3 a su palabra"},"content":{"rendered":"\n<p>El abogado y exintegrante del Consejo de la Magistratura, Alejandro Fargosi, qued\u00f3 nuevamente en el centro de la pol\u00e9mica en redes sociales tras ser interpelado por usuarios que le recordaron una promesa incumplida. \u201cHola @fargosi, \u00bfc\u00f3mo le va? Ayer se comprometi\u00f3 mirando a c\u00e1mara a borrar esta fake news y a\u00fan no lo hizo. Me parece que se olvid\u00f3. Buen s\u00e1bado\u201d, le escribi\u00f3 el periodista Diego Iglesias, exponiendo la contradicci\u00f3n entre su discurso p\u00fablico contra la desinformaci\u00f3n y su pr\u00e1ctica cotidiana en la red.<br><br>El mensaje apunta directamente a una publicaci\u00f3n falsa difundida por Fargosi en su cuenta de X (ex Twitter), que \u00e9l mismo hab\u00eda admitido como err\u00f3nea tras ser desmentida, pero que nunca elimin\u00f3. La actitud no solo revela la falta de coherencia de uno de los voceros medi\u00e1ticos del oficialismo libertario, sino tambi\u00e9n el doble est\u00e1ndar con el que ciertos referentes pretenden manipular la conversaci\u00f3n p\u00fablica bajo la apariencia de \u201cdefensores de la verdad\u201d.<\/p>\n\n\n\n<figure class=\"wp-block-embed is-type-rich is-provider-twitter wp-block-embed-twitter\"><div class=\"wp-block-embed__wrapper\">\n<blockquote class=\"twitter-tweet\" data-width=\"550\" data-dnt=\"true\"><p lang=\"es\" dir=\"ltr\">Hola <a href=\"https:\/\/twitter.com\/fargosi?ref_src=twsrc%5Etfw\">@fargosi<\/a>, \u00bfc\u00f3mo le va? Ayer se comprometi\u00f3 mirando a c\u00e1mara a borrar esta fake news y a\u00fan no lo hizo. Me parece que se olvid\u00f3. Buen s\u00e1bado. <a href=\"https:\/\/t.co\/2e2YhkPjuQ\">https:\/\/t.co\/2e2YhkPjuQ<\/a> <a href=\"https:\/\/t.co\/MPLYDNYuk2\">pic.twitter.com\/MPLYDNYuk2<\/a><\/p>&mdash; Diego Iglesias (@IglesiasDiego) <a href=\"https:\/\/twitter.com\/IglesiasDiego\/status\/1979572811921305600?ref_src=twsrc%5Etfw\">October 18, 2025<\/a><\/blockquote><script async src=\"https:\/\/platform.twitter.com\/widgets.js\" charset=\"utf-8\"><\/script>\n<\/div><\/figure>\n\n\n\n<p><br \/><br \/>Mientras el gobierno de Javier Milei sostiene un discurso de persecuci\u00f3n hacia medios y periodistas cr\u00edticos acus\u00e1ndolos de \u201cpropagar fake news\u201d, buena parte de su entorno pol\u00edtico y comunicacional hace exactamente lo contrario: instala falsedades, las amplifica con bots y luego deja que el algoritmo haga su trabajo, aunque la informaci\u00f3n haya sido refutada. La omisi\u00f3n de Fargosi \u2014que no es casual ni inocente\u2014 funciona como ejemplo de una pr\u00e1ctica cada vez m\u00e1s com\u00fan: lanzar mentiras que nunca se corrigen porque el da\u00f1o comunicacional ya est\u00e1 hecho.<br \/><br \/>El episodio reaviva el debate sobre la responsabilidad de figuras p\u00fablicas con llegada masiva en redes sociales, especialmente en un contexto donde las fake news operan como armas pol\u00edticas y donde la desinformaci\u00f3n se ha convertido en pol\u00edtica de Estado. En ese terreno, Fargosi no es un simple usuario: es un engranaje m\u00e1s de una maquinaria que busca moldear la opini\u00f3n p\u00fablica a fuerza de manipulaci\u00f3n, cinismo y fake news.<\/p>\n","protected":false},"excerpt":{"rendered":"<p>El abogado y exintegrante del Consejo de la Magistratura, Alejandro Fargosi, qued\u00f3 nuevamente en el centro de la pol\u00e9mica en redes sociales tras ser interpelado por usuarios que le recordaron una promesa incumplida. \u201cHola @fargosi, \u00bfc\u00f3mo le va? Ayer se comprometi\u00f3 mirando a c\u00e1mara a borrar esta fake news y a\u00fan no lo hizo. Me&#8230;<\/p>\n","protected":false},"author":11,"featured_media":9941,"comment_status":"open","ping_status":"open","sticky":false,"template":"","format":"standard","meta":{"_monsterinsights_skip_tracking":false,"_monsterinsights_sitenote_active":false,"_monsterinsights_sitenote_note":"","_monsterinsights_sitenote_category":0,"footnotes":"","jetpack_publicize_message":"","jetpack_publicize_feature_enabled":true,"jetpack_social_post_already_shared":true,"jetpack_social_options":{"image_generator_settings":{"template":"highway","default_image_id":0,"font":"","enabled":false},"version":2}},"categories":[2],"tags":[],"class_list":["post-9940","post","type-post","status-publish","format-standard","has-post-thumbnail","hentry","category-politica"],"jetpack_publicize_connections":[],"_links":{"self":[{"href":"https:\/\/www.enorsai.com\/noticias\/wp-json\/wp\/v2\/posts\/9940","targetHints":{"allow":["GET"]}}],"collection":[{"href":"https:\/\/www.enorsai.com\/noticias\/wp-json\/wp\/v2\/posts"}],"about":[{"href":"https:\/\/www.enorsai.com\/noticias\/wp-json\/wp\/v2\/types\/post"}],"author":[{"embeddable":true,"href":"https:\/\/www.enorsai.com\/noticias\/wp-json\/wp\/v2\/users\/11"}],"replies":[{"embeddable":true,"href":"https:\/\/www.enorsai.com\/noticias\/wp-json\/wp\/v2\/comments?post=9940"}],"version-history":[{"count":1,"href":"https:\/\/www.enorsai.com\/noticias\/wp-json\/wp\/v2\/posts\/9940\/revisions"}],"predecessor-version":[{"id":9942,"href":"https:\/\/www.enorsai.com\/noticias\/wp-json\/wp\/v2\/posts\/9940\/revisions\/9942"}],"wp:featuredmedia":[{"embeddable":true,"href":"https:\/\/www.enorsai.com\/noticias\/wp-json\/wp\/v2\/media\/9941"}],"wp:attachment":[{"href":"https:\/\/www.enorsai.com\/noticias\/wp-json\/wp\/v2\/media?parent=9940"}],"wp:term":[{"taxonomy":"category","embeddable":true,"href":"https:\/\/www.enorsai.com\/noticias\/wp-json\/wp\/v2\/categories?post=9940"},{"taxonomy":"post_tag","embeddable":true,"href":"https:\/\/www.enorsai.com\/noticias\/wp-json\/wp\/v2\/tags?post=9940"}],"curies":[{"name":"wp","href":"https:\/\/api.w.org\/{rel}","templated":true}]}}