{"id":992,"date":"2025-02-10T15:17:42","date_gmt":"2025-02-10T18:17:42","guid":{"rendered":"http:\/\/www.enorsai.com\/noticias\/?p=992"},"modified":"2025-02-10T15:17:42","modified_gmt":"2025-02-10T18:17:42","slug":"dia-de-furia-milei-echo-al-titular-de-anses-tras-sus-declaraciones-sobre-una-posible-reforma-previsional","status":"publish","type":"post","link":"https:\/\/www.enorsai.com\/noticias\/politica\/dia-de-furia-milei-echo-al-titular-de-anses-tras-sus-declaraciones-sobre-una-posible-reforma-previsional\/","title":{"rendered":"D\u00eda de furia: Milei ech\u00f3 al titular de ANSES tras sus declaraciones sobre una posible reforma previsional"},"content":{"rendered":"\n<p><strong><em>Mariano de los Heros fue despedido de ANSES luego de anunciar un proyecto de reforma jubilatoria que no fue avalado por el presidente Milei. El episodio revela las grietas en el gabinete y la falta de coordinaci\u00f3n en pol\u00edticas clave.<br><\/em><\/strong><br>En un movimiento que no deja lugar a dudas sobre su estilo de gesti\u00f3n, el presidente Javier Milei decidi\u00f3 despedir a Mariano de los Heros, titular de la Administraci\u00f3n Nacional de la Seguridad Social (ANSES), tras sus declaraciones sobre una posible reforma jubilatoria. La noticia, confirmada por el vocero presidencial Manuel Adorni a trav\u00e9s de redes sociales, lleg\u00f3 apenas horas despu\u00e9s de que Milei desmintiera p\u00fablicamente las afirmaciones de De los Heros, asegurando que la reforma previsional \u00abno es para este momento\u00bb.<br><br>El despido de De los Heros no es un hecho aislado. Se suma a una serie de desvinculaciones y tensiones internas que han marcado el gobierno de Milei desde sus inicios. En este caso, el detonante fue una entrevista que el ahora exfuncionario concedi\u00f3 a Todo Noticias (TN), donde habl\u00f3 abiertamente sobre un proyecto de reforma que incluir\u00eda cambios en la edad jubilatoria, la creaci\u00f3n de una \u00abPrestaci\u00f3n de Retiro Proporcional\u00bb y la posibilidad de jubilaciones privadas. Estas declaraciones, que generaron un fuerte debate p\u00fablico, no fueron bien recibidas por el presidente, quien r\u00e1pidamente desautoriz\u00f3 a De los Heros en una entrevista con Antonio Laje en A24.<br><br>\u00abEso corre por cuenta del titular de ANSES. Eso no es lo que est\u00e1 en carpeta\u00bb, afirm\u00f3 Milei, dejando en claro que las ideas de De los Heros no formaban parte de su agenda inmediata. Horas despu\u00e9s, Adorni anunci\u00f3 la salida del funcionario y confirm\u00f3 que ser\u00eda reemplazado por Fernando Bearzi, actual subdirector de ANSES y cercano al ministro de Econom\u00eda, Luis Caputo.<\/p>\n\n\n\n<p><br><br>El episodio no solo expone la falta de coordinaci\u00f3n dentro del gobierno, sino tambi\u00e9n la intolerancia de Milei hacia las disidencias, incluso cuando provienen de funcionarios con experiencia y conocimiento en la materia. Mariano de los Heros, quien hab\u00eda asumido el cargo en febrero de 2024, contaba con una amplia trayectoria en el sistema previsional, incluyendo roles clave en la ex Naci\u00f3n AFJP y en la propia ANSES. Su salida deja en evidencia que, para Milei, la lealtad parece ser m\u00e1s importante que la capacidad t\u00e9cnica.<br><br>Pero m\u00e1s all\u00e1 de las tensiones internas, el despido de De los Heros plantea una pregunta inc\u00f3moda: \u00bfqu\u00e9 pasar\u00e1 con la reforma jubilatoria? En su entrevista con TN, el exfuncionario hab\u00eda se\u00f1alado que el gobierno buscar\u00eda impulsar cambios en el sistema previsional \u00abantes de fin de a\u00f1o\u00bb, algo que Milei descart\u00f3 de plano. Sin embargo, la necesidad de una reforma es innegable. Con una moratoria previsional que vence en marzo y un sistema que enfrenta graves problemas de sostenibilidad, el gobierno no puede darse el lujo de postergar indefinidamente este debate.<br><br>Las declaraciones de De los Heros tambi\u00e9n pusieron sobre la mesa otros temas sensibles, como la informalidad laboral y las cargas sociales que pagan los empleadores. \u00abLa informalidad tiene que ver tambi\u00e9n con los impuestos al trabajo, que es una cuesti\u00f3n que el gobierno tambi\u00e9n est\u00e1 evaluando\u00bb, hab\u00eda dicho el exfuncionario, en una clara referencia a los desaf\u00edos que enfrenta el mercado laboral argentino. Sin embargo, estas ideas, que podr\u00edan haber servido como punto de partida para un debate serio, fueron r\u00e1pidamente descartadas por el presidente.<br><br>En definitiva, el despido de Mariano de los Heros no solo es un reflejo de las tensiones internas del gobierno, sino tambi\u00e9n de la falta de una estrategia clara para abordar los problemas estructurales de la econom\u00eda argentina. En un contexto de alta inflaci\u00f3n, desempleo y creciente descontento social, la decisi\u00f3n de Milei de despedir a un funcionario con experiencia en un \u00e1rea tan sensible como la previsi\u00f3n social parece m\u00e1s un acto de retaliaci\u00f3n que una medida estrat\u00e9gica.<br><br><strong>Fuentes:<\/strong><\/p>\n\n\n\n<div class=\"wp-block-jetpack-related-posts\">\n<h2 class=\"wp-block-heading\"><\/h2>\n<\/div>\n\n\n\n<ul class=\"wp-block-list\">\n<li><a href=\"https:\/\/www.infobae.com\/politica\/2025\/02\/10\/milei-echo-al-titular-de-la-anses-luego-de-que-anunciara-un-proyecto-para-cambiar-la-edad-jubilatoria\/\">https:\/\/www.infobae.com\/politica\/2025\/02\/10\/milei-echo-al-titular-de-la-anses-luego-de-que-anunciara-un-proyecto-para-cambiar-la-edad-jubilatoria\/<\/a><\/li>\n\n\n\n<li><a href=\"https:\/\/www.ambito.com\/politica\/el-gobierno-despidio-al-titular-anses-mariano-los-heros-y-lo-reemplaza-fernando-bearzi-n6112075\">https:\/\/www.ambito.com\/politica\/el-gobierno-despidio-al-titular-anses-mariano-los-heros-y-lo-reemplaza-fernando-bearzi-n6112075<\/a><\/li>\n\n\n\n<li><a href=\"https:\/\/www.rionegro.com.ar\/politica\/javier-milei-echo-a-mariano-de-los-heros-de-anses-tras-la-polemica-por-la-reforma-jubilatoria-4002729\/\">https:\/\/www.rionegro.com.ar\/politica\/javier-milei-echo-a-mariano-de-los-heros-de-anses-tras-la-polemica-por-la-reforma-jubilatoria-4002729\/<\/a><\/li>\n<\/ul>\n\n\n\n<p><\/p>\n\n\n","protected":false},"excerpt":{"rendered":"<p>Mariano de los Heros fue despedido de ANSES luego de anunciar un proyecto de reforma jubilatoria que no fue avalado por el presidente Milei. El episodio revela las grietas en el gabinete y la falta de coordinaci\u00f3n en pol\u00edticas clave.En un movimiento que no deja lugar a dudas sobre su estilo de gesti\u00f3n, el presidente&#8230;<\/p>\n","protected":false},"author":1,"featured_media":1006,"comment_status":"open","ping_status":"open","sticky":false,"template":"","format":"standard","meta":{"_monsterinsights_skip_tracking":false,"_monsterinsights_sitenote_active":false,"_monsterinsights_sitenote_note":"","_monsterinsights_sitenote_category":0,"footnotes":"","jetpack_publicize_message":"","jetpack_publicize_feature_enabled":true,"jetpack_social_post_already_shared":true,"jetpack_social_options":{"image_generator_settings":{"template":"highway","default_image_id":0,"font":"","enabled":false},"version":2}},"categories":[2],"tags":[398,45],"class_list":["post-992","post","type-post","status-publish","format-standard","has-post-thumbnail","hentry","category-politica","tag-anses","tag-milei"],"jetpack_publicize_connections":[],"_links":{"self":[{"href":"https:\/\/www.enorsai.com\/noticias\/wp-json\/wp\/v2\/posts\/992","targetHints":{"allow":["GET"]}}],"collection":[{"href":"https:\/\/www.enorsai.com\/noticias\/wp-json\/wp\/v2\/posts"}],"about":[{"href":"https:\/\/www.enorsai.com\/noticias\/wp-json\/wp\/v2\/types\/post"}],"author":[{"embeddable":true,"href":"https:\/\/www.enorsai.com\/noticias\/wp-json\/wp\/v2\/users\/1"}],"replies":[{"embeddable":true,"href":"https:\/\/www.enorsai.com\/noticias\/wp-json\/wp\/v2\/comments?post=992"}],"version-history":[{"count":2,"href":"https:\/\/www.enorsai.com\/noticias\/wp-json\/wp\/v2\/posts\/992\/revisions"}],"predecessor-version":[{"id":1007,"href":"https:\/\/www.enorsai.com\/noticias\/wp-json\/wp\/v2\/posts\/992\/revisions\/1007"}],"wp:featuredmedia":[{"embeddable":true,"href":"https:\/\/www.enorsai.com\/noticias\/wp-json\/wp\/v2\/media\/1006"}],"wp:attachment":[{"href":"https:\/\/www.enorsai.com\/noticias\/wp-json\/wp\/v2\/media?parent=992"}],"wp:term":[{"taxonomy":"category","embeddable":true,"href":"https:\/\/www.enorsai.com\/noticias\/wp-json\/wp\/v2\/categories?post=992"},{"taxonomy":"post_tag","embeddable":true,"href":"https:\/\/www.enorsai.com\/noticias\/wp-json\/wp\/v2\/tags?post=992"}],"curies":[{"name":"wp","href":"https:\/\/api.w.org\/{rel}","templated":true}]}}