{"id":9919,"date":"2025-10-18T09:49:58","date_gmt":"2025-10-18T12:49:58","guid":{"rendered":"https:\/\/www.enorsai.com\/noticias\/?p=9919"},"modified":"2025-10-18T09:50:53","modified_gmt":"2025-10-18T12:50:53","slug":"para-federico-sturzenegger-los-argentinos-son-unos-pelotudos","status":"publish","type":"post","link":"https:\/\/www.enorsai.com\/noticias\/uncategorized\/para-federico-sturzenegger-los-argentinos-son-unos-pelotudos\/","title":{"rendered":"Para Federico Sturzenegger los argentinos son \u00abunos pelotudos\u00bb"},"content":{"rendered":"\n<p>En el 61\u00b0 Coloquio de IDEA realizado en Mar del Plata, el ministro de Desregulaci\u00f3n y Transformaci\u00f3n del Estado, Federico Sturzenegger, volvi\u00f3 a dejar en claro que su idea de \u201cmodernizar\u201d la Argentina pasa por insultar al pueblo y disciplinar a los empresarios. En un discurso que combin\u00f3 desprecio, soberbia tecnocr\u00e1tica y la habitual fe ciega en los \u201cmercados\u201d, el ex titular del Banco Central calific\u00f3 a los argentinos como \u201cunos pelotudos\u201d por no aprovechar \u2014seg\u00fan \u00e9l\u2014 las oportunidades que ofrece la miner\u00eda.<\/p>\n\n\n\n<p>La frase, que gener\u00f3 sorpresa e incomodidad entre los presentes, fue dicha en el marco de una exposici\u00f3n en la que Sturzenegger defendi\u00f3 las reformas laborales y de desregulaci\u00f3n impulsadas por el gobierno de Javier Milei. \u201cCuando Dios cre\u00f3 el mundo y la cordillera, puso todos los minerales del lado de Chile, o la segunda hip\u00f3tesis es que somos unos pelotudos\u201d, lanz\u00f3, con una sonrisa c\u00f3mplice dirigida a un auditorio empresarial que no atin\u00f3 a aplaudir.<\/p>\n\n\n\n<p>M\u00e1s all\u00e1 del exabrupto, el ministro aprovech\u00f3 su intervenci\u00f3n para culpar a los empresarios por \u201cno haber hecho nada\u201d con las libertades que, seg\u00fan dijo, les otorg\u00f3 el Gobierno a trav\u00e9s de los \u00faltimos decretos. Record\u00f3 que hace diez a\u00f1os asiste al Coloquio de IDEA hablando de la \u201crigidez laboral\u201d y sostuvo que, pese a que ahora tienen v\u00eda libre para redise\u00f1ar contratos e indemnizaciones, \u201cnadie hizo nada\u201d.<\/p>\n\n\n\n<p>Sturzenegger relat\u00f3 que el a\u00f1o pasado, durante la edici\u00f3n 60 del mismo evento, le hab\u00edan acercado una lista con 210 regulaciones a eliminar. \u201cYa resolvimos 94 o est\u00e1n en v\u00edas de resolverse\u201d, asegur\u00f3, en un intento por mostrar gesti\u00f3n y continuidad en su cruzada contra el Estado regulador. Pero su tono, lejos de buscar consensos, son\u00f3 a reproche: \u201cEl gobierno les da libertad y ustedes no la usan. Bueno, muchachos, tal vez no es tan grave el problema, o quiz\u00e1s est\u00e1n esperando otra cosa\u201d.<\/p>\n\n\n\n<p>El funcionario volvi\u00f3 a insistir en que Argentina \u201cser\u00e1 uno de los pa\u00edses con la energ\u00eda m\u00e1s barata del mundo\u201d, un mantra que repite desde hace meses para justificar la desregulaci\u00f3n total del sector energ\u00e9tico. En su visi\u00f3n, esa supuesta ventaja competitiva generar\u00e1 un \u201cc\u00edrculo virtuoso entre energ\u00eda e industria\u201d, aunque en la pr\u00e1ctica las tarifas dolarizadas y los aumentos de combustibles siguen golpeando a hogares y pymes.<\/p>\n\n\n\n<p>El Coloquio de IDEA, hist\u00f3ricamente un espacio de di\u00e1logo entre el poder econ\u00f3mico y el pol\u00edtico, volvi\u00f3 a convertirse en un escenario de alineamiento ideol\u00f3gico con el modelo libertario. Sturzenegger no s\u00f3lo expuso como ministro, sino tambi\u00e9n como uno de los cerebros doctrinarios del mile\u00edsmo: un tecn\u00f3crata que busca desmontar el Estado bajo el argumento de la \u201ceficiencia\u201d, mientras desprecia abiertamente a los argentinos que sufren las consecuencias de esas pol\u00edticas.<\/p>\n\n\n\n<p>La frase \u201csomos unos pelotudos\u201d sintetiza el pensamiento elitista que gu\u00eda al gobierno de Javier Milei. Detr\u00e1s de la aparente \u201cautocr\u00edtica nacional\u201d, lo que subyace es una idea profundamente clasista: que los argentinos no progresan por su propia culpa y no por el saqueo sistem\u00e1tico de los recursos, las privatizaciones a medida de las corporaciones o las pol\u00edticas de ajuste dictadas por el FMI.<\/p>\n\n\n\n<p>En ese sentido, su discurso en IDEA no fue un exabrupto aislado sino una declaraci\u00f3n de principios. La \u201cdesregulaci\u00f3n\u201d que promueve no es una invitaci\u00f3n al desarrollo, sino una transferencia de poder desde el Estado hacia los grupos concentrados. Y el \u201ctir\u00f3n de orejas\u201d a los empresarios no busca empujarlos a innovar, sino recordarles qui\u00e9n tiene hoy la lapicera.<\/p>\n\n\n\n<p>La escena final del discurso \u2014con Sturzenegger amonestando a un auditorio silencioso\u2014 simboliza con precisi\u00f3n la distancia entre el gobierno y la sociedad. Mientras el pa\u00eds atraviesa una crisis social sin precedentes, el ministro de Desregulaci\u00f3n insulta a los argentinos y reclama m\u00e1s obediencia a quienes ya concentran la riqueza.<\/p>\n\n\n\n<p>En el Coloquio de IDEA, donde deber\u00edan discutirse estrategias para un desarrollo equitativo y sostenible, lo que se escuch\u00f3 fue la confirmaci\u00f3n de una pol\u00edtica orientada a desmantelar lo poco que queda del Estado de bienestar. Sturzenegger no habl\u00f3 de salarios, ni de pobreza, ni de inflaci\u00f3n: habl\u00f3 de \u201clibertad\u201d entendida como sin\u00f3nimo de desprotecci\u00f3n. Y cuando la realidad lo contradice, responde con lo \u00fanico que parece saber hacer: insultar.<\/p>\n\n\n\n<p><strong>Fuente:<\/strong><br>elDiarioAR \u2013 \u201cSturzenegger insult\u00f3 a los argentinos por no aprovechar la miner\u00eda en el Coloquio de IDEA\u201d<br><a href=\"https:\/\/www.eldiarioar.com\/economia\/sturzenegger-insulto-argentinos-aprovechar-opciones-ofrece-mineria_1_11605991.html\">https:\/\/www.eldiarioar.com\/economia\/sturzenegger-insulto-argentinos-aprovechar-opciones-ofrece-mineria_1_11605991.html<\/a><\/p>\n\n\n\n<p>Foto de Portada: Agencia Noticias Argentinas \/ Jos\u00e9 Scalzo<\/p>\n","protected":false},"excerpt":{"rendered":"<p>En el 61\u00b0 Coloquio de IDEA realizado en Mar del Plata, el ministro de Desregulaci\u00f3n y Transformaci\u00f3n del Estado, Federico Sturzenegger, volvi\u00f3 a dejar en claro que su idea de \u201cmodernizar\u201d la Argentina pasa por insultar al pueblo y disciplinar a los empresarios. En un discurso que combin\u00f3 desprecio, soberbia tecnocr\u00e1tica y la habitual fe&#8230;<\/p>\n","protected":false},"author":1,"featured_media":9920,"comment_status":"open","ping_status":"open","sticky":false,"template":"","format":"standard","meta":{"_monsterinsights_skip_tracking":false,"_monsterinsights_sitenote_active":false,"_monsterinsights_sitenote_note":"","_monsterinsights_sitenote_category":0,"footnotes":"","jetpack_publicize_message":"","jetpack_publicize_feature_enabled":true,"jetpack_social_post_already_shared":true,"jetpack_social_options":{"image_generator_settings":{"template":"highway","default_image_id":0,"font":"","enabled":false},"version":2}},"categories":[1],"tags":[],"class_list":["post-9919","post","type-post","status-publish","format-standard","has-post-thumbnail","hentry","category-uncategorized"],"jetpack_publicize_connections":[],"_links":{"self":[{"href":"https:\/\/www.enorsai.com\/noticias\/wp-json\/wp\/v2\/posts\/9919","targetHints":{"allow":["GET"]}}],"collection":[{"href":"https:\/\/www.enorsai.com\/noticias\/wp-json\/wp\/v2\/posts"}],"about":[{"href":"https:\/\/www.enorsai.com\/noticias\/wp-json\/wp\/v2\/types\/post"}],"author":[{"embeddable":true,"href":"https:\/\/www.enorsai.com\/noticias\/wp-json\/wp\/v2\/users\/1"}],"replies":[{"embeddable":true,"href":"https:\/\/www.enorsai.com\/noticias\/wp-json\/wp\/v2\/comments?post=9919"}],"version-history":[{"count":2,"href":"https:\/\/www.enorsai.com\/noticias\/wp-json\/wp\/v2\/posts\/9919\/revisions"}],"predecessor-version":[{"id":9922,"href":"https:\/\/www.enorsai.com\/noticias\/wp-json\/wp\/v2\/posts\/9919\/revisions\/9922"}],"wp:featuredmedia":[{"embeddable":true,"href":"https:\/\/www.enorsai.com\/noticias\/wp-json\/wp\/v2\/media\/9920"}],"wp:attachment":[{"href":"https:\/\/www.enorsai.com\/noticias\/wp-json\/wp\/v2\/media?parent=9919"}],"wp:term":[{"taxonomy":"category","embeddable":true,"href":"https:\/\/www.enorsai.com\/noticias\/wp-json\/wp\/v2\/categories?post=9919"},{"taxonomy":"post_tag","embeddable":true,"href":"https:\/\/www.enorsai.com\/noticias\/wp-json\/wp\/v2\/tags?post=9919"}],"curies":[{"name":"wp","href":"https:\/\/api.w.org\/{rel}","templated":true}]}}