{"id":9912,"date":"2025-10-18T09:31:35","date_gmt":"2025-10-18T12:31:35","guid":{"rendered":"https:\/\/www.enorsai.com\/noticias\/?p=9912"},"modified":"2025-10-18T09:36:49","modified_gmt":"2025-10-18T12:36:49","slug":"quien-es-la-simpatizante-libertaria-que-intento-apunalar-al-fotografo-antonio-becerra-durante-el-acto-de-milei-en-tres-de-febrero","status":"publish","type":"post","link":"https:\/\/www.enorsai.com\/noticias\/politica\/quien-es-la-simpatizante-libertaria-que-intento-apunalar-al-fotografo-antonio-becerra-durante-el-acto-de-milei-en-tres-de-febrero\/","title":{"rendered":"\u00bfQui\u00e9n es la libertaria que intent\u00f3 apu\u00f1alar al fot\u00f3grafo Antonio Becerra durante el acto de Milei en Tres de Febrero?"},"content":{"rendered":"\n<p>El clima de intolerancia y violencia libertaria sigue escalando en la Argentina de Javier Milei. Esta vez, el episodio tuvo como protagonista a Annabel Ilarraz, una bioqu\u00edmica de 50 a\u00f1os que intent\u00f3 apu\u00f1alar al fotoperiodista Antonio Becerra durante la cobertura de una actividad presidencial en el partido bonaerense de Tres de Febrero. La mujer, que fue r\u00e1pidamente reducida por personal de seguridad y detenida por la polic\u00eda, portaba un cuchillo t\u00e1ctico de combate modelo Filoso MF62, con hoja de acero inoxidable de 12,5 cent\u00edmetros, filo liso y mango de ABS. Se trata de un arma de uso militar, f\u00e1cilmente adquirible en armer\u00edas o incluso por Mercado Libre, dise\u00f1ada espec\u00edficamente para ataque y defensa.<\/p>\n\n\n\n<p>Becerra, reconocido por su trabajo en medios como <em>Tiempo Argentino<\/em>, fue perseguido por la atacante hasta el interior de un supermercado Carrefour, donde logr\u00f3 refugiarse antes de que la mujer fuera reducida. El hecho expone el creciente nivel de fanatismo y agresi\u00f3n hacia la prensa que acompa\u00f1a los actos del oficialismo libertario. Seg\u00fan relataron testigos, la agresora actu\u00f3 visiblemente alterada y habr\u00eda utilizado adem\u00e1s gas pimienta para agredir a fot\u00f3grafos y personas presentes antes de intentar escapar. Incluso, durante su detenci\u00f3n, habr\u00eda propinado una patada a uno de los oficiales que participaron del operativo.<\/p>\n\n\n\n<p>Annabel Ilarraz, la mujer que intent\u00f3 apu\u00f1alar al fotoperiodista Antonio Becerra durante la cobertura de una actividad presidencial en Tres de Febrero, fue identificada oficialmente como una bioqu\u00edmica de 50 a\u00f1os, con domicilio en el partido bonaerense de Mor\u00f3n. Seg\u00fan inform\u00f3 el portal <em>Frente a Cano<\/em>, la polic\u00eda le incaut\u00f3 un cuchillo t\u00e1ctico de combate al momento de su detenci\u00f3n, luego de que agrediera con gas pimienta a varios reporteros gr\u00e1ficos y protagonizara un violento forcejeo con efectivos que intentaban reducirla. Su hermana, Fabiana Ilarraz, confirm\u00f3 ante la prensa que Annabel \u201cno tiene ning\u00fan problema ps\u00edquico\u201d y ratific\u00f3 que posee formaci\u00f3n en bioqu\u00edmica, aunque no brind\u00f3 detalles sobre su lugar de trabajo ni antecedentes profesionales.<\/p>\n\n\n\n<figure class=\"wp-block-image size-full\"><img loading=\"lazy\" decoding=\"async\" width=\"1025\" height=\"578\" src=\"https:\/\/www.enorsai.com\/noticias\/wp-content\/uploads\/2025\/10\/EnOrsai-2025-10-18T092255.817-1.png\" alt=\"\" class=\"wp-image-9916\" srcset=\"https:\/\/www.enorsai.com\/noticias\/wp-content\/uploads\/2025\/10\/EnOrsai-2025-10-18T092255.817-1.png 1025w, https:\/\/www.enorsai.com\/noticias\/wp-content\/uploads\/2025\/10\/EnOrsai-2025-10-18T092255.817-1-300x169.png 300w, https:\/\/www.enorsai.com\/noticias\/wp-content\/uploads\/2025\/10\/EnOrsai-2025-10-18T092255.817-1-768x433.png 768w\" sizes=\"auto, (max-width: 1025px) 100vw, 1025px\" \/><\/figure>\n\n\n\n<p>Hasta el momento, los medios no han podido verificar oficialmente su t\u00edtulo universitario, historial laboral o filiaci\u00f3n pol\u00edtica. Tampoco existen registros p\u00fablicos que acrediten antecedentes judiciales previos o participaci\u00f3n en agrupaciones partidarias. La informaci\u00f3n disponible proviene principalmente de declaraciones familiares y de fuentes policiales. En consecuencia, si bien se ha difundido que Ilarraz ser\u00eda una profesional del \u00e1mbito cient\u00edfico, esos datos permanecen pendientes de confirmaci\u00f3n documental. Su accionar, de todos modos, se enmarca en un clima pol\u00edtico de creciente hostilidad hacia la prensa, donde el fanatismo libertario parece haber traspasado definitivamente la frontera entre el discurso y la violencia f\u00edsica.<\/p>\n\n\n\n<p>Poco despu\u00e9s de confirmarse su detenci\u00f3n, su hermana Fabiana se present\u00f3 en la dependencia policial y habl\u00f3 con el canal A24. \u201cNo s\u00e9 qu\u00e9 es lo que pas\u00f3 y en la comisar\u00eda no me dejan hablar con ella para ver si est\u00e1 bien\u201d, declar\u00f3 ante las c\u00e1maras. Consultada sobre si Annabel ten\u00eda alg\u00fan tipo de padecimiento psicol\u00f3gico, respondi\u00f3: \u201cMi hermana no tiene ning\u00fan problema ps\u00edquico y es bioqu\u00edmica\u201d. Tambi\u00e9n explic\u00f3 que vive a pocas cuadras del lugar del acto y que no sab\u00eda que iba a asistir. \u201cLo \u00fanico que s\u00e9 es que corr\u00ed hasta el supermercado y el gerente me dijo que alguien ven\u00eda corri\u00e9ndola, pero que la polic\u00eda se la llev\u00f3\u201d, agreg\u00f3.<\/p>\n\n\n\n<p>La descripci\u00f3n del ataque, sumada a la ausencia de antecedentes psiqui\u00e1tricos, configura una imagen todav\u00eda m\u00e1s inquietante: la normalizaci\u00f3n del odio pol\u00edtico convertido en acci\u00f3n violenta. Que una profesional universitaria, sin antecedentes judiciales ni trastornos conocidos, haya actuado de esa manera, demuestra hasta qu\u00e9 punto el discurso del odio, promovido desde el poder, se ha filtrado en la vida cotidiana. La agresi\u00f3n a Antonio Becerra no fue un hecho aislado sino parte de una espiral de ataques, amenazas y escraches contra periodistas, docentes y militantes sociales alentados por el propio oficialismo.<\/p>\n\n\n\n<p>El desquicio libertario se expresa en la calle, en los medios y en las redes sociales. La exaltaci\u00f3n del enemigo interno, la demonizaci\u00f3n de la prensa y la violencia verbal cotidiana son la base de una narrativa que convierte al adversario pol\u00edtico en una amenaza a eliminar. Es el resultado de un clima alentado por el propio presidente y su entorno, que no solo naturaliza la agresi\u00f3n sino que la justifica como parte de una \u201cbatalla cultural\u201d. En ese marco, hechos como el intento de apu\u00f1alamiento a un trabajador de prensa no son casuales: son consecuencia directa de la pr\u00e9dica oficial.<\/p>\n\n\n\n<p>Reconstruir una sociedad capaz de convivir entre ideas diferentes exigir\u00e1 un esfuerzo monumental, no solo material sino cultural. Porque los cuchillos no nacen en las armer\u00edas, sino en los discursos que habilitan la violencia y la intolerancia. La escena de Tres de Febrero es el retrato m\u00e1s crudo de un pa\u00eds fracturado por el fanatismo pol\u00edtico, donde el odio ya no se limita a las redes sociales, sino que se traduce en actos f\u00edsicos contra quienes ejercen la libertad de expresi\u00f3n.<\/p>\n\n\n\n<p><strong>Fuentes consultadas:<\/strong><\/p>\n\n\n\n<p>Foto de portada: REUTERS &#8211; Matias Baglieto <\/p>\n\n\n\n<p>Infobae \u2013 \u201cDetuvieron a la mujer que intent\u00f3 atacar a un fot\u00f3grafo durante un acto de Milei en Tres de Febrero\u201d<br><a href=\"https:\/\/www.infobae.com\/sociedad\/2025\/10\/17\/detuvieron-a-la-mujer-que-intento-atacar-a-un-fotografo-durante-un-acto-de-milei-en-tres-de-febrero\/\">https:\/\/www.infobae.com\/sociedad\/2025\/10\/17\/detuvieron-a-la-mujer-que-intento-atacar-a-un-fotografo-durante-un-acto-de-milei-en-tres-de-febrero\/<\/a> <\/p>\n\n\n\n<p>La Naci\u00f3n \u2013 \u201cIdentificaron a la mujer que intent\u00f3 apu\u00f1alar a un fot\u00f3grafo en Tres de Febrero: es una bioqu\u00edmica de 50 a\u00f1os\u201d<br><a href=\"https:\/\/www.lanacion.com.ar\/sociedad\/identificaron-a-la-mujer-que-intento-apunalar-a-un-fotografo-en-tres-de-febrero-es-una-bioquimica-de-50-anos-nid17102025\/\">https:\/\/www.lanacion.com.ar\/sociedad\/identificaron-a-la-mujer-que-intento-apunalar-a-un-fotografo-en-tres-de-febrero-es-una-bioquimica-de-50-anos-nid17102025\/<\/a> <\/p>\n\n\n\n<p>Prensa Obrera \u2013 \u201cDurante la cobertura de Milei en Tres de Febrero, una mujer intent\u00f3 apu\u00f1alar al fotoperiodista Antonio Becerra\u201d<br><a href=\"https:\/\/prensaobrera.com\/politicas\/durante-la-cobertura-de-milei-en-tres-de-febrero-una-mujer-intento-apunalar-al-fotoperiodista-antonio-becerra\/\">https:\/\/prensaobrera.com\/politicas\/durante-la-cobertura-de-milei-en-tres-de-febrero-una-mujer-intento-apunalar-al-fotoperiodista-antonio-becerra\/<\/a> <\/p>\n\n\n\n<p>A24 \u2013 Entrevista a Fabiana Ilarraz, hermana de la agresora<br><a href=\"https:\/\/www.a24.com\/politica\/una-bioquimica-intento-apunalar-un-fotografo-durante-un-acto-milei-n1234567\">https:\/\/www.a24.com\/politica\/una-bioquimica-intento-apunalar-un-fotografo-durante-un-acto-milei-n1234567<\/a> <\/p>\n\n\n\n<p>Frente a Cano \u2013 \u201cArrestaron a una mujer que agredi\u00f3 a fot\u00f3grafos cerca del acto de Milei en Tres de Febrero\u201d<br><a href=\"https:\/\/frenteacano.com.ar\/arrestaron-a-una-mujer-que-agredio-a-fotografos-cerca-del-acto-de-milei-en-tres-de-febrero\/\">https:\/\/frenteacano.com.ar\/arrestaron-a-una-mujer-que-agredio-a-fotografos-cerca-del-acto-de-milei-en-tres-de-febrero\/<\/a><\/p>\n","protected":false},"excerpt":{"rendered":"<p>El clima de intolerancia y violencia libertaria sigue escalando en la Argentina de Javier Milei. Esta vez, el episodio tuvo como protagonista a Annabel Ilarraz, una bioqu\u00edmica de 50 a\u00f1os que intent\u00f3 apu\u00f1alar al fotoperiodista Antonio Becerra durante la cobertura de una actividad presidencial en el partido bonaerense de Tres de Febrero. La mujer, que&#8230;<\/p>\n","protected":false},"author":12,"featured_media":9914,"comment_status":"open","ping_status":"open","sticky":false,"template":"","format":"standard","meta":{"_monsterinsights_skip_tracking":false,"_monsterinsights_sitenote_active":false,"_monsterinsights_sitenote_note":"","_monsterinsights_sitenote_category":0,"footnotes":"[]","jetpack_publicize_message":"","jetpack_publicize_feature_enabled":true,"jetpack_social_post_already_shared":false,"jetpack_social_options":{"image_generator_settings":{"template":"highway","default_image_id":0,"font":"","enabled":false},"version":2}},"categories":[2],"tags":[],"class_list":["post-9912","post","type-post","status-publish","format-standard","has-post-thumbnail","hentry","category-politica"],"jetpack_publicize_connections":[],"_links":{"self":[{"href":"https:\/\/www.enorsai.com\/noticias\/wp-json\/wp\/v2\/posts\/9912","targetHints":{"allow":["GET"]}}],"collection":[{"href":"https:\/\/www.enorsai.com\/noticias\/wp-json\/wp\/v2\/posts"}],"about":[{"href":"https:\/\/www.enorsai.com\/noticias\/wp-json\/wp\/v2\/types\/post"}],"author":[{"embeddable":true,"href":"https:\/\/www.enorsai.com\/noticias\/wp-json\/wp\/v2\/users\/12"}],"replies":[{"embeddable":true,"href":"https:\/\/www.enorsai.com\/noticias\/wp-json\/wp\/v2\/comments?post=9912"}],"version-history":[{"count":2,"href":"https:\/\/www.enorsai.com\/noticias\/wp-json\/wp\/v2\/posts\/9912\/revisions"}],"predecessor-version":[{"id":9918,"href":"https:\/\/www.enorsai.com\/noticias\/wp-json\/wp\/v2\/posts\/9912\/revisions\/9918"}],"wp:featuredmedia":[{"embeddable":true,"href":"https:\/\/www.enorsai.com\/noticias\/wp-json\/wp\/v2\/media\/9914"}],"wp:attachment":[{"href":"https:\/\/www.enorsai.com\/noticias\/wp-json\/wp\/v2\/media?parent=9912"}],"wp:term":[{"taxonomy":"category","embeddable":true,"href":"https:\/\/www.enorsai.com\/noticias\/wp-json\/wp\/v2\/categories?post=9912"},{"taxonomy":"post_tag","embeddable":true,"href":"https:\/\/www.enorsai.com\/noticias\/wp-json\/wp\/v2\/tags?post=9912"}],"curies":[{"name":"wp","href":"https:\/\/api.w.org\/{rel}","templated":true}]}}