{"id":9903,"date":"2025-10-18T07:56:54","date_gmt":"2025-10-18T10:56:54","guid":{"rendered":"https:\/\/www.enorsai.com\/noticias\/?p=9903"},"modified":"2025-10-18T07:56:59","modified_gmt":"2025-10-18T10:56:59","slug":"un-juez-de-agencia-nacional-de-discapacidad-andis-ordena-la-restitucion-inmediata-de-todas-las-pensiones-por-discapacidad-suspendidas-en-el-pais","status":"publish","type":"post","link":"https:\/\/www.enorsai.com\/noticias\/politica\/un-juez-de-agencia-nacional-de-discapacidad-andis-ordena-la-restitucion-inmediata-de-todas-las-pensiones-por-discapacidad-suspendidas-en-el-pais\/","title":{"rendered":"Un juez de Agencia Nacional de Discapacidad (ANDIS) ordena la restituci\u00f3n inmediata de todas las pensiones por discapacidad suspendidas en el pa\u00eds"},"content":{"rendered":"\n<p>Un fallo judicial emitido por el Juzgado Federal N\u00b0 2 de Catamarca marc\u00f3 un antes y un despu\u00e9s en la pol\u00edtica de recortes aplicada por el Gobierno nacional sobre las pensiones por discapacidad. El juez Guillermo D\u00edaz Mart\u00ednez orden\u00f3 a la Agencia Nacional de Discapacidad (ANDIS) restablecer de manera inmediata todas las pensiones suspendidas o retenidas en el pa\u00eds y abonar los haberes adeudados a los titulares. La resoluci\u00f3n, de alcance nacional, tambi\u00e9n intim\u00f3 al organismo a abstenerse de ejecutar nuevas suspensiones o auditor\u00edas basadas en el Decreto 843\/2024, norma que hab\u00eda endurecido las condiciones para acceder al beneficio y que sirvi\u00f3 de marco para la quita masiva de pensiones en los \u00faltimos meses.<\/p>\n\n\n\n<p>La decisi\u00f3n judicial se conoci\u00f3 mientras en la sede central de la ANDIS, en el barrio porte\u00f1o de Belgrano, se desarrollaba una nueva jornada de protesta encabezada por familiares de personas con discapacidad, prestadores de servicios terap\u00e9uticos y trabajadores del propio organismo. Los manifestantes denunciaron la falta de respuestas oficiales, el atraso en los pagos y el deterioro de las condiciones laborales y asistenciales. En medio de los reclamos, un grupo ingres\u00f3 al edificio tras retirar las vallas colocadas en el ingreso y exigi\u00f3 la restituci\u00f3n inmediata de los pagos suspendidos, al grito de \u201cno se juega con la vida de las personas con discapacidad\u201d.<\/p>\n\n\n\n<p>El fallo judicial surge de una acci\u00f3n de amparo colectivo impulsada por organizaciones de derechos humanos y entidades de defensa de las personas con discapacidad, entre ellas Asociaci\u00f3n Azul, la Asociaci\u00f3n de Personas y Familiares de Discapacitados Motores (A.P.Y.Fa.Di.M.), el CELS y la ACIJ. En su resoluci\u00f3n, el juez consider\u00f3 probado que las suspensiones afectaron de forma masiva y homog\u00e9nea a miles de titulares, configurando una vulneraci\u00f3n generalizada de derechos que justificaba extender los efectos de la sentencia a todo el pa\u00eds. De esta forma, la medida que inicialmente se aplicaba s\u00f3lo en Catamarca adquiere alcance federal, con impacto directo sobre m\u00e1s de 400.000 pensiones.<\/p>\n\n\n\n<p>El magistrado tambi\u00e9n argument\u00f3 que el derecho a la seguridad social de las personas con discapacidad se encuentra amparado por la Constituci\u00f3n Nacional y por tratados internacionales con jerarqu\u00eda constitucional, por lo que el Estado tiene la obligaci\u00f3n de garantizarlo de forma continua y sin interrupciones arbitrarias. En consecuencia, el fallo ordena al organismo dirigido por Fernando Galarraga que en un plazo de 24 horas reactive los pagos de todas las pensiones suspendidas y devuelva los haberes retenidos, bajo apercibimiento de incurrir en desobediencia judicial.<\/p>\n\n\n\n<p>La medida representa un duro rev\u00e9s pol\u00edtico y administrativo para el gobierno de Javier Milei, que hab\u00eda justificado las auditor\u00edas en supuestas \u201cirregularidades\u201d dentro del sistema de pensiones. Seg\u00fan datos oficiales, el proceso de revisi\u00f3n iniciado en mayo afect\u00f3 a m\u00e1s de medio mill\u00f3n de beneficiarios, muchos de los cuales dejaron de cobrar de un d\u00eda para otro. En paralelo, el Ejecutivo se neg\u00f3 a recibir a las asociaciones de discapacidad que ven\u00edan advirtiendo sobre el impacto social y sanitario de la medida, al tiempo que desfinanciaba los programas de apoyo y recortaba los aranceles de prestadores.<\/p>\n\n\n\n<p>Mientras tanto, la protesta en la sede de ANDIS reflej\u00f3 el clima de angustia e indignaci\u00f3n que atraviesan las familias. \u201cHoy ya es tarde, las terapias que se perdieron este a\u00f1o son irreparables\u201d, dijo una de las madres que participaba de la manifestaci\u00f3n. \u201cEs un sector muy fr\u00e1gil, se necesitan las terapias y se necesitan ahora. No se puede esperar a que el Estado decida cu\u00e1ndo pagar\u201d. La movilizaci\u00f3n se replic\u00f3 en distintas provincias, en un contexto donde la emergencia en discapacidad sigue sin ser reconocida por el Gobierno, que vet\u00f3 la ley aprobada por el Congreso para restablecer la cobertura plena de prestaciones.<\/p>\n\n\n\n<p>El fallo, adem\u00e1s de restituir derechos, suspende temporalmente la pol\u00edtica de control impulsada por la ANDIS bajo el Decreto 843\/2024, brindando un respiro a miles de beneficiarios que hab\u00edan quedado sin ingreso alguno. Desde las organizaciones que impulsaron el amparo celebraron la medida como una victoria colectiva y una se\u00f1al de que \u201ctodav\u00eda existen jueces dispuestos a poner l\u00edmites a la crueldad estatal\u201d. La decisi\u00f3n judicial no s\u00f3lo obliga a restituir las pensiones, sino tambi\u00e9n a frenar las auditor\u00edas en curso, detener nuevas suspensiones y revisar el procedimiento administrativo que permiti\u00f3 los recortes.<\/p>\n\n\n\n<p>Si bien el Gobierno puede apelar la medida, el fallo tiene efectos inmediatos. El desaf\u00edo, ahora, ser\u00e1 garantizar su cumplimiento efectivo y evitar maniobras dilatorias. Los prestadores y familiares advirtieron que seguir\u00e1n movilizados hasta que se acrediten los pagos y se cumpla la totalidad de la orden judicial. \u201cNo se trata de una d\u00e1diva, se trata de derechos adquiridos\u201d, se\u00f1alaron en un comunicado conjunto. La situaci\u00f3n, que combina desamparo social, ajuste presupuestario y desidia pol\u00edtica, dej\u00f3 al descubierto la profunda contradicci\u00f3n de un gobierno que prometi\u00f3 eficiencia, pero termin\u00f3 gestionando con crueldad.<\/p>\n\n\n\n<p>En definitiva, el fallo de Catamarca marca un l\u00edmite jur\u00eddico y moral frente a una pol\u00edtica de ajuste que golpe\u00f3 a uno de los sectores m\u00e1s vulnerables de la sociedad. Reponer las pensiones no es un acto de caridad: es restituir derechos que nunca debieron haberse vulnerado. Y aunque la justicia haya hablado, la responsabilidad pol\u00edtica sigue recayendo sobre quienes, desde el poder, decidieron convertir la discapacidad en una variable del ajuste.<\/p>\n\n\n\n<p><\/p>\n\n\n\n<p><strong>Fuentes consultadas:<\/strong><br>Infobae \u2013 \u201cUn juez de Catamarca orden\u00f3 restablecer todas las pensiones por discapacidad a nivel nacional\u201d<br><a href=\"https:\/\/www.infobae.com\/judiciales\/2025\/10\/17\/un-juez-de-catamarca-ordeno-restablecer-todas-las-pensiones-por-discapacidad-a-nivel-nacional\/\">https:\/\/www.infobae.com\/judiciales\/2025\/10\/17\/un-juez-de-catamarca-ordeno-restablecer-todas-las-pensiones-por-discapacidad-a-nivel-nacional\/<\/a><\/p>\n\n\n\n<p>P\u00e1gina 12 \u2013 \u201cLa Justicia orden\u00f3 restablecer todas las pensiones por discapacidad\u201d<br><a href=\"https:\/\/www.pagina12.com.ar\/866710-la-justicia-ordeno-restablecer-todas-las-pensiones-por-disca\">https:\/\/www.pagina12.com.ar\/866710-la-justicia-ordeno-restablecer-todas-las-pensiones-por-disca<\/a><\/p>\n\n\n\n<p>Palabras del Derecho \u2013 \u201cUn juez federal de Catamarca orden\u00f3 que la ANDIS reintegre las pensiones por discapacidad en todo el pa\u00eds\u201d<br><a href=\"https:\/\/www.palabrasdelderecho.com.ar\/articulo\/6315\/Un-juez-federal-de-Catamarca-ordeno-que-la-ANDIS-reintegre-las-pensiones-por-discapacidad-en-todo-el-pais\">https:\/\/www.palabrasdelderecho.com.ar\/articulo\/6315\/Un-juez-federal-de-Catamarca-ordeno-que-la-ANDIS-reintegre-las-pensiones-por-discapacidad-en-todo-el-pais<\/a><\/p>\n\n\n\n<p>\u00c1mbito Financiero \u2013 \u201cRev\u00e9s para el Gobierno: la Justicia orden\u00f3 restablecer todas las pensiones por discapacidad\u201d<br><a href=\"https:\/\/www.ambito.com\/politica\/reves-el-gobierno-la-justicia-ordeno-restablecer-todas-las-pensiones-discapacidad-n6203395\">https:\/\/www.ambito.com\/politica\/reves-el-gobierno-la-justicia-ordeno-restablecer-todas-las-pensiones-discapacidad-n6203395<\/a><\/p>\n\n\n\n<p>Data Diario \u2013 \u201cEsc\u00e1ndalo en las oficinas de la ANDIS: familiares de personas con discapacidad ingresaron a la sede de Belgrano\u201d<br><a href=\"https:\/\/www.datadiario.com\/politica\/escandalo-en-las-oficinas-de-la-andis-empleados-y-familiares-de-personas-con-discapacidad-ingresaron-a-la-sede-de-belgrano-en-reclamo-por-la-falta-de-prestaciones-2025101714280\">https:\/\/www.datadiario.com\/politica\/escandalo-en-las-oficinas-de-la-andis-empleados-y-familiares-de-personas-con-discapacidad-ingresaron-a-la-sede-de-belgrano-en-reclamo-por-la-falta-de-prestaciones-2025101714280<\/a><\/p>\n","protected":false},"excerpt":{"rendered":"<p>Un fallo judicial emitido por el Juzgado Federal N\u00b0 2 de Catamarca marc\u00f3 un antes y un despu\u00e9s en la pol\u00edtica de recortes aplicada por el Gobierno nacional sobre las pensiones por discapacidad. El juez Guillermo D\u00edaz Mart\u00ednez orden\u00f3 a la Agencia Nacional de Discapacidad (ANDIS) restablecer de manera inmediata todas las pensiones suspendidas o&#8230;<\/p>\n","protected":false},"author":11,"featured_media":9904,"comment_status":"open","ping_status":"open","sticky":false,"template":"","format":"standard","meta":{"_monsterinsights_skip_tracking":false,"_monsterinsights_sitenote_active":false,"_monsterinsights_sitenote_note":"","_monsterinsights_sitenote_category":0,"footnotes":"","jetpack_publicize_message":"","jetpack_publicize_feature_enabled":true,"jetpack_social_post_already_shared":true,"jetpack_social_options":{"image_generator_settings":{"template":"highway","default_image_id":0,"font":"","enabled":false},"version":2}},"categories":[2,4],"tags":[],"class_list":["post-9903","post","type-post","status-publish","format-standard","has-post-thumbnail","hentry","category-politica","category-sociedad"],"jetpack_publicize_connections":[],"_links":{"self":[{"href":"https:\/\/www.enorsai.com\/noticias\/wp-json\/wp\/v2\/posts\/9903","targetHints":{"allow":["GET"]}}],"collection":[{"href":"https:\/\/www.enorsai.com\/noticias\/wp-json\/wp\/v2\/posts"}],"about":[{"href":"https:\/\/www.enorsai.com\/noticias\/wp-json\/wp\/v2\/types\/post"}],"author":[{"embeddable":true,"href":"https:\/\/www.enorsai.com\/noticias\/wp-json\/wp\/v2\/users\/11"}],"replies":[{"embeddable":true,"href":"https:\/\/www.enorsai.com\/noticias\/wp-json\/wp\/v2\/comments?post=9903"}],"version-history":[{"count":1,"href":"https:\/\/www.enorsai.com\/noticias\/wp-json\/wp\/v2\/posts\/9903\/revisions"}],"predecessor-version":[{"id":9905,"href":"https:\/\/www.enorsai.com\/noticias\/wp-json\/wp\/v2\/posts\/9903\/revisions\/9905"}],"wp:featuredmedia":[{"embeddable":true,"href":"https:\/\/www.enorsai.com\/noticias\/wp-json\/wp\/v2\/media\/9904"}],"wp:attachment":[{"href":"https:\/\/www.enorsai.com\/noticias\/wp-json\/wp\/v2\/media?parent=9903"}],"wp:term":[{"taxonomy":"category","embeddable":true,"href":"https:\/\/www.enorsai.com\/noticias\/wp-json\/wp\/v2\/categories?post=9903"},{"taxonomy":"post_tag","embeddable":true,"href":"https:\/\/www.enorsai.com\/noticias\/wp-json\/wp\/v2\/tags?post=9903"}],"curies":[{"name":"wp","href":"https:\/\/api.w.org\/{rel}","templated":true}]}}