{"id":9900,"date":"2025-10-17T23:07:39","date_gmt":"2025-10-18T02:07:39","guid":{"rendered":"https:\/\/www.enorsai.com\/noticias\/?p=9900"},"modified":"2025-10-17T23:08:35","modified_gmt":"2025-10-18T02:08:35","slug":"periodista-de-am530-amenazada-de-muerte-tras-un-informe-sobre-la-diputada-villaverde","status":"publish","type":"post","link":"https:\/\/www.enorsai.com\/noticias\/politica\/periodista-de-am530-amenazada-de-muerte-tras-un-informe-sobre-la-diputada-villaverde\/","title":{"rendered":"Periodista de AM530 amenazada de muerte tras un informe sobre la diputada Villaverde"},"content":{"rendered":"\n<p>La periodista Felicitas Bonavitta, integrante de AM530 y Radio Provincia, denunci\u00f3 p\u00fablicamente haber recibido amenazas de muerte a trav\u00e9s de Instagram luego de difundir un informe sobre la diputada Mar\u00eda Lorena Villaverde.<br \/><br \/>&gt; \u201cRecibo insultos a menudo. Pero jam\u00e1s me amenazaron con ser descuartizada por hablar de pol\u00edtica\u201d, escribi\u00f3 Bonavitta en sus redes sociales, donde tambi\u00e9n inst\u00f3 a sus seguidores a denunciar la cuenta responsable y confirm\u00f3 que realizar\u00e1 una denuncia judicial.<br \/><br \/>La comunicadora comparti\u00f3 los mensajes enviados desde la cuenta identificada como Gonzalo Zalazar (@gzalazar), que incluyen insultos y amenazas expl\u00edcitas de violencia f\u00edsica y sexual.<br \/>Entre ellos se leen frases como:<br \/><br \/>&gt; \u201cQue negra de mierda que sos, merec\u00e9s ser descuartizada pelotuda. \u00bfCu\u00e1nto te pagaron para hundir a la diputada, cerda hija de puta? Te gusta hablar y meterte con todo el mundo y cerr\u00e1s los comentarios. Larg\u00e1 los comentarios, yegua, o ten\u00e9s miedo que te comenten algo turbio tuyo?\u201d.<\/p>\n\n\n\n<figure class=\"wp-block-embed is-type-rich is-provider-twitter wp-block-embed-twitter\"><div class=\"wp-block-embed__wrapper\">\n<blockquote class=\"twitter-tweet\" data-width=\"550\" data-dnt=\"true\"><p lang=\"es\" dir=\"ltr\">Recibo insultos a menudo. <br>Pero jam\u00e1s me amenazaron con ser descuartizada por hablar de pol\u00edtica. Les invito a denunciar esta cuenta de Instagram, y har\u00e9 lo mismo en la justicia. <br>Se llama Gonzalo Zalazar y se molest\u00f3 con el informe sobre la diputada Villaverde. <a href=\"https:\/\/t.co\/LjbUGWmRTn\">pic.twitter.com\/LjbUGWmRTn<\/a><\/p>&mdash; Felicitas Bonavitta (@FelicitasBV) <a href=\"https:\/\/twitter.com\/FelicitasBV\/status\/1978974702157631662?ref_src=twsrc%5Etfw\">October 17, 2025<\/a><\/blockquote><script async src=\"https:\/\/platform.twitter.com\/widgets.js\" charset=\"utf-8\"><\/script>\n<\/div><\/figure>\n\n\n\n<p><br \/>La periodista vincul\u00f3 directamente el ataque con el informe que realiz\u00f3 sobre Villaverde, una de las figuras m\u00e1s controvertidas de La Libertad Avanza, investigada por presuntas irregularidades en ventas de terrenos y por denuncias de corrupci\u00f3n pol\u00edtica.<br \/><br \/>El episodio reaviva la preocupaci\u00f3n por el creciente hostigamiento digital contra comunicadores que investigan al oficialismo. Organismos de derechos humanos y asociaciones de prensa vienen alertando sobre la escalada de violencia pol\u00edtica y de g\u00e9nero en redes, que muchas veces queda impune ante la falta de respuesta judicial o de las plataformas.<br \/><br \/>Bonavitta remarc\u00f3 que no se trata solo de un ataque personal, sino de un intento de intimidar el trabajo period\u00edstico:<br \/><br \/>&gt; \u201cNo podemos naturalizar esto. No es un insulto, es una amenaza directa por ejercer el periodismo\u201d.<br \/><br \/>La periodista adelant\u00f3 que presentar\u00e1 una denuncia penal por amenazas y que espera que se investigue la identidad del agresor. Tambi\u00e9n agradeci\u00f3 el respaldo recibido de colegas y oyentes de las emisoras donde trabaja.<br \/><br \/>El caso se suma a otros hechos recientes que exhiben el deterioro del clima de libertad de expresi\u00f3n en Argentina, especialmente hacia quienes cuestionan al gobierno nacional y a dirigentes libertarios.<\/p>\n","protected":false},"excerpt":{"rendered":"<p>La periodista Felicitas Bonavitta, integrante de AM530 y Radio Provincia, denunci\u00f3 p\u00fablicamente haber recibido amenazas de muerte a trav\u00e9s de Instagram luego de difundir un informe sobre la diputada Mar\u00eda Lorena Villaverde. &gt; \u201cRecibo insultos a menudo. Pero jam\u00e1s me amenazaron con ser descuartizada por hablar de pol\u00edtica\u201d, escribi\u00f3 Bonavitta en sus redes sociales, donde&#8230;<\/p>\n","protected":false},"author":1,"featured_media":9899,"comment_status":"open","ping_status":"open","sticky":false,"template":"","format":"standard","meta":{"_monsterinsights_skip_tracking":false,"_monsterinsights_sitenote_active":false,"_monsterinsights_sitenote_note":"","_monsterinsights_sitenote_category":0,"footnotes":"","jetpack_publicize_message":"","jetpack_publicize_feature_enabled":true,"jetpack_social_post_already_shared":true,"jetpack_social_options":{"image_generator_settings":{"template":"highway","default_image_id":0,"font":"","enabled":false},"version":2}},"categories":[2],"tags":[],"class_list":["post-9900","post","type-post","status-publish","format-standard","has-post-thumbnail","hentry","category-politica"],"jetpack_publicize_connections":[],"_links":{"self":[{"href":"https:\/\/www.enorsai.com\/noticias\/wp-json\/wp\/v2\/posts\/9900","targetHints":{"allow":["GET"]}}],"collection":[{"href":"https:\/\/www.enorsai.com\/noticias\/wp-json\/wp\/v2\/posts"}],"about":[{"href":"https:\/\/www.enorsai.com\/noticias\/wp-json\/wp\/v2\/types\/post"}],"author":[{"embeddable":true,"href":"https:\/\/www.enorsai.com\/noticias\/wp-json\/wp\/v2\/users\/1"}],"replies":[{"embeddable":true,"href":"https:\/\/www.enorsai.com\/noticias\/wp-json\/wp\/v2\/comments?post=9900"}],"version-history":[{"count":1,"href":"https:\/\/www.enorsai.com\/noticias\/wp-json\/wp\/v2\/posts\/9900\/revisions"}],"predecessor-version":[{"id":9901,"href":"https:\/\/www.enorsai.com\/noticias\/wp-json\/wp\/v2\/posts\/9900\/revisions\/9901"}],"wp:featuredmedia":[{"embeddable":true,"href":"https:\/\/www.enorsai.com\/noticias\/wp-json\/wp\/v2\/media\/9899"}],"wp:attachment":[{"href":"https:\/\/www.enorsai.com\/noticias\/wp-json\/wp\/v2\/media?parent=9900"}],"wp:term":[{"taxonomy":"category","embeddable":true,"href":"https:\/\/www.enorsai.com\/noticias\/wp-json\/wp\/v2\/categories?post=9900"},{"taxonomy":"post_tag","embeddable":true,"href":"https:\/\/www.enorsai.com\/noticias\/wp-json\/wp\/v2\/tags?post=9900"}],"curies":[{"name":"wp","href":"https:\/\/api.w.org\/{rel}","templated":true}]}}