{"id":990,"date":"2025-02-10T14:24:35","date_gmt":"2025-02-10T17:24:35","guid":{"rendered":"https:\/\/www.enorsai.com\/noticias\/?p=990"},"modified":"2025-02-10T14:24:35","modified_gmt":"2025-02-10T17:24:35","slug":"jaime-duran-barba-advierte-la-polarizacion-de-milei-es-la-receta-perfecta-para-su-propia-derrota","status":"publish","type":"post","link":"https:\/\/www.enorsai.com\/noticias\/politica\/jaime-duran-barba-advierte-la-polarizacion-de-milei-es-la-receta-perfecta-para-su-propia-derrota\/","title":{"rendered":"Jaime Dur\u00e1n Barba advierte: la polarizaci\u00f3n de Milei es la receta perfecta para su propia derrota"},"content":{"rendered":"\n<p><\/p>\n\n\n\n<p><strong>Buenos Aires &#8211;<\/strong> Jaime Dur\u00e1n Barba, el consultor pol\u00edtico ecuatoriano, lanz\u00f3 una advertencia clara sobre el gobierno de Javier Milei: su estrategia de polarizaci\u00f3n extrema podr\u00eda ser su peor enemigo. En una entrevista con Jorge Fontevecchia, el analista estableci\u00f3 paralelismos entre el ascenso de Milei y el fen\u00f3meno electoral en Ecuador, donde el corre\u00edsmo, a pesar de estar en crisis, logr\u00f3 una remontada inesperada. La clave: el rechazo a la confrontaci\u00f3n sistem\u00e1tica.<\/p>\n\n\n\n<p>Dur\u00e1n Barba, conocido por su franqueza, no ahorr\u00f3 cr\u00edticas. \u00abMilei est\u00e1 polarizando la pol\u00edtica argentina con todos: con los gays, con las mujeres, con los radicales, con lo que qued\u00f3 del PRO\u00bb, sostuvo, se\u00f1alando que esta estrategia puede tener efectos devastadores en una elecci\u00f3n. El ejemplo ecuatoriano es revelador: Daniel Noboa, joven candidato y figura emergente, parec\u00eda destinado a un triunfo aplastante, pero su af\u00e1n de abrir demasiados frentes lo dej\u00f3 al borde de la derrota. \u00abEn la polarizaci\u00f3n puede salir mal porque muchos se van a coaligar en el otro lado\u00bb, explic\u00f3.<\/p>\n\n\n\n<p><a href=\"https:\/\/www.enorsai.com.ar\/opinion\/42395-la-provincia-de-buenos-aires--un-obstaculo-insalvable-para-el-proyecto-libertario.html\">RECONOCIDO ANALISTA: La provincia de Buenos Aires: Un obst\u00e1culo insalvable para el proyecto libertario<\/a><\/p>\n\n\n\n<p>El asesor pol\u00edtico tambi\u00e9n alert\u00f3 sobre un mal que, seg\u00fan \u00e9l, afecta a Milei: el s\u00edndrome de hybris, una peligrosa desconexi\u00f3n con la realidad que llevan a ciertos l\u00edderes a creerse infalibles. \u00abCuando un presidente se cree mes\u00edas, las cosas se pueden complicar\u00bb, advirti\u00f3, evocando los casos de Donald Trump y otros dirigentes que, enceguecidos por su propia ret\u00f3rica, terminan aislados y derrotados.<\/p>\n\n\n\n<p>La gran pregunta es:<strong> \u00bfpodr\u00eda el kirchnerismo capitalizar este rechazo a Milei? <\/strong>Dur\u00e1n Barba no lo descarta. \u00abLos votos se han vuelto negativos. Trump gan\u00f3 por el voto contra el establishment, no tanto por el voto a favor de \u00e9l\u00bb, explic\u00f3, sugiriendo que la estrategia de Milei podr\u00eda terminar fortaleciendo a sus oponentes m\u00e1s de lo que imagina. Si el gobierno persiste en su postura agresiva contra todos los sectores, <strong>\u00abCristina podr\u00eda llegar a tener un \u00e9xito inesperado\u00bb<\/strong>, afirm\u00f3.<\/p>\n\n\n\n<p><a href=\"https:\/\/www.enorsai.com\/noticias\/politica\/carlos-maslaton-sobre-el-gobierno-de-milei-deuda-dolar-y-la-sombra-de-martinez-de-hoz\/\">Carlos Maslat\u00f3n sobre el gobierno de Milei: deuda, d\u00f3lar y la sombra de Mart\u00ednez de Hoz<\/a><\/p>\n\n\n\n<p>El caso ecuatoriano tambi\u00e9n deja otra lecci\u00f3n para Argentina: el candidato ideal para enfrentar a Milei podr\u00eda no ser Cristina Kirchner, sino una figura nueva o de menor desgaste. \u00abUn candidato que no sea Cristina podr\u00eda tener mejores chances\u00bb, se\u00f1al\u00f3 Dur\u00e1n Barba, recordando c\u00f3mo Alberto Fern\u00e1ndez logr\u00f3 la presidencia con el respaldo del kirchnerismo sin ser Cristina.<\/p>\n\n\n\n<p><a href=\"https:\/\/www.enorsai.com\/noticias\/politica\/la-ultraderecha-y-sus-influencers-fantasma-usan-avatares-generados-por-ia-para-difundir-mensajes-de-odio-y-manipular-el-discurso-politico\/\">La ultraderecha y sus \u00abinfluencers\u00bb fantasma: Usan avatares generados por IA para difundir mensajes de odio y manipular el discurso pol\u00edtico<\/a><\/p>\n\n\n\n<p>El asesor pol\u00edtico tambi\u00e9n esboz\u00f3 un posible escenario en el que una figura similar a Luisa Gonz\u00e1lez en Ecuador -una dirigente con fuerte respaldo de un l\u00edder pol\u00edtico pero con menor desgaste propio- podr\u00eda emerger en Argentina para enfrentar a Milei. Axel Kicillof ser\u00eda el candidato natural en esa estrategia.<\/p>\n\n\n\n<p>El futuro de la pol\u00edtica argentina, seg\u00fan Dur\u00e1n Barba, estar\u00e1 determinado por la respuesta que el electorado d\u00e9 a la polarizaci\u00f3n impuesta por Milei. La historia ense\u00f1a que la confrontaci\u00f3n perpetua tiene un l\u00edmite: en alg\u00fan momento, la balanza se inclina hacia el otro lado.<\/p>\n","protected":false},"excerpt":{"rendered":"<p>Si el gobierno persiste en su postura agresiva contra todos los sectores, \u00abCristina podr\u00eda llegar a tener un \u00e9xito inesperado\u00bb, afirm\u00f3.<\/p>\n","protected":false},"author":4,"featured_media":993,"comment_status":"open","ping_status":"open","sticky":false,"template":"","format":"standard","meta":{"_monsterinsights_skip_tracking":false,"_monsterinsights_sitenote_active":false,"_monsterinsights_sitenote_note":"","_monsterinsights_sitenote_category":0,"footnotes":"","jetpack_publicize_message":"","jetpack_publicize_feature_enabled":true,"jetpack_social_post_already_shared":true,"jetpack_social_options":{"image_generator_settings":{"template":"highway","default_image_id":0,"font":"","enabled":false},"version":2}},"categories":[2],"tags":[387,389,386,388,385],"class_list":["post-990","post","type-post","status-publish","format-standard","has-post-thumbnail","hentry","category-politica","tag-elecciones-argentina-2025","tag-hybris-en-la-politica-argentina","tag-jaime-duran-barba-milei","tag-kirchnerismo-vs-milei","tag-polarizacion-milei"],"jetpack_publicize_connections":[],"_links":{"self":[{"href":"https:\/\/www.enorsai.com\/noticias\/wp-json\/wp\/v2\/posts\/990","targetHints":{"allow":["GET"]}}],"collection":[{"href":"https:\/\/www.enorsai.com\/noticias\/wp-json\/wp\/v2\/posts"}],"about":[{"href":"https:\/\/www.enorsai.com\/noticias\/wp-json\/wp\/v2\/types\/post"}],"author":[{"embeddable":true,"href":"https:\/\/www.enorsai.com\/noticias\/wp-json\/wp\/v2\/users\/4"}],"replies":[{"embeddable":true,"href":"https:\/\/www.enorsai.com\/noticias\/wp-json\/wp\/v2\/comments?post=990"}],"version-history":[{"count":1,"href":"https:\/\/www.enorsai.com\/noticias\/wp-json\/wp\/v2\/posts\/990\/revisions"}],"predecessor-version":[{"id":994,"href":"https:\/\/www.enorsai.com\/noticias\/wp-json\/wp\/v2\/posts\/990\/revisions\/994"}],"wp:featuredmedia":[{"embeddable":true,"href":"https:\/\/www.enorsai.com\/noticias\/wp-json\/wp\/v2\/media\/993"}],"wp:attachment":[{"href":"https:\/\/www.enorsai.com\/noticias\/wp-json\/wp\/v2\/media?parent=990"}],"wp:term":[{"taxonomy":"category","embeddable":true,"href":"https:\/\/www.enorsai.com\/noticias\/wp-json\/wp\/v2\/categories?post=990"},{"taxonomy":"post_tag","embeddable":true,"href":"https:\/\/www.enorsai.com\/noticias\/wp-json\/wp\/v2\/tags?post=990"}],"curies":[{"name":"wp","href":"https:\/\/api.w.org\/{rel}","templated":true}]}}