{"id":9897,"date":"2025-10-17T21:23:57","date_gmt":"2025-10-18T00:23:57","guid":{"rendered":"https:\/\/www.enorsai.com\/noticias\/?p=9897"},"modified":"2025-10-17T21:29:33","modified_gmt":"2025-10-18T00:29:33","slug":"una-libertaria-intento-apunalar-a-un-fotoperiodista-durante-recorrida-de-milei-en-tres-de-febrero","status":"publish","type":"post","link":"https:\/\/www.enorsai.com\/noticias\/politica\/una-libertaria-intento-apunalar-a-un-fotoperiodista-durante-recorrida-de-milei-en-tres-de-febrero\/","title":{"rendered":"Una libertaria intent\u00f3&nbsp; apu\u00f1alar a un fotoperiodista durante recorrida de Milei en Tres de Febrero"},"content":{"rendered":"\n<p>Durante una cobertura de la actividad del presidente Javier Milei en el municipio de Tres de Febrero, se registr\u00f3 un incidente de violencia contra un trabajador de prensa: Antonio Becerra, fot\u00f3grafo local, fue atacado por una mujer que intent\u00f3 apu\u00f1alarlo.<br><br>Seg\u00fan los testimonios disponibles, la agresora, identificada verbalmente como una militante con simpat\u00edas libertarias, persigui\u00f3 a Becerra hasta dentro de un Carrefour, donde el fot\u00f3grafo intent\u00f3 refugiarse. All\u00ed, personal de la empresa logr\u00f3 reducirla y evitar el ataque. Tras el episodio, se dirigieron a la comisar\u00eda de Villa Jard\u00edn, donde Becerra radic\u00f3 la denuncia correspondiente. Mientras tanto, un grupo de colegas fot\u00f3grafos aguardaba su salida.<\/p>\n\n\n\n<figure class=\"wp-block-embed is-type-rich is-provider-twitter wp-block-embed-twitter\"><div class=\"wp-block-embed__wrapper\">\n<blockquote class=\"twitter-tweet\" data-width=\"550\" data-dnt=\"true\"><p lang=\"es\" dir=\"ltr\"><a href=\"https:\/\/twitter.com\/hashtag\/GRAVE?src=hash&amp;ref_src=twsrc%5Etfw\">#GRAVE<\/a> Durante la cobertura de la recorrida de Milei en Tres de Febrero, una mujer con un cuchillo intento apu\u00f1alar al foto periodista Antonio Becerra. La agresora ser\u00eda una militante libertaria que lo persigui\u00f3 hasta dentro de un Carrefour, donde Antonio intento refugiarse y fue\u2026 <a href=\"https:\/\/t.co\/k8Kejouiqk\">pic.twitter.com\/k8Kejouiqk<\/a><\/p>&mdash; Prensa Obrera (@prensaobrera) <a href=\"https:\/\/twitter.com\/prensaobrera\/status\/1979330947238568364?ref_src=twsrc%5Etfw\">October 17, 2025<\/a><\/blockquote><script async src=\"https:\/\/platform.twitter.com\/widgets.js\" charset=\"utf-8\"><\/script>\n<\/div><\/figure>\n\n\n\n<p><br><br>Este no es el primer episodio en el que Becerra ha sido blanco de agresiones en el ejercicio de su tarea: tiempo atr\u00e1s fue intimidado por Santiago Caputo, funcionario del gobierno, cuando intent\u00f3 registrar im\u00e1genes para Tiempo Argentino. En esa ocasi\u00f3n, Caputo le tap\u00f3 el lente de la c\u00e1mara y le fotografi\u00f3 su acreditaci\u00f3n de prensa.<\/p>\n","protected":false},"excerpt":{"rendered":"<p>Durante una cobertura de la actividad del presidente Javier Milei en el municipio de Tres de Febrero, se registr\u00f3 un incidente de violencia contra un trabajador de prensa: Antonio Becerra, fot\u00f3grafo local, fue atacado por una mujer que intent\u00f3 apu\u00f1alarlo. Seg\u00fan los testimonios disponibles, la agresora, identificada verbalmente como una militante con simpat\u00edas libertarias, persigui\u00f3&#8230;<\/p>\n","protected":false},"author":1,"featured_media":9896,"comment_status":"open","ping_status":"open","sticky":false,"template":"","format":"standard","meta":{"_monsterinsights_skip_tracking":false,"_monsterinsights_sitenote_active":false,"_monsterinsights_sitenote_note":"","_monsterinsights_sitenote_category":0,"footnotes":"","jetpack_publicize_message":"","jetpack_publicize_feature_enabled":true,"jetpack_social_post_already_shared":true,"jetpack_social_options":{"image_generator_settings":{"template":"highway","default_image_id":0,"font":"","enabled":false},"version":2}},"categories":[2],"tags":[],"class_list":["post-9897","post","type-post","status-publish","format-standard","has-post-thumbnail","hentry","category-politica"],"jetpack_publicize_connections":[],"_links":{"self":[{"href":"https:\/\/www.enorsai.com\/noticias\/wp-json\/wp\/v2\/posts\/9897","targetHints":{"allow":["GET"]}}],"collection":[{"href":"https:\/\/www.enorsai.com\/noticias\/wp-json\/wp\/v2\/posts"}],"about":[{"href":"https:\/\/www.enorsai.com\/noticias\/wp-json\/wp\/v2\/types\/post"}],"author":[{"embeddable":true,"href":"https:\/\/www.enorsai.com\/noticias\/wp-json\/wp\/v2\/users\/1"}],"replies":[{"embeddable":true,"href":"https:\/\/www.enorsai.com\/noticias\/wp-json\/wp\/v2\/comments?post=9897"}],"version-history":[{"count":1,"href":"https:\/\/www.enorsai.com\/noticias\/wp-json\/wp\/v2\/posts\/9897\/revisions"}],"predecessor-version":[{"id":9898,"href":"https:\/\/www.enorsai.com\/noticias\/wp-json\/wp\/v2\/posts\/9897\/revisions\/9898"}],"wp:featuredmedia":[{"embeddable":true,"href":"https:\/\/www.enorsai.com\/noticias\/wp-json\/wp\/v2\/media\/9896"}],"wp:attachment":[{"href":"https:\/\/www.enorsai.com\/noticias\/wp-json\/wp\/v2\/media?parent=9897"}],"wp:term":[{"taxonomy":"category","embeddable":true,"href":"https:\/\/www.enorsai.com\/noticias\/wp-json\/wp\/v2\/categories?post=9897"},{"taxonomy":"post_tag","embeddable":true,"href":"https:\/\/www.enorsai.com\/noticias\/wp-json\/wp\/v2\/tags?post=9897"}],"curies":[{"name":"wp","href":"https:\/\/api.w.org\/{rel}","templated":true}]}}