{"id":9881,"date":"2025-10-17T07:27:55","date_gmt":"2025-10-17T10:27:55","guid":{"rendered":"https:\/\/www.enorsai.com\/noticias\/?p=9881"},"modified":"2025-10-17T07:28:16","modified_gmt":"2025-10-17T10:28:16","slug":"con-bullrich-las-mujeres-no-tienen-seguridad","status":"publish","type":"post","link":"https:\/\/www.enorsai.com\/noticias\/politica\/con-bullrich-las-mujeres-no-tienen-seguridad\/","title":{"rendered":"Con Bullrich las mujeres no tienen seguridad"},"content":{"rendered":"\n<p>En la \u00faltima semana se cometieron doce femicidios en Argentina. Doce vidas arrebatadas en apenas siete d\u00edas, en un pa\u00eds donde la violencia machista no da tregua. Doce mujeres asesinadas en circunstancias que reflejan una estructura de poder que se repite, una impunidad que se naturaliza y un Estado que sigue ausente. En medio de esa tragedia, la ministra de Seguridad, Patricia Bullrich, decidi\u00f3 pronunciar una frase que no solo escandaliz\u00f3, sino que tambi\u00e9n desnuda una concepci\u00f3n pol\u00edtica peligrosa: \u201cEl feminismo pisote\u00f3 a los hombres y por eso ahora les volvi\u00f3 la violencia en contra\u201d. La funcionaria encargada de garantizar la seguridad de todas las personas \u2014y en especial de las mujeres que todos los d\u00edas denuncian amenazas, golpes y persecuciones\u2014 termin\u00f3 responsabilizando al movimiento que m\u00e1s ha hecho por visibilizar y combatir el problema.<br \/><br \/>No es la primera vez que Bullrich utiliza un discurso cargado de desprecio hacia las luchas feministas. Pero esta vez sus palabras se dan en un contexto de emergencia nacional. Hablar de \u201cviolencia que volvi\u00f3 en contra\u201d es justificar, con un cinismo abrumador, la reacci\u00f3n patriarcal que cada a\u00f1o deja m\u00e1s de 250 mujeres asesinadas. Es invertir las responsabilidades y culpar a las v\u00edctimas. Es decirle a las mujeres que, de alguna manera, se lo buscaron por haberse atrevido a reclamar igualdad. Es un mensaje pol\u00edtico, ideol\u00f3gico y moralmente devastador, porque proviene del Estado, que deber\u00eda garantizar protecci\u00f3n, justicia y pol\u00edticas de prevenci\u00f3n, no amplificar el discurso del resentimiento y la revancha masculina.<br \/><br \/>Desde 2015, cuando irrumpi\u00f3 en las calles el grito de \u201cNi Una Menos\u201d, las mujeres argentinas sostienen una lucha que salv\u00f3 vidas, cambi\u00f3 leyes y transform\u00f3 la conciencia colectiva. Sin embargo, el gobierno actual parece decidido a borrar esos avances con un relato que deslegitima la perspectiva de g\u00e9nero, vac\u00eda los programas de asistencia y recorta fondos a los organismos especializados. En paralelo, las v\u00edctimas siguen cayendo una a una. Las cifras son elocuentes: una mujer es asesinada cada 29 horas. La mayor\u00eda de los agresores son sus parejas o exparejas. En m\u00e1s del 60% de los casos, hubo denuncias previas. Y el patr\u00f3n se repite: la justicia no act\u00faa, la polic\u00eda no protege, los refugios no alcanzan, y los medios solo reaccionan cuando ya hay un cuerpo.<\/p>\n\n\n\n<figure class=\"wp-block-embed is-type-rich is-provider-twitter wp-block-embed-twitter\"><div class=\"wp-block-embed__wrapper\">\n<blockquote class=\"twitter-tweet\" data-width=\"550\" data-dnt=\"true\"><p lang=\"es\" dir=\"ltr\">En la \u00faltima semana se cometieron 12 femicidios en Argentina. Patricia Bullrich, la ministra responsable de esta problem\u00e1tica, dice: \u201cEl feminismo pisote\u00f3 a los hombres y por eso ahora les volvi\u00f3 la violencia en contra\u201d.<br><br>\u00a1Basta de Bullrich! \ud83d\udea9\ud83d\udea9\ud83d\udea9<a href=\"https:\/\/t.co\/piHdBygUjQ\">pic.twitter.com\/piHdBygUjQ<\/a><\/p>&mdash; Alto Candombe \ud83c\udf5f\ud83e\udd66\ud83c\udf5f (@altocandombe) <a href=\"https:\/\/twitter.com\/altocandombe\/status\/1979112589452771544?ref_src=twsrc%5Etfw\">October 17, 2025<\/a><\/blockquote><script async src=\"https:\/\/platform.twitter.com\/widgets.js\" charset=\"utf-8\"><\/script>\n<\/div><\/figure>\n\n\n\n<p><br><br>En este escenario, las declaraciones de Bullrich no son un exabrupto ni una torpeza aislada. Son la expresi\u00f3n coherente de una visi\u00f3n pol\u00edtica que desprecia los derechos conquistados, que ridiculiza las luchas colectivas y que busca reinstalar un orden donde las mujeres vuelvan a ocupar el lugar del silencio. Su frase no es solo ofensiva: es un mensaje institucional que avala el discurso del agresor. Le dice al hombre violento que su furia tiene una justificaci\u00f3n. Le dice al femicida potencial que el Estado lo comprende, que no lo va a juzgar tanto, porque en el fondo, las culpables son ellas.<br><br>Mientras tanto, los familiares de las v\u00edctimas siguen reclamando lo m\u00e1s b\u00e1sico: justicia. Pero no la obtienen. Y cuando escuchan a la ministra hablar de \u201cviolencia que vuelve\u201d, sienten que el Estado no solo los abandon\u00f3, sino que se burla de su dolor. Es dif\u00edcil pensar en una demostraci\u00f3n m\u00e1s cruel de indiferencia institucional. Una semana con doce femicidios no es una estad\u00edstica: es una masacre en c\u00e1mara lenta. Y frente a esa realidad, las palabras de Bullrich son gasolina sobre el fuego.<br><br>El gobierno de Javier Milei no tiene pol\u00edtica de g\u00e9nero. Lo que tiene es una estrategia de negaci\u00f3n. Elimin\u00f3 ministerios, redujo presupuestos, invisibiliz\u00f3 las \u00e1reas que antes atend\u00edan las denuncias y desmantel\u00f3 redes de acompa\u00f1amiento. Pero m\u00e1s grave a\u00fan: intenta imponer un relato cultural donde la igualdad es una amenaza y el feminismo, un enemigo interno. Bajo esa l\u00f3gica, la violencia machista deja de ser un problema social y se transforma en una respuesta \u201cnatural\u201d al supuesto abuso de las mujeres. Es un retorno brutal al sentido com\u00fan de la dictadura: el orden, la obediencia, la mujer como objeto de tutela y la violencia como castigo legitimado.<br><br>Sin pol\u00edticas p\u00fablicas, sin educaci\u00f3n con perspectiva de g\u00e9nero, sin campa\u00f1as de prevenci\u00f3n, sin recursos para los refugios ni protocolos efectivos en las fuerzas de seguridad, el Estado deja a las mujeres libradas a su suerte. Y cuando quienes deber\u00edan protegerlas las responsabilizan por su propia muerte, lo que se derrumba no es solo la confianza, sino la idea misma de justicia. El Ministerio de Seguridad deber\u00eda ser un refugio institucional contra la violencia, no un altavoz del machismo.<br><br>Con Bullrich al frente, las mujeres no tienen seguridad. No la tienen en la calle, donde los femicidios crecen. No la tienen en sus casas, donde sus agresores las acechan. No la tienen en las comisar\u00edas, donde muchas veces no les toman las denuncias. Y ahora tampoco la tienen en el Estado, porque la ministra que deber\u00eda defenderlas las culpa. La violencia no volvi\u00f3 \u201cen contra\u201d: nunca se fue. Lo que volvi\u00f3, de la mano de este gobierno, es la impunidad.<br><br><br>Fuentes consultadas:<br><br>\u201cHubo 12 femicidios en la \u00faltima semana: las alarmantes cifras de la violencia hacia las mujeres y disidencias\u201d \u2014 P\u00e1gina\/12<br>https:\/\/www.pagina12.com.ar\/866034-hubo-12-femicidios-en-la-ultima-semana-las-alrmantes-cifras- <br><br>\u201cPatricia Bullrich culp\u00f3 al feminismo de la violencia de g\u00e9nero: \u2018Si pisote\u00e1s al hombre, se te viene en contra\u2019\u201d \u2014 MinutoUno<br>https:\/\/www.minutouno.com\/politica\/patricia-bullrich-culpo-al-feminismo-la-violencia-genero-si-pisoteas-al-hombre-se-te-viene-contra-n6202993 <\/p>\n","protected":false},"excerpt":{"rendered":"<p>En la \u00faltima semana se cometieron doce femicidios en Argentina. Doce vidas arrebatadas en apenas siete d\u00edas, en un pa\u00eds donde la violencia machista no da tregua. Doce mujeres asesinadas en circunstancias que reflejan una estructura de poder que se repite, una impunidad que se naturaliza y un Estado que sigue ausente. En medio de&#8230;<\/p>\n","protected":false},"author":11,"featured_media":9880,"comment_status":"open","ping_status":"open","sticky":false,"template":"","format":"standard","meta":{"_monsterinsights_skip_tracking":false,"_monsterinsights_sitenote_active":false,"_monsterinsights_sitenote_note":"","_monsterinsights_sitenote_category":0,"footnotes":"","jetpack_publicize_message":"","jetpack_publicize_feature_enabled":true,"jetpack_social_post_already_shared":true,"jetpack_social_options":{"image_generator_settings":{"template":"highway","default_image_id":0,"font":"","enabled":false},"version":2}},"categories":[2],"tags":[],"class_list":["post-9881","post","type-post","status-publish","format-standard","has-post-thumbnail","hentry","category-politica"],"jetpack_publicize_connections":[],"_links":{"self":[{"href":"https:\/\/www.enorsai.com\/noticias\/wp-json\/wp\/v2\/posts\/9881","targetHints":{"allow":["GET"]}}],"collection":[{"href":"https:\/\/www.enorsai.com\/noticias\/wp-json\/wp\/v2\/posts"}],"about":[{"href":"https:\/\/www.enorsai.com\/noticias\/wp-json\/wp\/v2\/types\/post"}],"author":[{"embeddable":true,"href":"https:\/\/www.enorsai.com\/noticias\/wp-json\/wp\/v2\/users\/11"}],"replies":[{"embeddable":true,"href":"https:\/\/www.enorsai.com\/noticias\/wp-json\/wp\/v2\/comments?post=9881"}],"version-history":[{"count":1,"href":"https:\/\/www.enorsai.com\/noticias\/wp-json\/wp\/v2\/posts\/9881\/revisions"}],"predecessor-version":[{"id":9882,"href":"https:\/\/www.enorsai.com\/noticias\/wp-json\/wp\/v2\/posts\/9881\/revisions\/9882"}],"wp:featuredmedia":[{"embeddable":true,"href":"https:\/\/www.enorsai.com\/noticias\/wp-json\/wp\/v2\/media\/9880"}],"wp:attachment":[{"href":"https:\/\/www.enorsai.com\/noticias\/wp-json\/wp\/v2\/media?parent=9881"}],"wp:term":[{"taxonomy":"category","embeddable":true,"href":"https:\/\/www.enorsai.com\/noticias\/wp-json\/wp\/v2\/categories?post=9881"},{"taxonomy":"post_tag","embeddable":true,"href":"https:\/\/www.enorsai.com\/noticias\/wp-json\/wp\/v2\/tags?post=9881"}],"curies":[{"name":"wp","href":"https:\/\/api.w.org\/{rel}","templated":true}]}}