{"id":9875,"date":"2025-10-17T06:49:27","date_gmt":"2025-10-17T09:49:27","guid":{"rendered":"https:\/\/www.enorsai.com\/noticias\/?p=9875"},"modified":"2025-10-17T07:05:16","modified_gmt":"2025-10-17T10:05:16","slug":"javier-timerman-le-respondio-a-la-candidata-libertaria-mi-hermano-no-fue-ningun-enfermo-mental","status":"publish","type":"post","link":"https:\/\/www.enorsai.com\/noticias\/politica\/javier-timerman-le-respondio-a-la-candidata-libertaria-mi-hermano-no-fue-ningun-enfermo-mental\/","title":{"rendered":"Javier Timerman le respondi\u00f3 a la candidata libertaria: \u201cMi hermano no fue ning\u00fan enfermo mental\u201d"},"content":{"rendered":"\n<p>El debate pol\u00edtico en la Argentina volvi\u00f3 a cruzar una l\u00ednea peligrosa con las declaraciones de una candidata de La Libertad Avanza que calific\u00f3 al peronismo como \u201cuna enfermedad mental\u201d. La respuesta m\u00e1s contundente lleg\u00f3 desde Javier Timerman, hermano del fallecido excanciller H\u00e9ctor Timerman, quien utiliz\u00f3 sus redes sociales para rechazar la violencia verbal y el uso del lenguaje de odio como herramienta pol\u00edtica. \u201cSoy una persona pol\u00edticamente independiente. Pero mi hermano fue kirchnerista y no fue ning\u00fan enfermo mental. Fue un argentino que, equivocado o no, busc\u00f3 lo mejor para su pa\u00eds y lo hizo con much\u00edsima honestidad. El general Camps cre\u00eda que aquellos que pensaban diferente a \u00e9l eran enfermos mentales y por eso los mataba. Basta de violencia verbal\u201d, escribi\u00f3.<br><br>La intervenci\u00f3n de Timerman no s\u00f3lo fue una defensa personal y familiar, sino tambi\u00e9n un recordatorio de los peligros de naturalizar la deshumanizaci\u00f3n del adversario pol\u00edtico. Su referencia al general Ram\u00f3n Camps, jefe de la Polic\u00eda Bonaerense durante la dictadura militar, evoca un pasado en el que las diferencias ideol\u00f3gicas se resolv\u00edan con tortura, persecuci\u00f3n y muerte. En aquel tiempo, la represi\u00f3n se justificaba bajo el discurso de \u201climpiar la sociedad\u201d de los \u201csubversivos\u201d y \u201cenfermos\u201d, una ret\u00f3rica que sirvi\u00f3 para encubrir el terrorismo de Estado y que hoy encuentra ecos en las expresiones de algunos dirigentes libertarios.<br><br>El posteo del economista provoc\u00f3 una amplia repercusi\u00f3n entre usuarios, periodistas y referentes pol\u00edticos que coincidieron en el llamado a frenar la violencia simb\u00f3lica. En un contexto donde las redes sociales se han convertido en el escenario principal de la confrontaci\u00f3n pol\u00edtica, la apelaci\u00f3n de Timerman a la memoria y a la sensatez se ley\u00f3 como un gesto de madurez frente a la banalizaci\u00f3n del odio. El se\u00f1alamiento de que el propio discurso de los libertarios reproduce l\u00f3gicas autoritarias no es nuevo, pero adquiere particular fuerza cuando quienes lo hacen no militan en las filas opositoras sino que hablan desde la independencia pol\u00edtica.<br><\/p>\n\n\n\n<figure class=\"wp-block-embed is-type-rich is-provider-twitter wp-block-embed-twitter\"><div class=\"wp-block-embed__wrapper\">\n<blockquote class=\"twitter-tweet\" data-width=\"550\" data-dnt=\"true\"><p lang=\"es\" dir=\"ltr\">Soy una persona pol\u00edticamente independiente . Pero mi hermano fue Kirchnerista y no fue ning\u00fan enfermo mental . Fue un argentino que equivocado o no busco lo mejor para su pa\u00eds y lo hizo con much\u00edsima honestidad . El General Camps cre\u00eda que aquellos que pensaban diferente a \u00e9l\u2026 <a href=\"https:\/\/t.co\/5tAtWhWAOS\">https:\/\/t.co\/5tAtWhWAOS<\/a><\/p>&mdash; javier timerman (@JavierTimerman) <a href=\"https:\/\/twitter.com\/JavierTimerman\/status\/1978965624291209406?ref_src=twsrc%5Etfw\">October 16, 2025<\/a><\/blockquote><script async src=\"https:\/\/platform.twitter.com\/widgets.js\" charset=\"utf-8\"><\/script>\n<\/div><\/figure>\n\n\n\n<p><br>La comparaci\u00f3n entre el kirchnerismo y una \u201cenfermedad mental\u201d se inscribe en una tendencia cada vez m\u00e1s evidente de la ultraderecha argentina: convertir la diferencia en patolog\u00eda. Es un lenguaje que degrada la discusi\u00f3n p\u00fablica, refuerza el estigma sobre la salud mental y despoja al otro de su condici\u00f3n de ciudadano. Cuando la candidata libertaria reduce la identidad pol\u00edtica de millones de argentinos a un diagn\u00f3stico psiqui\u00e1trico, lo que se expresa no es una opini\u00f3n, sino un mecanismo de exclusi\u00f3n. Es la misma l\u00f3gica que en los a\u00f1os m\u00e1s oscuros del pa\u00eds permiti\u00f3 justificar la desaparici\u00f3n de personas bajo la idea de que estaban \u201cinfectadas\u201d de ideolog\u00eda.<br><br>El repudio a esa forma de pensar deber\u00eda ser transversal, porque la violencia verbal es el primer paso hacia formas m\u00e1s profundas de violencia institucional. Llamar \u201clocos\u201d, \u201czurdos\u201d, \u201cpar\u00e1sitos\u201d o \u201cenfermos\u201d a los opositores no es s\u00f3lo un exabrupto: es el intento de negarles legitimidad democr\u00e1tica. Timerman, que vivi\u00f3 en carne propia las consecuencias del odio y la persecuci\u00f3n medi\u00e1tica, record\u00f3 con sus palabras que la pol\u00edtica sin empat\u00eda desemboca en autoritarismo. En su caso, la referencia a su hermano H\u00e9ctor no fue meramente emocional: fue una advertencia sobre lo que sucede cuando se cruzan los l\u00edmites del respeto humano.<br><br>El discurso del odio ha ganado terreno en los \u00faltimos meses, alimentado por dirigentes que encuentran en la provocaci\u00f3n una estrategia electoral. La candidata libertaria en cuesti\u00f3n no es una excepci\u00f3n. Sus declaraciones previas ya hab\u00edan sido motivo de repudio: comentarios racistas, homof\u00f3bicos y agresiones hacia sectores populares. En ese contexto, la intervenci\u00f3n de Timerman funcion\u00f3 como un freno moral, una voz que record\u00f3 que la democracia tambi\u00e9n se defiende desde el lenguaje. \u201cBasta de violencia verbal\u201d, escribi\u00f3, sintetizando en esa frase un reclamo que trasciende la coyuntura y apunta al coraz\u00f3n mismo de la convivencia democr\u00e1tica.<br><br>La respuesta de Timerman expuso una l\u00ednea divisoria entre quienes promueven el di\u00e1logo y quienes se alimentan del agravio. La apelaci\u00f3n al recuerdo de los cr\u00edmenes de la dictadura no fue un golpe bajo, sino una forma de recordarle a la sociedad que el desprecio por el diferente ya tuvo consecuencias tr\u00e1gicas en la historia argentina. Cuando un dirigente llama \u201cenfermo mental\u201d a quien piensa distinto, no s\u00f3lo ataca a un espacio pol\u00edtico: reinstala una visi\u00f3n del mundo donde la disidencia se castiga y la empat\u00eda se extingue. Frente a eso, la voz de Timerman se impone como una defensa de la dignidad y de la memoria.<br><br>Fuentes consultadas:<br><br>Perfil \u2013 \u201cJavier Timerman: \u2018Da un poco de tristeza que la visita a los genocidas no genere esc\u00e1ndalo en la poblaci\u00f3n\u2019\u201d<br>https:\/\/www.perfil.com\/noticias\/modo-fontevecchia\/javier-timerman-da-un-poco-de-tristeza-que-la-visita-a-los-genocidas-no-genere-escandalo-en-la-poblacion-modof.phtml<br><br>P\u00e1gina 12 \u2013 \u201cKaren Reichardt, la candidata libertaria que dijo que el peronismo es una enfermedad mental\u201d<br>https:\/\/www.pagina12.com.ar\/745854-karen-reichardt-la-candidata-libertaria-que-dijo-que-el-peronismo-es-una-enfermedad-mental<br><br>Infobae \u2013 \u201cJavier Timerman repudi\u00f3 la violencia verbal tras las declaraciones de una candidata de La Libertad Avanza\u201d<br>https:\/\/www.infobae.com\/politica\/2025\/10\/17\/javier-timerman-repudio-la-violencia-verbal-tras-las-declaraciones-de-una-candidata-de-la-libertad-avanza\/<\/p>\n","protected":false},"excerpt":{"rendered":"<p>El debate pol\u00edtico en la Argentina volvi\u00f3 a cruzar una l\u00ednea peligrosa con las declaraciones de una candidata de La Libertad Avanza que calific\u00f3 al peronismo como \u201cuna enfermedad mental\u201d. La respuesta m\u00e1s contundente lleg\u00f3 desde Javier Timerman, hermano del fallecido excanciller H\u00e9ctor Timerman, quien utiliz\u00f3 sus redes sociales para rechazar la violencia verbal y&#8230;<\/p>\n","protected":false},"author":9,"featured_media":9878,"comment_status":"open","ping_status":"open","sticky":false,"template":"","format":"standard","meta":{"_monsterinsights_skip_tracking":false,"_monsterinsights_sitenote_active":false,"_monsterinsights_sitenote_note":"","_monsterinsights_sitenote_category":0,"footnotes":"","jetpack_publicize_message":"","jetpack_publicize_feature_enabled":true,"jetpack_social_post_already_shared":true,"jetpack_social_options":{"image_generator_settings":{"template":"highway","default_image_id":0,"font":"","enabled":false},"version":2}},"categories":[2],"tags":[],"class_list":["post-9875","post","type-post","status-publish","format-standard","has-post-thumbnail","hentry","category-politica"],"jetpack_publicize_connections":[],"_links":{"self":[{"href":"https:\/\/www.enorsai.com\/noticias\/wp-json\/wp\/v2\/posts\/9875","targetHints":{"allow":["GET"]}}],"collection":[{"href":"https:\/\/www.enorsai.com\/noticias\/wp-json\/wp\/v2\/posts"}],"about":[{"href":"https:\/\/www.enorsai.com\/noticias\/wp-json\/wp\/v2\/types\/post"}],"author":[{"embeddable":true,"href":"https:\/\/www.enorsai.com\/noticias\/wp-json\/wp\/v2\/users\/9"}],"replies":[{"embeddable":true,"href":"https:\/\/www.enorsai.com\/noticias\/wp-json\/wp\/v2\/comments?post=9875"}],"version-history":[{"count":1,"href":"https:\/\/www.enorsai.com\/noticias\/wp-json\/wp\/v2\/posts\/9875\/revisions"}],"predecessor-version":[{"id":9879,"href":"https:\/\/www.enorsai.com\/noticias\/wp-json\/wp\/v2\/posts\/9875\/revisions\/9879"}],"wp:featuredmedia":[{"embeddable":true,"href":"https:\/\/www.enorsai.com\/noticias\/wp-json\/wp\/v2\/media\/9878"}],"wp:attachment":[{"href":"https:\/\/www.enorsai.com\/noticias\/wp-json\/wp\/v2\/media?parent=9875"}],"wp:term":[{"taxonomy":"category","embeddable":true,"href":"https:\/\/www.enorsai.com\/noticias\/wp-json\/wp\/v2\/categories?post=9875"},{"taxonomy":"post_tag","embeddable":true,"href":"https:\/\/www.enorsai.com\/noticias\/wp-json\/wp\/v2\/tags?post=9875"}],"curies":[{"name":"wp","href":"https:\/\/api.w.org\/{rel}","templated":true}]}}