{"id":9871,"date":"2025-10-17T06:17:00","date_gmt":"2025-10-17T09:17:00","guid":{"rendered":"https:\/\/www.enorsai.com\/noticias\/?p=9871"},"modified":"2025-10-17T06:52:03","modified_gmt":"2025-10-17T09:52:03","slug":"bullrich-nego-aportes-de-una-empresaria-vinculada-a-un-narco-pero-los-registros-oficiales-dicen-que-miente","status":"publish","type":"post","link":"https:\/\/www.enorsai.com\/noticias\/politica\/bullrich-nego-aportes-de-una-empresaria-vinculada-a-un-narco-pero-los-registros-oficiales-dicen-que-miente\/","title":{"rendered":"Bullrich neg\u00f3 aportes de una empresaria vinculada a un narco, pero los registros oficiales dicen que miente"},"content":{"rendered":"\n<p>La pol\u00e9mica volvi\u00f3 a estallar en redes sociales cuando el senador nacional Mariano Recalde acus\u00f3 directamente a la ministra de Seguridad, Patricia Bullrich, de mentir sobre los aportes de campa\u00f1a recibidos en 2023. \u201cLa que miente es usted, ministra. La informaci\u00f3n es p\u00fablica y oficial. Estos son solamente los aportes en blanco de Bada V\u00e1zquez, la familia vinculada a Fred Machado en m\u00faltiples empresas y operaciones. Imag\u00ednense el resto\u201d, escribi\u00f3 en su cuenta de X. La denuncia no se apoya en rumores ni en filtraciones, sino en los registros de la C\u00e1mara Nacional Electoral, donde los aportes declarados por particulares y empresas son informaci\u00f3n p\u00fablica. Recalde apunt\u00f3 espec\u00edficamente a Alejandra Bada V\u00e1zquez, empresaria due\u00f1a de L\u00e1cteos Vidal y se\u00f1alada por su presunta vinculaci\u00f3n con Federico \u201cFred\u201d Machado, detenido por narcotr\u00e1fico internacional y lavado de dinero.<\/p>\n\n\n\n<p>Bullrich, en cambio, neg\u00f3 rotundamente haber recibido aportes de esa familia o de cualquier persona relacionada con Machado. \u201cJam\u00e1s fui financiada por ninguna persona vinculada al narcotr\u00e1fico\u201d, sostuvo ante los medios. Sin embargo, las afirmaciones de la ministra chocan con los documentos oficiales. En el portal de la CNE figuran aportes realizados por Alejandra Bada V\u00e1zquez durante la campa\u00f1a presidencial de 2023. Los montos son modestos en comparaci\u00f3n con el financiamiento global del espacio, pero su existencia contradice la negaci\u00f3n total de la funcionaria. Si esos aportes fueron declarados \u201cen blanco\u201d y registrados como corresponde, lo que est\u00e1 en discusi\u00f3n no es su legalidad sino su procedencia y el posible conflicto \u00e9tico que supone recibir dinero de una empresaria con v\u00ednculos comerciales con un acusado por narcotr\u00e1fico.<\/p>\n\n\n\n<p>Recalde enfatiz\u00f3 ese punto: no se trata solo de un aporte formal, sino del entramado econ\u00f3mico detr\u00e1s. Bada V\u00e1zquez es una figura conocida en el mundo empresario y medi\u00e1tico por su rol en L\u00e1cteos Vidal, empresa denunciada por violaciones laborales y por sus relaciones societarias con el entorno de Machado, un empresario argentino detenido en Estados Unidos en 2021 por delitos financieros vinculados al tr\u00e1fico de coca\u00edna. La conexi\u00f3n no es directa, pero s\u00ed comprobable a trav\u00e9s de documentos societarios, operaciones en com\u00fan y v\u00ednculos familiares. En ese sentido, la acusaci\u00f3n de Recalde busca poner en evidencia una red de aportes aparentemente legales pero \u00e9ticamente cuestionables, que podr\u00edan enmascarar el lavado de dinero a trav\u00e9s de campa\u00f1as pol\u00edticas.<\/p>\n\n\n\n<p>La respuesta de Bullrich fue defensiva y apel\u00f3 al discurso de la transparencia. Asegur\u00f3 que todos los aportes recibidos fueron revisados por la Justicia Electoral y que cualquier intento de vincular su campa\u00f1a con el narcotr\u00e1fico constituye una difamaci\u00f3n pol\u00edtica. Sin embargo, las declaraciones de la ministra no despejan las dudas. El propio sitio de la CNE muestra los registros de aportantes y la existencia de los dep\u00f3sitos realizados por Bada V\u00e1zquez. La verificaci\u00f3n es simple: basta con acceder a los balances de campa\u00f1a, donde cada contribuyente figura con nombre, apellido, CUIT y monto. Esa informaci\u00f3n contradice la negaci\u00f3n absoluta de Bullrich, que eligi\u00f3 atacar al mensajero en lugar de explicar por qu\u00e9 recibi\u00f3 dinero de una figura tan controvertida.<\/p>\n\n\n\n<p>La denuncia de Recalde no surge en el vac\u00edo. El v\u00ednculo entre Bada V\u00e1zquez y Machado fue documentado por medios de investigaci\u00f3n y aparece en registros de empresas compartidas, transferencias y v\u00ednculos financieros. Machado, conocido por su rol en el tr\u00e1fico de coca\u00edna y en operaciones con aeronaves vinculadas a narcoenv\u00edos, mantiene una red de sociedades en Argentina, Paraguay y Estados Unidos. La familia Bada V\u00e1zquez figura asociada en algunas de esas operaciones, aunque hasta ahora no se ha probado un delito directo. Aun as\u00ed, el hecho de que una empresaria relacionada con ese entorno haya aportado dinero a una campa\u00f1a nacional resulta, como m\u00ednimo, inquietante.<\/p>\n\n\n\n<p>En tiempos donde la transparencia se utiliza como bandera pol\u00edtica, los aportes de campa\u00f1a se transforman en un terreno sensible. La Justicia Electoral puede certificar que los fondos son \u201cen blanco\u201d, pero eso no alcanza para despejar las sospechas sobre su origen. La pregunta de fondo es qui\u00e9nes financian la pol\u00edtica y qu\u00e9 intereses representan. Cuando una funcionaria que dirige las fuerzas de seguridad niega hechos verificables y registrados oficialmente, la controversia deja de ser una disputa partidaria para convertirse en un problema institucional. La transparencia no se declama, se demuestra.<\/p>\n\n\n\n<p>Bullrich no est\u00e1 acusada judicialmente de haber recibido dinero del narcotr\u00e1fico, pero su negativa frente a evidencias p\u00fablicas erosiona la confianza. Si la ministra tiene c\u00f3mo probar que los aportes declarados no provienen de Bada V\u00e1zquez, deber\u00eda hacerlo mostrando documentaci\u00f3n y no recurriendo a descalificaciones. Hasta entonces, la contradicci\u00f3n es evidente: los registros oficiales confirman los aportes, y los v\u00ednculos empresariales de la aportante con Fred Machado est\u00e1n documentados. En pol\u00edtica, el problema no es solo qui\u00e9n pone la plata, sino qui\u00e9n se atreve a preguntar de d\u00f3nde viene.<\/p>\n\n\n\n<p><strong>Fuentes consultadas<\/strong><\/p>\n\n\n\n<p>X \u2013 Mariano Recalde \u2013 \u201cLa que miente es usted, ministra\u2026\u201d<br><a href=\"https:\/\/x.com\/marianorecalde\/status\/1978903669312475243\">https:\/\/x.com\/marianorecalde\/status\/1978903669312475243<\/a><\/p>\n\n\n\n<p>C\u00e1mara Nacional Electoral \u2013 Registro de aportes campa\u00f1a 2023<br><a href=\"https:\/\/aportantes.electoral.gob.ar\/aportes\/?destino=&amp;distrito=&amp;agrupacion=&amp;nombre=bada+vazquez&amp;cuit=&amp;genero=&amp;modalidad=&amp;banco=&amp;desde=&amp;hasta=&amp;search=1\">https:\/\/aportantes.electoral.gob.ar\/aportes\/?destino=&amp;distrito=&amp;agrupacion=&amp;nombre=bada+vazquez&amp;cuit=&amp;genero=&amp;modalidad=&amp;banco=&amp;desde=&amp;hasta=&amp;search=1<\/a><\/p>\n\n\n\n<p>P\u00e1gina\/12 \u2013 \u201cFondos dudosos cerca de Bullrich\u201d<br><a href=\"https:\/\/www.pagina12.com.ar\/866207-hay-fondos-dudosos-cerca-de-bullrich\">https:\/\/www.pagina12.com.ar\/866207-hay-fondos-dudosos-cerca-de-bullrich<\/a><\/p>\n\n\n\n<p>Instagram \u2013 declaraci\u00f3n de Alejandra Bada V\u00e1zquez<br><a href=\"https:\/\/www.instagram.com\/reel\/DP44vqigHCo\">https:\/\/www.instagram.com\/reel\/DP44vqigHCo<\/a><\/p>\n\n\n\n<p>\u201cHay fondos dudosos cerca de Bullrich | L\u00e1cteos Vidal, Machado y los aportes a la campa\u00f1a 2023\u201d \u2014 P\u00e1gina\/12<br><a href=\"https:\/\/www.pagina12.com.ar\/866207-hay-fondos-dudosos-cerca-de-bullrich\">https:\/\/www.pagina12.com.ar\/866207-hay-fondos-dudosos-cerca-de-bullrich<\/a> <a href=\"https:\/\/www.pagina12.com.ar\/866207-hay-fondos-dudosos-cerca-de-bullrich?utm_source=chatgpt.com\" target=\"_blank\" rel=\"noreferrer noopener\">PAGINA12<\/a><\/p>\n\n\n\n<p>\u201cAtilra apunt\u00f3 contra L\u00e1cteos Vidal por presuntos v\u00ednculos con Fred Machado\u201d \u2014 La Naci\u00f3n<br><a href=\"https:\/\/www.lanacion.com.ar\/economia\/campo\/traiganme-la-transferencia-atilra-apunto-contra-lacteos-vidal-por-presuntos-vinculos-con-fred-nid15102025\/\">https:\/\/www.lanacion.com.ar\/economia\/campo\/traiganme-la-transferencia-atilra-apunto-contra-lacteos-vidal-por-presuntos-vinculos-con-fred-nid15102025\/<\/a> <a href=\"https:\/\/www.lanacion.com.ar\/economia\/campo\/traiganme-la-transferencia-atilra-apunto-contra-lacteos-vidal-por-presuntos-vinculos-con-fred-nid15102025\/?utm_source=chatgpt.com\" target=\"_blank\" rel=\"noreferrer noopener\">LA NACION<\/a><\/p>\n\n\n\n<p>\u201cBregman pide que Bullrich explique sus v\u00ednculos con Machado\u201d \u2014 P\u00e1gina\/12<br><a href=\"https:\/\/www.pagina12.com.ar\/865596-bregman-pide-que-bullrich-explique-sus-vinculos-con-machado\">https:\/\/www.pagina12.com.ar\/865596-bregman-pide-que-bullrich-explique-sus-vinculos-con-machado<\/a> <a href=\"https:\/\/www.pagina12.com.ar\/865596-bregman-pide-que-bullrich-explique-sus-vinculos-con-machado?utm_source=chatgpt.com\" target=\"_blank\" rel=\"noreferrer noopener\">PAGINA12<\/a><\/p>\n\n\n\n<p>\u201cObreros despedidos. Piden investigar a L\u00e1cteos Vidal y Bullrich: narcotr\u00e1fico, fraude laboral y financiamiento pol\u00edtico\u201d \u2014 La Izquierda Diario<br><a href=\"https:\/\/www.laizquierdadiario.cl\/Piden-investigar-a-Lacteos-Vidal-y-Bullrich-narcotrafico-fraude-laboral-y-financiamiento-politico\">https:\/\/www.laizquierdadiario.cl\/Piden-investigar-a-Lacteos-Vidal-y-Bullrich-narcotrafico-fraude-laboral-y-financiamiento-politico<\/a><\/p>\n\n\n\n<p><\/p>\n","protected":false},"excerpt":{"rendered":"<p>La pol\u00e9mica volvi\u00f3 a estallar en redes sociales cuando el senador nacional Mariano Recalde acus\u00f3 directamente a la ministra de Seguridad, Patricia Bullrich, de mentir sobre los aportes de campa\u00f1a recibidos en 2023. \u201cLa que miente es usted, ministra. La informaci\u00f3n es p\u00fablica y oficial. Estos son solamente los aportes en blanco de Bada V\u00e1zquez,&#8230;<\/p>\n","protected":false},"author":3,"featured_media":9876,"comment_status":"open","ping_status":"open","sticky":false,"template":"","format":"standard","meta":{"_monsterinsights_skip_tracking":false,"_monsterinsights_sitenote_active":false,"_monsterinsights_sitenote_note":"","_monsterinsights_sitenote_category":0,"footnotes":"","jetpack_publicize_message":"","jetpack_publicize_feature_enabled":true,"jetpack_social_post_already_shared":true,"jetpack_social_options":{"image_generator_settings":{"template":"highway","default_image_id":0,"font":"","enabled":false},"version":2}},"categories":[2],"tags":[],"class_list":["post-9871","post","type-post","status-publish","format-standard","has-post-thumbnail","hentry","category-politica"],"jetpack_publicize_connections":[],"_links":{"self":[{"href":"https:\/\/www.enorsai.com\/noticias\/wp-json\/wp\/v2\/posts\/9871","targetHints":{"allow":["GET"]}}],"collection":[{"href":"https:\/\/www.enorsai.com\/noticias\/wp-json\/wp\/v2\/posts"}],"about":[{"href":"https:\/\/www.enorsai.com\/noticias\/wp-json\/wp\/v2\/types\/post"}],"author":[{"embeddable":true,"href":"https:\/\/www.enorsai.com\/noticias\/wp-json\/wp\/v2\/users\/3"}],"replies":[{"embeddable":true,"href":"https:\/\/www.enorsai.com\/noticias\/wp-json\/wp\/v2\/comments?post=9871"}],"version-history":[{"count":1,"href":"https:\/\/www.enorsai.com\/noticias\/wp-json\/wp\/v2\/posts\/9871\/revisions"}],"predecessor-version":[{"id":9877,"href":"https:\/\/www.enorsai.com\/noticias\/wp-json\/wp\/v2\/posts\/9871\/revisions\/9877"}],"wp:featuredmedia":[{"embeddable":true,"href":"https:\/\/www.enorsai.com\/noticias\/wp-json\/wp\/v2\/media\/9876"}],"wp:attachment":[{"href":"https:\/\/www.enorsai.com\/noticias\/wp-json\/wp\/v2\/media?parent=9871"}],"wp:term":[{"taxonomy":"category","embeddable":true,"href":"https:\/\/www.enorsai.com\/noticias\/wp-json\/wp\/v2\/categories?post=9871"},{"taxonomy":"post_tag","embeddable":true,"href":"https:\/\/www.enorsai.com\/noticias\/wp-json\/wp\/v2\/tags?post=9871"}],"curies":[{"name":"wp","href":"https:\/\/api.w.org\/{rel}","templated":true}]}}