{"id":9865,"date":"2025-10-16T22:58:32","date_gmt":"2025-10-17T01:58:32","guid":{"rendered":"https:\/\/www.enorsai.com\/noticias\/?p=9865"},"modified":"2025-10-16T23:07:12","modified_gmt":"2025-10-17T02:07:12","slug":"karen-reichardt-insulto-al-peronismo-calificandolo-de-enfermedad-mental","status":"publish","type":"post","link":"https:\/\/www.enorsai.com\/noticias\/politica\/karen-reichardt-insulto-al-peronismo-calificandolo-de-enfermedad-mental\/","title":{"rendered":"Karen Reichardt insult\u00f3 al peronismo calificandolo de \u201cenfermedad mental\u201d"},"content":{"rendered":"\n<p>La candidata bonaerense de La Libertad Avanza, Karen Reichardt, volvi\u00f3 a quedar en el centro de la pol\u00e9mica tras calificar al peronismo como \u201cuna enfermedad mental\u201d. La declaraci\u00f3n, emitida durante una entrevista en Radio Rivadavia con Jonatan Viale, despert\u00f3 un fuerte repudio por su car\u00e1cter estigmatizante y discriminatorio. En un tramo del di\u00e1logo, Reichardt asegur\u00f3 que los votantes del kirchnerismo \u201ctienen un chip muy dif\u00edcil de cambiar\u201d y agreg\u00f3: \u201cNo es un tema de pensamiento, es cultural. El otro es de verdad una enfermedad mental\u201d. Cuando el conductor le pregunt\u00f3 si su afirmaci\u00f3n era literal, la candidata respondi\u00f3: \u201cS\u00ed\u201d.<br><br>M\u00e1s tarde, intentando matizar sus palabras, Reichardt explic\u00f3: \u201cNo dije enfermos mentales, dije enfermedad. Es una manera de decir cuando ten\u00e9s una enfermedad en la cabeza, un chip\u201d, aunque el da\u00f1o ya estaba hecho. Sus expresiones fueron amplificadas en redes sociales, donde la indignaci\u00f3n fue inmediata, con usuarios, periodistas y dirigentes se\u00f1alando que el discurso libertario se desliza cada vez m\u00e1s hacia el odio abierto y la patologizaci\u00f3n del adversario pol\u00edtico.<br><br>No es la primera vez que Reichardt genera repudio p\u00fablico. Ya hab\u00eda sido cuestionada por sus mensajes racistas y homof\u00f3bicos en redes sociales, donde escribi\u00f3 frases como \u201cbloquear a estos negros es un placer\u201d o insultos dirigidos a personas por su orientaci\u00f3n sexual. Su perfil encaja con el de varios candidatos y funcionarias de La Libertad Avanza que han construido notoriedad a fuerza de declaraciones violentas, provocadoras y cargadas de desprecio hacia colectivos vulnerables.<br><br>El episodio tambi\u00e9n expone una tendencia m\u00e1s amplia dentro del discurso libertario: el intento de reducir la pol\u00edtica a una guerra moral entre \u201clos cuerdos\u201d y \u201clos enfermos\u201d, \u201clos despiertos\u201d y \u201clos adoctrinados\u201d. Al etiquetar al peronismo como una \u201cpatolog\u00eda\u201d, Reichardt no solo deshumaniza a millones de personas, sino que refuerza la l\u00f3gica binaria que el oficialismo libertario viene impulsando desde el poder: quien no adhiere al dogma de Milei no merece respeto ni derechos.<br><br>Las expresiones de Reichardt llegan en medio de una campa\u00f1a cada vez m\u00e1s crispada, donde el gobierno nacional alimenta la polarizaci\u00f3n para sostener su narrativa de pureza moral frente al \u201cenemigo populista\u201d. La frase de la candidata bonaerense no es un exabrupto aislado, sino la consecuencia de un clima pol\u00edtico que premia la agresi\u00f3n y la descalificaci\u00f3n como mecanismos de visibilidad. En esa l\u00f3gica, el insulto se convierte en capital pol\u00edtico y la violencia discursiva en estrategia electoral.<br><br>La banalizaci\u00f3n del lenguaje m\u00e9dico en el terreno pol\u00edtico \u2014al asociar una identidad pol\u00edtica con una \u201cenfermedad mental\u201d\u2014 no es inocente: reproduce estigmas sobre la salud mental y degrada el debate democr\u00e1tico. Se normaliza la idea de que quienes piensan distinto no merecen ser escuchados, sino \u201ccurados\u201d o \u201cextirpados\u201d. El autoritarismo se disfraza de diagn\u00f3stico cl\u00ednico.<br><br>Mientras tanto, desde el entorno libertario nadie repudi\u00f3 p\u00fablicamente sus declaraciones. El silencio partidario funciona como una forma de aval. La candidata, lejos de retractarse, redobl\u00f3 su discurso en redes, acusando a los medios de \u201ctergiversar\u201d sus palabras, pese a que la entrevista fue difundida completa.<br><br>En definitiva, las palabras de Karen Reichardt son m\u00e1s que una provocaci\u00f3n individual: expresan la matriz ideol\u00f3gica de un espacio pol\u00edtico que se alimenta del resentimiento, la deshumanizaci\u00f3n y el desprecio hacia el otro. Cuando una dirigente naturaliza la idea de que un sector del pueblo argentino padece una \u201cenfermedad mental\u201d por su orientaci\u00f3n pol\u00edtica, no solo se cruza un l\u00edmite \u00e9tico: se desintegra la base misma del di\u00e1logo democr\u00e1tico.<br><br>Fuentes:<br><br>1. P\u00e1gina 12 \u2013 \u201cKaren Reichardt, comprometida con la campa\u00f1a y la violencia: ahora dijo que el peronismo es \u2018una enfermedad mental\u2019\u201d https:\/\/www.pagina12.com.ar\/866425-karen-reichardt-comprometida-con-la-campana-y-la-violencia-a<br><br>2. La Naci\u00f3n \u2013 \u201cKaren Reichardt: \u2018El que no nos vota tiene una enfermedad mental\u2019\u201d https:\/\/www.lanacion.com.ar\/politica\/karen-reichardt-el-que-no-nos-vota-tiene-una-enfermedad-mental-nid16102025<br><br>3. Radio Rivadavia \u2013 Entrevista de Jonatan Viale en el programa \u201cPan y Circo\u201d (16\/10\/2025)<br>https:\/\/rivadavia.com.ar\/<br><br><br><\/p>\n","protected":false},"excerpt":{"rendered":"<p>La candidata bonaerense de La Libertad Avanza, Karen Reichardt, volvi\u00f3 a quedar en el centro de la pol\u00e9mica tras calificar al peronismo como \u201cuna enfermedad mental\u201d. La declaraci\u00f3n, emitida durante una entrevista en Radio Rivadavia con Jonatan Viale, despert\u00f3 un fuerte repudio por su car\u00e1cter estigmatizante y discriminatorio. En un tramo del di\u00e1logo, Reichardt asegur\u00f3&#8230;<\/p>\n","protected":false},"author":11,"featured_media":9863,"comment_status":"open","ping_status":"open","sticky":false,"template":"","format":"standard","meta":{"_monsterinsights_skip_tracking":false,"_monsterinsights_sitenote_active":false,"_monsterinsights_sitenote_note":"","_monsterinsights_sitenote_category":0,"footnotes":"","jetpack_publicize_message":"","jetpack_publicize_feature_enabled":true,"jetpack_social_post_already_shared":true,"jetpack_social_options":{"image_generator_settings":{"template":"highway","default_image_id":0,"font":"","enabled":false},"version":2}},"categories":[2],"tags":[],"class_list":["post-9865","post","type-post","status-publish","format-standard","has-post-thumbnail","hentry","category-politica"],"jetpack_publicize_connections":[],"_links":{"self":[{"href":"https:\/\/www.enorsai.com\/noticias\/wp-json\/wp\/v2\/posts\/9865","targetHints":{"allow":["GET"]}}],"collection":[{"href":"https:\/\/www.enorsai.com\/noticias\/wp-json\/wp\/v2\/posts"}],"about":[{"href":"https:\/\/www.enorsai.com\/noticias\/wp-json\/wp\/v2\/types\/post"}],"author":[{"embeddable":true,"href":"https:\/\/www.enorsai.com\/noticias\/wp-json\/wp\/v2\/users\/11"}],"replies":[{"embeddable":true,"href":"https:\/\/www.enorsai.com\/noticias\/wp-json\/wp\/v2\/comments?post=9865"}],"version-history":[{"count":1,"href":"https:\/\/www.enorsai.com\/noticias\/wp-json\/wp\/v2\/posts\/9865\/revisions"}],"predecessor-version":[{"id":9866,"href":"https:\/\/www.enorsai.com\/noticias\/wp-json\/wp\/v2\/posts\/9865\/revisions\/9866"}],"wp:featuredmedia":[{"embeddable":true,"href":"https:\/\/www.enorsai.com\/noticias\/wp-json\/wp\/v2\/media\/9863"}],"wp:attachment":[{"href":"https:\/\/www.enorsai.com\/noticias\/wp-json\/wp\/v2\/media?parent=9865"}],"wp:term":[{"taxonomy":"category","embeddable":true,"href":"https:\/\/www.enorsai.com\/noticias\/wp-json\/wp\/v2\/categories?post=9865"},{"taxonomy":"post_tag","embeddable":true,"href":"https:\/\/www.enorsai.com\/noticias\/wp-json\/wp\/v2\/tags?post=9865"}],"curies":[{"name":"wp","href":"https:\/\/api.w.org\/{rel}","templated":true}]}}