{"id":986,"date":"2025-02-10T14:36:17","date_gmt":"2025-02-10T17:36:17","guid":{"rendered":"http:\/\/www.enorsai.com\/noticias\/?p=986"},"modified":"2025-02-10T14:44:38","modified_gmt":"2025-02-10T17:44:38","slug":"milei-echo-a-sonia-cavallo-despues-que-su-padre-le-pidiera-que-devaluara-para-no-tener-un-2001","status":"publish","type":"post","link":"https:\/\/www.enorsai.com\/noticias\/economia\/milei-echo-a-sonia-cavallo-despues-que-su-padre-le-pidiera-que-devaluara-para-no-tener-un-2001\/","title":{"rendered":"Milei ech\u00f3 a Sonia Cavallo despu\u00e9s que su padre le pidiera que devaluara para no tener un 2001"},"content":{"rendered":"\n<p><strong><em>El presidente Javier Milei despidi\u00f3 a Sonia Cavallo de la Embajada argentina ante la OEA. Una decisi\u00f3n que expone las tensiones internas y la fragilidad del gobierno frente a las cr\u00edticas. La destituci\u00f3n de Sonia Cavallo Runde como embajadora ante la OEA marca un nuevo cap\u00edtulo en la tormentosa relaci\u00f3n entre Javier Milei y Domingo Cavallo.<br><\/em><\/strong><br>En un movimiento que no pas\u00f3 desapercibido, el presidente Javier Milei decidi\u00f3 despedir a Sonia Cavallo Runde de su cargo como embajadora argentina ante la Organizaci\u00f3n de Estados Americanos (OEA). La decisi\u00f3n, tomada de manera fulminante, lleg\u00f3 tras una serie de cr\u00edticas p\u00fablicas que Domingo Cavallo, padre de Sonia y exministro de Econom\u00eda durante la presidencia de Carlos Menem, lanz\u00f3 contra la pol\u00edtica econ\u00f3mica del gobierno actual.<br><br>Sonia Cavallo, quien hab\u00eda sido designada en el cargo en mayo del a\u00f1o pasado, viv\u00eda en Estados Unidos desde hace m\u00e1s de una d\u00e9cada y lleg\u00f3 a la embajada gracias al v\u00ednculo que Milei manten\u00eda con su padre, a quien en su momento calific\u00f3 como \u00abel mejor ministro de Econom\u00eda de la historia\u00bb. Sin embargo, esa relaci\u00f3n de admiraci\u00f3n mutua se quebr\u00f3 cuando Cavallo comenz\u00f3 a cuestionar abiertamente las medidas econ\u00f3micas del gobierno, especialmente en temas sensibles como el tipo de cambio y la negociaci\u00f3n con el Fondo Monetario Internacional (FMI).<\/p>\n\n\n\n<blockquote class=\"twitter-tweet\" data-media-max-width=\"560\"><p lang=\"es\" dir=\"ltr\">MILEI ECH\u00d3 A LA HIJA DE CAVALLO DE EMBAJADORA tras esta advertencia de su padre: \u201cSi no devalu\u00e1s ahora, es probable que tengas serios problemas antes de las elecciones. Si devalu\u00e1s, es probable que las pierdas, pero al menos no tendr\u00e1s los serios problemas que tuve yo en 2001.\u201d <a href=\"https:\/\/t.co\/FsFQJkWRnp\">pic.twitter.com\/FsFQJkWRnp<\/a><\/p>&mdash; Juan Enrique (@juanenriqueUBA) <a href=\"https:\/\/twitter.com\/juanenriqueUBA\/status\/1888970246867890390?ref_src=twsrc%5Etfw\">February 10, 2025<\/a><\/blockquote> <script async src=\"https:\/\/platform.twitter.com\/widgets.js\" charset=\"utf-8\"><\/script>\n\n\n\n<p>El detonante final ocurri\u00f3 esta ma\u00f1ana, cuando Milei, en una entrevista con Antonio Laje en A24, arremeti\u00f3 contra Cavallo llam\u00e1ndolo \u00abimpresentable\u00bb y recordando que, durante la Convertibilidad, el tipo de cambio equivaldr\u00eda hoy a 700 pesos. Horas despu\u00e9s, el vocero presidencial, Manuel Adorni, confirm\u00f3 el despido de Sonia Cavallo a trav\u00e9s de redes sociales: \u00abPor decisi\u00f3n del Presidente de la Naci\u00f3n, Sonia Cavallo deja de ser la embajadora argentina ante la OEA\u00bb.<\/p>\n\n\n\n<p>La decisi\u00f3n no sorprende si se tiene en cuenta el estilo confrontativo de Milei, quien no tolera disidencias, especialmente cuando provienen de figuras con peso pol\u00edtico como Cavallo. Sin embargo, el despido de Sonia Cavallo plantea varias preguntas inc\u00f3modas: \u00bfFue una decisi\u00f3n basada en m\u00e9ritos o simplemente un acto de retaliaci\u00f3n contra su padre? \u00bfQu\u00e9 mensaje env\u00eda el gobierno al despedir a una funcionaria que, seg\u00fan fuentes oficiales, manten\u00eda un perfil bajo y estaba alineada con las pol\u00edticas exteriores de Milei?<\/p>\n\n\n\n<p>Lo cierto es que el gobierno atraviesa un momento delicado. Las cr\u00edticas de Cavallo no son menores. El exministro ha se\u00f1alado que el atraso cambiario y el cepo al d\u00f3lar son medidas insostenibles que podr\u00edan llevar a una crisis econ\u00f3mica a\u00fan mayor. Estas declaraciones, sumadas a la presi\u00f3n de la negociaci\u00f3n con el FMI, han puesto al gobierno en una posici\u00f3n inc\u00f3moda, donde cualquier cr\u00edtica interna es percibida como una amenaza.<\/p>\n\n\n\n<p>Sonia Cavallo, por su parte, hab\u00eda mantenido un perfil bajo durante su gesti\u00f3n. Economista de formaci\u00f3n, con una maestr\u00eda en Pol\u00edticas P\u00fablicas de Harvard y una larga trayectoria acad\u00e9mica en Estados Unidos, su designaci\u00f3n como embajadora fue vista como un gesto de acercamiento entre Milei y Cavallo. Sin embargo, ese gesto se desvaneci\u00f3 r\u00e1pidamente cuando las diferencias pol\u00edticas y econ\u00f3micas entre ambos salieron a la luz.<\/p>\n\n\n\n<p>El despido de Sonia Cavallo no solo expone las tensiones internas del gobierno, sino tambi\u00e9n la fragilidad de un presidente que parece no tolerar cr\u00edticas, incluso cuando estas provienen de figuras con experiencia y conocimiento en materia econ\u00f3mica. En un contexto donde la econom\u00eda argentina est\u00e1 al borde del colapso, la decisi\u00f3n de Milei de despedir a la hija de Cavallo parece m\u00e1s un acto de venganza pol\u00edtica que una medida estrat\u00e9gica.<\/p>\n\n\n\n<p>En definitiva, este episodio deja en evidencia que, para Milei, la lealtad parece ser m\u00e1s importante que la capacidad t\u00e9cnica o la experiencia. Una postura peligrosa en un momento en el que el pa\u00eds necesita soluciones concretas y no batallas personales.<\/p>\n\n\n\n<p>Fuente:<\/p>\n\n\n\n<ul class=\"wp-block-list\">\n<li><a href=\"https:\/\/www.infobae.com\/politica\/2025\/02\/10\/milei-echo-a-la-hija-de-domingo-cavallo-de-la-embajada-argentina-ante-la-oea\/\">https:\/\/www.infobae.com\/politica\/2025\/02\/10\/milei-echo-a-la-hija-de-domingo-cavallo-de-la-embajada-argentina-ante-la-oea\/<\/a><\/li>\n<\/ul>\n\n\n\n\n\n<p><br><\/p>\n","protected":false},"excerpt":{"rendered":"<p>Javier Milei despidi\u00f3 a Sonia Cavallo, embajadora ante la OEA, tras las cr\u00edticas de su padre, Domingo Cavallo, a la pol\u00edtica econ\u00f3mica. \u00bfFue una decisi\u00f3n estrat\u00e9gica o un acto de venganza? El episodio expone las tensiones internas y la intolerancia del gobierno frente a las disidencias.<\/p>\n","protected":false},"author":1,"featured_media":995,"comment_status":"open","ping_status":"open","sticky":false,"template":"","format":"standard","meta":{"_monsterinsights_skip_tracking":false,"_monsterinsights_sitenote_active":false,"_monsterinsights_sitenote_note":"","_monsterinsights_sitenote_category":0,"footnotes":"","jetpack_publicize_message":"","jetpack_publicize_feature_enabled":true,"jetpack_social_post_already_shared":true,"jetpack_social_options":{"image_generator_settings":{"template":"highway","default_image_id":0,"font":"","enabled":false},"version":2}},"categories":[3],"tags":[390,392,15,45,391],"class_list":["post-986","post","type-post","status-publish","format-standard","has-post-thumbnail","hentry","category-economia","tag-cavallo","tag-despido","tag-economia","tag-milei","tag-oea"],"jetpack_publicize_connections":[],"_links":{"self":[{"href":"https:\/\/www.enorsai.com\/noticias\/wp-json\/wp\/v2\/posts\/986","targetHints":{"allow":["GET"]}}],"collection":[{"href":"https:\/\/www.enorsai.com\/noticias\/wp-json\/wp\/v2\/posts"}],"about":[{"href":"https:\/\/www.enorsai.com\/noticias\/wp-json\/wp\/v2\/types\/post"}],"author":[{"embeddable":true,"href":"https:\/\/www.enorsai.com\/noticias\/wp-json\/wp\/v2\/users\/1"}],"replies":[{"embeddable":true,"href":"https:\/\/www.enorsai.com\/noticias\/wp-json\/wp\/v2\/comments?post=986"}],"version-history":[{"count":3,"href":"https:\/\/www.enorsai.com\/noticias\/wp-json\/wp\/v2\/posts\/986\/revisions"}],"predecessor-version":[{"id":997,"href":"https:\/\/www.enorsai.com\/noticias\/wp-json\/wp\/v2\/posts\/986\/revisions\/997"}],"wp:featuredmedia":[{"embeddable":true,"href":"https:\/\/www.enorsai.com\/noticias\/wp-json\/wp\/v2\/media\/995"}],"wp:attachment":[{"href":"https:\/\/www.enorsai.com\/noticias\/wp-json\/wp\/v2\/media?parent=986"}],"wp:term":[{"taxonomy":"category","embeddable":true,"href":"https:\/\/www.enorsai.com\/noticias\/wp-json\/wp\/v2\/categories?post=986"},{"taxonomy":"post_tag","embeddable":true,"href":"https:\/\/www.enorsai.com\/noticias\/wp-json\/wp\/v2\/tags?post=986"}],"curies":[{"name":"wp","href":"https:\/\/api.w.org\/{rel}","templated":true}]}}