{"id":9858,"date":"2025-10-16T21:52:09","date_gmt":"2025-10-17T00:52:09","guid":{"rendered":"https:\/\/www.enorsai.com\/noticias\/politica\/fuerte-critica-de-taiana-a-santilli-por-rechazar-un-debate-sobre-salud-educacion-y-soberania\/"},"modified":"2025-10-16T21:52:09","modified_gmt":"2025-10-17T00:52:09","slug":"fuerte-critica-de-taiana-a-santilli-por-rechazar-un-debate-sobre-salud-educacion-y-soberania","status":"publish","type":"post","link":"https:\/\/www.enorsai.com\/noticias\/politica\/fuerte-critica-de-taiana-a-santilli-por-rechazar-un-debate-sobre-salud-educacion-y-soberania\/","title":{"rendered":"Fuerte cr\u00edtica de Taiana a Santilli por rechazar un debate sobre salud, educaci\u00f3n y soberan\u00eda"},"content":{"rendered":"\n<p>El candidato a diputado nacional de Fuerza Patria, Jorge Taiana, cuestion\u00f3 con dureza al libertario Diego Santilli por negarse a participar de un debate p\u00fablico antes de las elecciones legislativas. \u201cNo le conven\u00eda\u201d, lanz\u00f3 el ex canciller, quien adem\u00e1s se\u00f1al\u00f3 que el reemplazo de Jos\u00e9 Luis Espert \u2014a quien vincul\u00f3 con causas de narcotr\u00e1fico\u2014 \u201cno quer\u00eda discutir sobre temas en los que legisl\u00f3 en contra de los intereses argentinos\u201d.<br><br>Taiana hab\u00eda propuesto una serie de debates tem\u00e1ticos que los libertarios rechazaron uno tras otro: sobre salud p\u00fablica y pol\u00edticas de cuidado en el Hospital Garrahan; educaci\u00f3n, ciencia y tecnolog\u00eda en una universidad bonaerense; obra e inversi\u00f3n p\u00fablica en obradores nacionales; soberan\u00eda e injerencia extranjera en el Museo Malvinas; y trabajo, consumo interno y microeconom\u00eda en f\u00e1bricas en crisis.<br><br>El dirigente peronista ironiz\u00f3 adem\u00e1s sobre la subordinaci\u00f3n de los libertarios a los Estados Unidos, tras el reciente encuentro entre Javier Milei y Donald Trump en la Casa Blanca. \u201cUstedes ya anticiparon el cierre de campa\u00f1a en Estados Unidos con su jefe Donald Trump. Para el pr\u00f3ximo 26 de octubre la gente tiene claras las opciones\u201d, remat\u00f3 Taiana.<br><br>La negativa de Santilli y Reichardt a debatir deja en evidencia el vac\u00edo de propuestas de La Libertad Avanza y su dependencia del marketing y los gestos de sumisi\u00f3n al poder extranjero. Mientras tanto, Taiana instal\u00f3 en la agenda p\u00fablica los temas que Milei intenta borrar del debate: la salud, la educaci\u00f3n, la industria nacional y la soberan\u00eda argentina.<br><br>Fuente:.<\/p>\n\n\n\n<p>.https:\/\/noticiasargentinas.com\/politica\/taiana-apunto-contra-santilli-por-no-aceptar-un-debate-de-candidatos&#8212;no-le-convenia-_a68f16f8dcea17254a89100a2<\/p>\n","protected":false},"excerpt":{"rendered":"<p>El candidato a diputado nacional de Fuerza Patria, Jorge Taiana, cuestion\u00f3 con dureza al libertario Diego Santilli por negarse a participar de un debate p\u00fablico antes de las elecciones legislativas. \u201cNo le conven\u00eda\u201d, lanz\u00f3 el ex canciller, quien adem\u00e1s se\u00f1al\u00f3 que el reemplazo de Jos\u00e9 Luis Espert \u2014a quien vincul\u00f3 con causas de narcotr\u00e1fico\u2014 \u201cno&#8230;<\/p>\n","protected":false},"author":11,"featured_media":9857,"comment_status":"open","ping_status":"open","sticky":false,"template":"","format":"standard","meta":{"_monsterinsights_skip_tracking":false,"_monsterinsights_sitenote_active":false,"_monsterinsights_sitenote_note":"","_monsterinsights_sitenote_category":0,"footnotes":"","jetpack_publicize_message":"","jetpack_publicize_feature_enabled":true,"jetpack_social_post_already_shared":true,"jetpack_social_options":{"image_generator_settings":{"template":"highway","default_image_id":0,"font":"","enabled":false},"version":2}},"categories":[2],"tags":[],"class_list":["post-9858","post","type-post","status-publish","format-standard","has-post-thumbnail","hentry","category-politica"],"jetpack_publicize_connections":[],"_links":{"self":[{"href":"https:\/\/www.enorsai.com\/noticias\/wp-json\/wp\/v2\/posts\/9858","targetHints":{"allow":["GET"]}}],"collection":[{"href":"https:\/\/www.enorsai.com\/noticias\/wp-json\/wp\/v2\/posts"}],"about":[{"href":"https:\/\/www.enorsai.com\/noticias\/wp-json\/wp\/v2\/types\/post"}],"author":[{"embeddable":true,"href":"https:\/\/www.enorsai.com\/noticias\/wp-json\/wp\/v2\/users\/11"}],"replies":[{"embeddable":true,"href":"https:\/\/www.enorsai.com\/noticias\/wp-json\/wp\/v2\/comments?post=9858"}],"version-history":[{"count":0,"href":"https:\/\/www.enorsai.com\/noticias\/wp-json\/wp\/v2\/posts\/9858\/revisions"}],"wp:featuredmedia":[{"embeddable":true,"href":"https:\/\/www.enorsai.com\/noticias\/wp-json\/wp\/v2\/media\/9857"}],"wp:attachment":[{"href":"https:\/\/www.enorsai.com\/noticias\/wp-json\/wp\/v2\/media?parent=9858"}],"wp:term":[{"taxonomy":"category","embeddable":true,"href":"https:\/\/www.enorsai.com\/noticias\/wp-json\/wp\/v2\/categories?post=9858"},{"taxonomy":"post_tag","embeddable":true,"href":"https:\/\/www.enorsai.com\/noticias\/wp-json\/wp\/v2\/tags?post=9858"}],"curies":[{"name":"wp","href":"https:\/\/api.w.org\/{rel}","templated":true}]}}