{"id":9846,"date":"2025-10-16T13:33:16","date_gmt":"2025-10-16T16:33:16","guid":{"rendered":"https:\/\/www.enorsai.com\/noticias\/?p=9846"},"modified":"2025-10-16T13:39:04","modified_gmt":"2025-10-16T16:39:04","slug":"denuncian-que-lacteos-vidal-aporto-a-la-campana-de-bullrich-con-dinero-de-fred-machado","status":"publish","type":"post","link":"https:\/\/www.enorsai.com\/noticias\/politica\/denuncian-que-lacteos-vidal-aporto-a-la-campana-de-bullrich-con-dinero-de-fred-machado\/","title":{"rendered":"Denuncian que L\u00e1cteos Vidal aport\u00f3 a la campa\u00f1a de Bullrich con dinero de Fred Machado"},"content":{"rendered":"\n<p>El senador Mariano Recalde lanz\u00f3 una acusaci\u00f3n que sacude a la pol\u00edtica argentina: asegur\u00f3 que Patricia Bullrich tambi\u00e9n fue financiada por el narcotr\u00e1fico. Seg\u00fan el legislador, la ex candidata presidencial recibi\u00f3 aportes de Alejandra Bada V\u00e1zquez, due\u00f1a de L\u00e1cteos Vidal, empresa que a su vez habr\u00eda sido financiada con dinero del empresario detenido por narcotr\u00e1fico Federico \u201cFred\u201d Machado. <\/p>\n\n\n\n<p>La trama involucra una avioneta siniestrada en Entre R\u00edos con medio tonelada de coca\u00edna y deja en evidencia los v\u00ednculos entre negocios, pol\u00edtica y lavado de dinero.<\/p>\n\n\n\n<p>\u201cRecibi\u00f3 aportes de Alejandra Bada V\u00e1zquez, due\u00f1a de L\u00e1cteos Vidal, quien a su vez recibi\u00f3 much\u00edsimo dinero de Fred Machado\u201d, afirm\u00f3 Recalde, al detallar c\u00f3mo \u2014seg\u00fan documentos judiciales\u2014 se habr\u00edan triangulado fondos entre empresas y campa\u00f1as pol\u00edticas. La historia detr\u00e1s de esas palabras es tan oscura como compleja: Fred Machado, empresario argentino detenido en Estados Unidos por narcotr\u00e1fico y lavado de activos, figura como financista de una red de sociedades utilizadas para mover dinero entre Argentina, Uruguay y para\u00edsos fiscales. Entre las firmas se\u00f1aladas aparece L\u00e1cteos Vidal, actualmente en conflicto con el gremio Atilra por incumplimientos laborales y vaciamiento empresario.<\/p>\n\n\n\n<figure class=\"wp-block-embed is-type-rich is-provider-twitter wp-block-embed-twitter\"><div class=\"wp-block-embed__wrapper\">\n<blockquote class=\"twitter-tweet\" data-width=\"550\" data-dnt=\"true\"><p lang=\"es\" dir=\"ltr\">\ud83d\udca3 RECALDE EXPLOSIVO:<br><br>\ud83d\udd25 \u201cPatricia Bullrich tambi\u00e9n fue financiada por el narcotr\u00e1fico.\u201d<br><br>&#8211; C\u00f3mo?<br>&#8211; \u201cRecibi\u00f3 aportes de Alejandra Bada V\u00e1zquez, due\u00f1a de Lavteos Vidal, quien a su vez recibi\u00f3 MUCH\u00cdSIMO dinero de Fred Machado.<br>Ten\u00edan una empresa de transporte y un avi\u00f3n que se\u2026 <a href=\"https:\/\/t.co\/4xMCGtSdO6\">pic.twitter.com\/4xMCGtSdO6<\/a><\/p>&mdash; PAMPA \ud83d\udc99\ud83d\udc9b\ud83d\udc99 (@Pampa139) <a href=\"https:\/\/twitter.com\/Pampa139\/status\/1978564449448423845?ref_src=twsrc%5Etfw\">October 15, 2025<\/a><\/blockquote><script async src=\"https:\/\/platform.twitter.com\/widgets.js\" charset=\"utf-8\"><\/script>\n<\/div><\/figure>\n\n\n\n<p>El sindicato ya hab\u00eda denunciado p\u00fablicamente la relaci\u00f3n entre Bada V\u00e1zquez y Machado, aportando documentaci\u00f3n que muestra transferencias millonarias desde cuentas vinculadas al empresario hacia la empresa l\u00e1ctea. Seg\u00fan esas denuncias, parte de ese dinero habr\u00eda terminado en los aportes declarados por Bullrich en su campa\u00f1a presidencial de 2023.<\/p>\n\n\n\n<p>La trama adquiere un tono cinematogr\u00e1fico con el episodio de la avioneta estrellada en Entre R\u00edos, donde se hallaron alrededor de 500 kilos de coca\u00edna. Las investigaciones apuntan a una empresa de transporte relacionada con el mismo circuito financiero que un\u00eda a L\u00e1cteos Vidal y a Fred Machado. El avi\u00f3n, valuado en una cifra muy inferior al mercado, habr\u00eda sido adquirido por una sociedad vinculada a los mismos due\u00f1os que operaban con fondos del narcotr\u00e1fico. Esa aeronave \u2014seg\u00fan fuentes judiciales\u2014 era utilizada para mover cargamentos entre el litoral argentino y Brasil, y figura como una de las pruebas m\u00e1s fuertes en la causa internacional contra Machado.<\/p>\n\n\n\n<p>Desde el entorno de Patricia Bullrich no hubo respuesta oficial ante la acusaci\u00f3n de Recalde. La ex ministra de Seguridad, que construy\u00f3 su perfil pol\u00edtico como \u201cdura\u201d contra el narcotr\u00e1fico, enfrenta ahora un se\u00f1alamiento que pone en jaque su discurso: la posibilidad de que su propia campa\u00f1a haya sido financiada con dinero del mismo circuito narco que dice combatir. Por su parte, Alejandra Bada V\u00e1zquez neg\u00f3 toda relaci\u00f3n con Machado y asegur\u00f3 que su empresa \u201cnunca hizo aportes a la campa\u00f1a de Bullrich ni de ning\u00fan otro candidato\u201d. Sin embargo, los documentos presentados por Atilra en la justicia revelan movimientos bancarios que coinciden con las fechas y montos denunciados.<\/p>\n\n\n\n<p>La denuncia de Recalde reaviva un debate inc\u00f3modo: la falta de transparencia en el financiamiento de la pol\u00edtica y la permeabilidad del sistema a los capitales del narcotr\u00e1fico. Mientras la justicia a\u00fan no se pronuncia sobre el caso, los v\u00ednculos entre empresarios, campa\u00f1as y estructuras de lavado siguen saliendo a la luz. La combinaci\u00f3n entre poder econ\u00f3mico, complicidad pol\u00edtica y silencio medi\u00e1tico parece formar el verdadero mapa del dinero sucio en la Argentina. Lo que hasta ayer era apenas una sospecha sindical hoy se transforma en un esc\u00e1ndalo con potencial impacto pol\u00edtico. Si se confirma la ruta del dinero narco hacia la campa\u00f1a de Bullrich, el caso podr\u00eda convertirse en una de las investigaciones m\u00e1s graves sobre financiamiento ilegal en la historia reciente del pa\u00eds.<\/p>\n","protected":false},"excerpt":{"rendered":"<p>El senador Mariano Recalde lanz\u00f3 una acusaci\u00f3n que sacude a la pol\u00edtica argentina: asegur\u00f3 que Patricia Bullrich tambi\u00e9n fue financiada por el narcotr\u00e1fico. Seg\u00fan el legislador, la ex candidata presidencial recibi\u00f3 aportes de Alejandra Bada V\u00e1zquez, due\u00f1a de L\u00e1cteos Vidal, empresa que a su vez habr\u00eda sido financiada con dinero del empresario detenido por narcotr\u00e1fico&#8230;<\/p>\n","protected":false},"author":12,"featured_media":9845,"comment_status":"open","ping_status":"open","sticky":false,"template":"","format":"standard","meta":{"_monsterinsights_skip_tracking":false,"_monsterinsights_sitenote_active":false,"_monsterinsights_sitenote_note":"","_monsterinsights_sitenote_category":0,"footnotes":"","jetpack_publicize_message":"","jetpack_publicize_feature_enabled":true,"jetpack_social_post_already_shared":true,"jetpack_social_options":{"image_generator_settings":{"template":"highway","default_image_id":0,"font":"","enabled":false},"version":2}},"categories":[2],"tags":[],"class_list":["post-9846","post","type-post","status-publish","format-standard","has-post-thumbnail","hentry","category-politica"],"jetpack_publicize_connections":[],"_links":{"self":[{"href":"https:\/\/www.enorsai.com\/noticias\/wp-json\/wp\/v2\/posts\/9846","targetHints":{"allow":["GET"]}}],"collection":[{"href":"https:\/\/www.enorsai.com\/noticias\/wp-json\/wp\/v2\/posts"}],"about":[{"href":"https:\/\/www.enorsai.com\/noticias\/wp-json\/wp\/v2\/types\/post"}],"author":[{"embeddable":true,"href":"https:\/\/www.enorsai.com\/noticias\/wp-json\/wp\/v2\/users\/12"}],"replies":[{"embeddable":true,"href":"https:\/\/www.enorsai.com\/noticias\/wp-json\/wp\/v2\/comments?post=9846"}],"version-history":[{"count":1,"href":"https:\/\/www.enorsai.com\/noticias\/wp-json\/wp\/v2\/posts\/9846\/revisions"}],"predecessor-version":[{"id":9847,"href":"https:\/\/www.enorsai.com\/noticias\/wp-json\/wp\/v2\/posts\/9846\/revisions\/9847"}],"wp:featuredmedia":[{"embeddable":true,"href":"https:\/\/www.enorsai.com\/noticias\/wp-json\/wp\/v2\/media\/9845"}],"wp:attachment":[{"href":"https:\/\/www.enorsai.com\/noticias\/wp-json\/wp\/v2\/media?parent=9846"}],"wp:term":[{"taxonomy":"category","embeddable":true,"href":"https:\/\/www.enorsai.com\/noticias\/wp-json\/wp\/v2\/categories?post=9846"},{"taxonomy":"post_tag","embeddable":true,"href":"https:\/\/www.enorsai.com\/noticias\/wp-json\/wp\/v2\/tags?post=9846"}],"curies":[{"name":"wp","href":"https:\/\/api.w.org\/{rel}","templated":true}]}}