{"id":9840,"date":"2025-10-16T09:18:34","date_gmt":"2025-10-16T12:18:34","guid":{"rendered":"https:\/\/www.enorsai.com\/noticias\/?p=9840"},"modified":"2025-10-16T09:20:37","modified_gmt":"2025-10-16T12:20:37","slug":"inutiles-desde-que-asumio-milei-casi-170-000-personas-perdieron-su-trabajo","status":"publish","type":"post","link":"https:\/\/www.enorsai.com\/noticias\/economia\/inutiles-desde-que-asumio-milei-casi-170-000-personas-perdieron-su-trabajo\/","title":{"rendered":"In\u00fatiles: desde que asumi\u00f3 Milei casi 170.000 personas perdieron su trabajo"},"content":{"rendered":"\n<p><strong><em>Los datos oficiales implican que se perdieron casi 10 mil empleos registrados por mes en la administraci\u00f3n libertaria. Una sangr\u00eda que no se detiene.<\/em><\/strong><\/p>\n\n\n\n<p>Desde la asunci\u00f3n del gobierno de Javier Milei, en diciembre del 2023, m\u00e1s de 169.000 asalariados registrados perdieron su trabajo, seg\u00fan inform\u00f3 la Secretar\u00eda de Trabajo.<\/p>\n\n\n\n<p>En julio (mes con los \u00faltimos datos disponibles), el trabajo asalariado mostr\u00f3 un retroceso del 0,1% mensual, explicado principalmente por la ca\u00edda del sector privado: 8.700 empleos menos sobre un total de 6.216.500.<\/p>\n\n\n\n<p>El sector p\u00fablico, por su lado, se mantuvo estable y el trabajo en casas particulares creci\u00f3 (0,1% sobre 442.900 empleos). Dentro del rubro p\u00fablico se encuentran 3.407.000 empleos.<\/p>\n\n\n\n<p>Con relaci\u00f3n a noviembre del 2023, \u00faltimo mes del gobierno de Alberto Fern\u00e1ndez, el empleo registrado privado disminuy\u00f3 de 6.385.800 a 6.216.500 (169.300 menos), mientras que el p\u00fablico pas\u00f3 de 3.484.300 a 3.407.000 (77.300 menos).<\/p>\n\n\n\n<p>Durante agosto, el nivel de empleo privado, registrado del total de los aglomerados urbanos relevados, cay\u00f3 un 0,3%, y acumula siete meses de contracci\u00f3n, seg\u00fan la informaci\u00f3n de la Encuesta de Indicadores Laborales (EIL).<\/p>\n\n\n\n<p>Caso contrario sucede con el trabajo independiente, que se increment\u00f3 un 0,4% en julio (11.700 personas m\u00e1s).<\/p>\n\n\n\n<p>As\u00ed, en los primeros siete meses del a\u00f1o el empleo privado asalariado solamente aument\u00f3 en febrero y abril (0,2%). En tanto, cay\u00f3 en enero, marzo, julio (0,1%) y junio (0,2%). Durante mayo no registr\u00f3 variaci\u00f3n.<\/p>\n\n\n\n<p>Por Info gremiales<\/p>\n","protected":false},"excerpt":{"rendered":"<p>Los datos oficiales implican que se perdieron casi 10 mil empleos registrados por mes en la administraci\u00f3n libertaria. Una sangr\u00eda que no se detiene. Desde la asunci\u00f3n del gobierno de Javier Milei, en diciembre del 2023, m\u00e1s de 169.000 asalariados registrados perdieron su trabajo, seg\u00fan inform\u00f3 la Secretar\u00eda de Trabajo. En julio (mes con los&#8230;<\/p>\n","protected":false},"author":5,"featured_media":6888,"comment_status":"open","ping_status":"open","sticky":false,"template":"","format":"standard","meta":{"_monsterinsights_skip_tracking":false,"_monsterinsights_sitenote_active":false,"_monsterinsights_sitenote_note":"","_monsterinsights_sitenote_category":0,"footnotes":"","jetpack_publicize_message":"","jetpack_publicize_feature_enabled":true,"jetpack_social_post_already_shared":true,"jetpack_social_options":{"image_generator_settings":{"template":"highway","default_image_id":0,"font":"","enabled":false},"version":2}},"categories":[3],"tags":[43,45],"class_list":["post-9840","post","type-post","status-publish","format-standard","has-post-thumbnail","hentry","category-economia","tag-crisis","tag-milei"],"jetpack_publicize_connections":[],"_links":{"self":[{"href":"https:\/\/www.enorsai.com\/noticias\/wp-json\/wp\/v2\/posts\/9840","targetHints":{"allow":["GET"]}}],"collection":[{"href":"https:\/\/www.enorsai.com\/noticias\/wp-json\/wp\/v2\/posts"}],"about":[{"href":"https:\/\/www.enorsai.com\/noticias\/wp-json\/wp\/v2\/types\/post"}],"author":[{"embeddable":true,"href":"https:\/\/www.enorsai.com\/noticias\/wp-json\/wp\/v2\/users\/5"}],"replies":[{"embeddable":true,"href":"https:\/\/www.enorsai.com\/noticias\/wp-json\/wp\/v2\/comments?post=9840"}],"version-history":[{"count":1,"href":"https:\/\/www.enorsai.com\/noticias\/wp-json\/wp\/v2\/posts\/9840\/revisions"}],"predecessor-version":[{"id":9841,"href":"https:\/\/www.enorsai.com\/noticias\/wp-json\/wp\/v2\/posts\/9840\/revisions\/9841"}],"wp:featuredmedia":[{"embeddable":true,"href":"https:\/\/www.enorsai.com\/noticias\/wp-json\/wp\/v2\/media\/6888"}],"wp:attachment":[{"href":"https:\/\/www.enorsai.com\/noticias\/wp-json\/wp\/v2\/media?parent=9840"}],"wp:term":[{"taxonomy":"category","embeddable":true,"href":"https:\/\/www.enorsai.com\/noticias\/wp-json\/wp\/v2\/categories?post=9840"},{"taxonomy":"post_tag","embeddable":true,"href":"https:\/\/www.enorsai.com\/noticias\/wp-json\/wp\/v2\/tags?post=9840"}],"curies":[{"name":"wp","href":"https:\/\/api.w.org\/{rel}","templated":true}]}}