{"id":9838,"date":"2025-10-16T09:04:11","date_gmt":"2025-10-16T12:04:11","guid":{"rendered":"https:\/\/www.enorsai.com\/noticias\/politica\/milei-anuncia-la-venta-de-hidroelectricas-un-dia-despues-de-reunirse-con-trump\/"},"modified":"2025-10-16T09:04:11","modified_gmt":"2025-10-16T12:04:11","slug":"milei-anuncia-la-venta-de-hidroelectricas-un-dia-despues-de-reunirse-con-trump","status":"publish","type":"post","link":"https:\/\/www.enorsai.com\/noticias\/politica\/milei-anuncia-la-venta-de-hidroelectricas-un-dia-despues-de-reunirse-con-trump\/","title":{"rendered":"Milei anuncia la venta de hidroel\u00e9ctricas un d\u00eda despu\u00e9s de reunirse con Trump"},"content":{"rendered":"\n<p>Un d\u00eda despu\u00e9s del encuentro con el presidente estadounidense, el gobierno de Milei anuncia la privatizaci\u00f3n de centrales estrat\u00e9gicas construidas con fondos p\u00fablicos.<br><br>Las hidroel\u00e9ctricas Alicur\u00e1, El Choc\u00f3n, Cerros Colorados y Piedra del \u00c1guila, \u00edconos de la soberan\u00eda energ\u00e9tica argentina, pasar\u00edan a manos privadas. La decisi\u00f3n genera alarma por la posible entrega de recursos estrat\u00e9gicos a intereses extranjeros, en un contexto de respaldo expl\u00edcito de Estados Unidos al gobierno ultraderechista.<br><br>El presidente Javier Milei no esper\u00f3 ni cinco minutos para avanzar con una de las medidas m\u00e1s controvertidas de su gesti\u00f3n: la venta de las centrales hidroel\u00e9ctricas Alicur\u00e1, El Choc\u00f3n, Cerros Colorados y Piedra del \u00c1guila. Estas obras, levantadas d\u00e9cadas atr\u00e1s con fondos p\u00fablicos y sin generar d\u00e9ficit, constituyen pilares fundamentales del sistema energ\u00e9tico argentino y s\u00edmbolos de la soberan\u00eda nacional.<br><br>La rapidez de la decisi\u00f3n, apenas un d\u00eda despu\u00e9s de la reuni\u00f3n con el presidente Donald Trump, no pas\u00f3 desapercibida. Analistas y opositores interpretan el movimiento como un gesto de entrega de recursos estrat\u00e9gicos a intereses extranjeros, en un marco donde Estados Unidos no dud\u00f3 en mostrar un apoyo expl\u00edcito al gobierno ultraderechista de Milei.<\/p>\n\n\n\n<figure class=\"wp-block-embed is-type-rich is-provider-twitter wp-block-embed-twitter\"><div class=\"wp-block-embed__wrapper\">\n<blockquote class=\"twitter-tweet\" data-width=\"550\" data-dnt=\"true\"><p lang=\"es\" dir=\"ltr\">NO ESPER\u00d3 NI CINCO MINUTOS<br>La decisi\u00f3n de Milei de poner en venta las centrales hidroel\u00e9ctricas Alicur\u00e1, El Choc\u00f3n, Cerros Colorados y Piedra del \u00c1guila, construidas hace d\u00e9cadas con fondos p\u00fablicos y sin generar d\u00e9ficit, se produjo justo un d\u00eda despu\u00e9s de su reuni\u00f3n con el\u2026 <a href=\"https:\/\/t.co\/I8ODR9yJrc\">pic.twitter.com\/I8ODR9yJrc<\/a><\/p>&mdash; El Profe Romero (@romerodiario) <a href=\"https:\/\/twitter.com\/romerodiario\/status\/1978783147694145942?ref_src=twsrc%5Etfw\">October 16, 2025<\/a><\/blockquote><script async src=\"https:\/\/platform.twitter.com\/widgets.js\" charset=\"utf-8\"><\/script>\n<\/div><\/figure>\n\n\n\n<p><br><br>Cr\u00edticos del plan se\u00f1alan que la privatizaci\u00f3n de estas centrales podr\u00eda profundizar la dependencia energ\u00e9tica del pa\u00eds y debilitar la capacidad del Estado para regular precios y garantizar el abastecimiento. Adem\u00e1s, advierten que la venta de activos construidos con inversi\u00f3n p\u00fablica sin generar d\u00e9ficit implica una transferencia de riqueza hacia manos privadas, en lugar de fortalecer el desarrollo interno.<br><br>La medida tambi\u00e9n plantea interrogantes sobre la planificaci\u00f3n a largo plazo del gobierno en materia de energ\u00eda y soberan\u00eda nacional. Mientras el oficialismo promueve la apertura a capitales privados, el resto de la sociedad se enfrenta a la perspectiva de ceder control de recursos estrat\u00e9gicos que durante d\u00e9cadas aseguraron estabilidad energ\u00e9tica sin comprometer las cuentas p\u00fablicas.<br><br>En un contexto donde la pol\u00edtica exterior y la econom\u00eda dom\u00e9stica parecen alinearse a favor de intereses externos, la decisi\u00f3n de Milei se suma a un patr\u00f3n de medidas r\u00e1pidas que priorizan la rentabilidad privada sobre el inter\u00e9s p\u00fablico. La venta de las hidroel\u00e9ctricas, adem\u00e1s de generar pol\u00e9mica inmediata, abre un debate sobre la direcci\u00f3n que el gobierno le imprime a la gesti\u00f3n de los recursos estrat\u00e9gicos del pa\u00eds.<\/p>\n","protected":false},"excerpt":{"rendered":"<p>Un d\u00eda despu\u00e9s del encuentro con el presidente estadounidense, el gobierno de Milei anuncia la privatizaci\u00f3n de centrales estrat\u00e9gicas construidas con fondos p\u00fablicos. Las hidroel\u00e9ctricas Alicur\u00e1, El Choc\u00f3n, Cerros Colorados y Piedra del \u00c1guila, \u00edconos de la soberan\u00eda energ\u00e9tica argentina, pasar\u00edan a manos privadas. La decisi\u00f3n genera alarma por la posible entrega de recursos estrat\u00e9gicos&#8230;<\/p>\n","protected":false},"author":3,"featured_media":9791,"comment_status":"open","ping_status":"open","sticky":false,"template":"","format":"standard","meta":{"_monsterinsights_skip_tracking":false,"_monsterinsights_sitenote_active":false,"_monsterinsights_sitenote_note":"","_monsterinsights_sitenote_category":0,"footnotes":"","jetpack_publicize_message":"","jetpack_publicize_feature_enabled":true,"jetpack_social_post_already_shared":true,"jetpack_social_options":{"image_generator_settings":{"template":"highway","default_image_id":0,"font":"","enabled":false},"version":2}},"categories":[2],"tags":[],"class_list":["post-9838","post","type-post","status-publish","format-standard","has-post-thumbnail","hentry","category-politica"],"jetpack_publicize_connections":[],"_links":{"self":[{"href":"https:\/\/www.enorsai.com\/noticias\/wp-json\/wp\/v2\/posts\/9838","targetHints":{"allow":["GET"]}}],"collection":[{"href":"https:\/\/www.enorsai.com\/noticias\/wp-json\/wp\/v2\/posts"}],"about":[{"href":"https:\/\/www.enorsai.com\/noticias\/wp-json\/wp\/v2\/types\/post"}],"author":[{"embeddable":true,"href":"https:\/\/www.enorsai.com\/noticias\/wp-json\/wp\/v2\/users\/3"}],"replies":[{"embeddable":true,"href":"https:\/\/www.enorsai.com\/noticias\/wp-json\/wp\/v2\/comments?post=9838"}],"version-history":[{"count":0,"href":"https:\/\/www.enorsai.com\/noticias\/wp-json\/wp\/v2\/posts\/9838\/revisions"}],"wp:featuredmedia":[{"embeddable":true,"href":"https:\/\/www.enorsai.com\/noticias\/wp-json\/wp\/v2\/media\/9791"}],"wp:attachment":[{"href":"https:\/\/www.enorsai.com\/noticias\/wp-json\/wp\/v2\/media?parent=9838"}],"wp:term":[{"taxonomy":"category","embeddable":true,"href":"https:\/\/www.enorsai.com\/noticias\/wp-json\/wp\/v2\/categories?post=9838"},{"taxonomy":"post_tag","embeddable":true,"href":"https:\/\/www.enorsai.com\/noticias\/wp-json\/wp\/v2\/tags?post=9838"}],"curies":[{"name":"wp","href":"https:\/\/api.w.org\/{rel}","templated":true}]}}