{"id":9825,"date":"2025-10-16T06:40:07","date_gmt":"2025-10-16T09:40:07","guid":{"rendered":"https:\/\/www.enorsai.com\/noticias\/?p=9825"},"modified":"2025-10-16T06:40:14","modified_gmt":"2025-10-16T09:40:14","slug":"la-violencia-e-impotencia-de-una-diputada-saltena-al-no-lograr-el-desafuero-de-un-opositor-del-gobernador-gustavo-sanz","status":"publish","type":"post","link":"https:\/\/www.enorsai.com\/noticias\/politica\/la-violencia-e-impotencia-de-una-diputada-saltena-al-no-lograr-el-desafuero-de-un-opositor-del-gobernador-gustavo-sanz\/","title":{"rendered":"La violencia e impotencia de una diputada salte\u00f1a al no lograr el desafuero de un opositor del gobernador Gustavo Sanz"},"content":{"rendered":"\n<p>La diputada salte\u00f1a Pamela Calletti, de Innovaci\u00f3n Federal, protagoniz\u00f3 un violento ataque verbal contra legisladores de Uni\u00f3n por la Patria al no lograr el desafuero del diputado Emiliano Estrada, opositor al gobierno de Gustavo S\u00e1enz.<\/p>\n\n\n\n<p>El intento de desafuero contra el diputado Emiliano Estrada termin\u00f3 en un esc\u00e1ndalo. Pamela Calletti, legisladora de Innovaci\u00f3n Federal, se descontrol\u00f3 en plena reuni\u00f3n parlamentaria, lanzando gritos e insultos hacia sus colegas. Detr\u00e1s del episodio se esconde la tensi\u00f3n pol\u00edtica en Salta y la incomodidad del oficialismo provincial ante las denuncias de complicidad con el narcotr\u00e1fico que involucran al gobierno de S\u00e1enz.<\/p>\n\n\n\n<p>El clima pol\u00edtico en la C\u00e1mara de Diputados volvi\u00f3 a encenderse, esta vez con una escena que expuso la desesperaci\u00f3n de un sector del poder provincial. La diputada salte\u00f1a <strong>Pamela Calletti<\/strong>, integrante del bloque <strong>Innovaci\u00f3n Federal<\/strong> y aliada del gobernador <strong>Gustavo S\u00e1enz<\/strong>, perdi\u00f3 completamente el control durante el debate del pedido de desafuero contra el legislador de <strong>Uni\u00f3n por la Patria (UP)<\/strong>, <strong>Emiliano Estrada<\/strong>.<\/p>\n\n\n\n<figure class=\"wp-block-embed is-type-rich is-provider-twitter wp-block-embed-twitter\"><div class=\"wp-block-embed__wrapper\">\n<blockquote class=\"twitter-tweet\" data-width=\"550\" data-dnt=\"true\"><p lang=\"es\" dir=\"ltr\">\ud83d\udde3\ufe0f Pamela Calletti (Innovaci\u00f3n Federal) explot\u00f3 contra Rodolfo Tailhade (UP) mientras exig\u00eda el desafuero de su coprovinciano Emiliano Estrada.<br><br>\ud83d\udc49\ud83c\udffb En un ataque de nervios, la diputada nacional de Innovaci\u00f3n Federal por Salta se sac\u00f3 de quicio contra legisladores kirchneristas <a href=\"https:\/\/t.co\/ZfC3EnCJhc\">https:\/\/t.co\/ZfC3EnCJhc<\/a> <a href=\"https:\/\/t.co\/LTQ008itl8\">pic.twitter.com\/LTQ008itl8<\/a><\/p>&mdash; Noticias Argentinas (@NAagencia) <a href=\"https:\/\/twitter.com\/NAagencia\/status\/1978607068627063148?ref_src=twsrc%5Etfw\">October 15, 2025<\/a><\/blockquote><script async src=\"https:\/\/platform.twitter.com\/widgets.js\" charset=\"utf-8\"><\/script>\n<\/div><\/figure>\n\n\n\n<p>A los gritos, fuera de s\u00ed, Calletti increp\u00f3 al diputado <strong>Rodolfo Tailhade<\/strong>, quien la hab\u00eda refutado en defensa de Estrada. \u201c\u00a1Diputado, yo lo escuch\u00e9, as\u00ed que sea respetuoso!\u201d, grit\u00f3 la legisladora, visiblemente fuera de s\u00ed, ante la mirada at\u00f3nita de sus colegas. Lo acus\u00f3 de \u201cmachirulo\u201d una y otra vez, mientras la sesi\u00f3n se convert\u00eda en un espect\u00e1culo de descontrol y tensi\u00f3n pol\u00edtica.<\/p>\n\n\n\n<p>La escena no fue un exabrupto aislado: fue el reflejo de una maniobra pol\u00edtica frustrada. El intento de desafuero contra Estrada \u2014basado en acusaciones de \u201cpeculado de servicios y abuso de autoridad\u201d\u2014 fue interpretado por gran parte del bloque opositor como un <strong>ataque directo desde el gobierno salte\u00f1o para disciplinar a un adversario pol\u00edtico inc\u00f3modo<\/strong>, que denunci\u00f3 p\u00fablicamente la <strong>connivencia entre el poder provincial y el narcotr\u00e1fico<\/strong>.<\/p>\n\n\n\n<p>El diputado <strong>Rodolfo Tailhade<\/strong> no dud\u00f3 en calificar el proceso como una <strong>persecuci\u00f3n pol\u00edtica<\/strong>, recordando que el art\u00edculo 68 de la Constituci\u00f3n Nacional protege a los legisladores de ser \u201cmolestados\u201d por sus opiniones. \u201cCada palabra que dijo Calletti es un pasaporte al sobreseimiento de Estrada\u201d, lanz\u00f3, apuntando directamente a la intenci\u00f3n pol\u00edtica del pedido.<\/p>\n\n\n\n<p>Las denuncias de Estrada contra el gobernador S\u00e1enz por presuntas complicidades con el narcotr\u00e1fico son un tema espinoso en la pol\u00edtica salte\u00f1a. Y el pedido de desafuero impulsado por Calletti, lejos de ser una cuesti\u00f3n judicial genuina, aparece ahora como <strong>una herramienta de castigo contra quien se atreve a cuestionar al poder local<\/strong>.<\/p>\n\n\n\n<p>Pero cuando el intento se frustr\u00f3 y las voces del kirchnerismo se impusieron en defensa del legislador perseguido, la diputada de Innovaci\u00f3n Federal no encontr\u00f3 otra salida que la agresi\u00f3n. <strong>Su ataque verbal termin\u00f3 revelando lo que la pol\u00edtica salte\u00f1a intenta ocultar: la intolerancia del oficialismo provincial frente al disenso y la cr\u00edtica.<\/strong><\/p>\n\n\n\n<p>\u201cEsto lo hacen por la campa\u00f1a porque van terceros y c\u00f3modos\u201d, se\u00f1al\u00f3 Tailhade, dejando al descubierto el trasfondo electoral del episodio. Su intervenci\u00f3n puso en evidencia que <strong>el pedido de desafuero no fue m\u00e1s que un movimiento desesperado<\/strong> ante el desgaste del gobernador S\u00e1enz y la p\u00e9rdida de terreno pol\u00edtico frente a los sectores de oposici\u00f3n que denuncian corrupci\u00f3n y v\u00ednculos con el narcotr\u00e1fico.<\/p>\n\n\n\n<p>Desde UP, el diputado <strong>Juan Marino<\/strong> tambi\u00e9n denunci\u00f3 que detr\u00e1s del \u201cshow\u201d de Calletti se escond\u00eda una maniobra para <strong>banalizar la discusi\u00f3n sobre los fueros parlamentarios<\/strong>. \u201cCuando se le quieren quitar los fueros intentan callar a cada diputado de esta C\u00e1mara. Nosotros no podemos aceptarlo\u201d, remarc\u00f3.<\/p>\n\n\n\n<p>Por su parte, el jefe del bloque peronista, <strong>Germ\u00e1n Mart\u00ednez<\/strong>, fue m\u00e1s all\u00e1: \u201cEsto le puede pasar a cualquiera de los que estamos ac\u00e1. Porque nadie es oficialismo eternamente. Los mismos que hoy te aplauden ma\u00f1ana te persiguen\u201d.<\/p>\n\n\n\n<p>Las palabras de Mart\u00ednez resonaron como una advertencia sobre la fragilidad de las instituciones cuando la pol\u00edtica se contamina con intereses personales y venganzas partidarias.<\/p>\n\n\n\n<p>En ese contexto, <strong>el estallido emocional de Calletti no fue un gesto espont\u00e1neo, sino el s\u00edntoma de una estrategia fallida<\/strong>. La diputada buscaba con desesperaci\u00f3n sostener la autoridad de un gobierno provincial acorralado por denuncias y por una creciente p\u00e9rdida de legitimidad.<\/p>\n\n\n\n<p>La reacci\u00f3n violenta, los gritos y el uso del insulto como argumento pol\u00edtico no s\u00f3lo degradan el debate parlamentario: <strong>ponen en evidencia una forma de ejercer el poder basada en la intimidaci\u00f3n y la censura<\/strong>.<\/p>\n\n\n\n<p>Calletti, lejos de defender la institucionalidad, termin\u00f3 exponiendo el autoritarismo que anida en ciertos sectores de la pol\u00edtica provincial, donde el disenso se castiga y la cr\u00edtica se silencia.<\/p>\n\n\n\n<p>Su accionar desbordado deja una marca: <strong>el intento de transformar el Congreso en un tribunal de venganza pol\u00edtica<\/strong> contra quienes se animan a denunciar lo que muchos prefieren callar.<\/p>\n\n\n\n<p>En definitiva, el \u201cataque de nervios\u201d de Pamela Calletti fue algo m\u00e1s que un episodio de descontrol. Fue la manifestaci\u00f3n visible de un <strong>fracaso pol\u00edtico<\/strong>: el de quienes, incapaces de convencer, recurren al grito para imponer miedo.<\/p>\n\n\n\n<p>Y como toda reacci\u00f3n desesperada, termin\u00f3 revelando lo que pretend\u00eda ocultar: <strong>que en Salta, el poder de Gustavo S\u00e1enz comienza a resquebrajarse<\/strong>, y que las voces disidentes \u2014como la de Emiliano Estrada\u2014 ya no pueden ser silenciadas por los m\u00e9todos de siempre.<\/p>\n","protected":false},"excerpt":{"rendered":"<p>La diputada salte\u00f1a Pamela Calletti, de Innovaci\u00f3n Federal, protagoniz\u00f3 un violento ataque verbal contra legisladores de Uni\u00f3n por la Patria al no lograr el desafuero del diputado Emiliano Estrada, opositor al gobierno de Gustavo S\u00e1enz. El intento de desafuero contra el diputado Emiliano Estrada termin\u00f3 en un esc\u00e1ndalo. Pamela Calletti, legisladora de Innovaci\u00f3n Federal, se&#8230;<\/p>\n","protected":false},"author":12,"featured_media":9826,"comment_status":"open","ping_status":"open","sticky":false,"template":"","format":"standard","meta":{"_monsterinsights_skip_tracking":false,"_monsterinsights_sitenote_active":false,"_monsterinsights_sitenote_note":"","_monsterinsights_sitenote_category":0,"footnotes":"","jetpack_publicize_message":"","jetpack_publicize_feature_enabled":true,"jetpack_social_post_already_shared":true,"jetpack_social_options":{"image_generator_settings":{"template":"highway","default_image_id":0,"font":"","enabled":false},"version":2}},"categories":[2],"tags":[3943,257,3944],"class_list":["post-9825","post","type-post","status-publish","format-standard","has-post-thumbnail","hentry","category-politica","tag-calletti","tag-congreso","tag-gustavo-sanz"],"jetpack_publicize_connections":[],"_links":{"self":[{"href":"https:\/\/www.enorsai.com\/noticias\/wp-json\/wp\/v2\/posts\/9825","targetHints":{"allow":["GET"]}}],"collection":[{"href":"https:\/\/www.enorsai.com\/noticias\/wp-json\/wp\/v2\/posts"}],"about":[{"href":"https:\/\/www.enorsai.com\/noticias\/wp-json\/wp\/v2\/types\/post"}],"author":[{"embeddable":true,"href":"https:\/\/www.enorsai.com\/noticias\/wp-json\/wp\/v2\/users\/12"}],"replies":[{"embeddable":true,"href":"https:\/\/www.enorsai.com\/noticias\/wp-json\/wp\/v2\/comments?post=9825"}],"version-history":[{"count":1,"href":"https:\/\/www.enorsai.com\/noticias\/wp-json\/wp\/v2\/posts\/9825\/revisions"}],"predecessor-version":[{"id":9827,"href":"https:\/\/www.enorsai.com\/noticias\/wp-json\/wp\/v2\/posts\/9825\/revisions\/9827"}],"wp:featuredmedia":[{"embeddable":true,"href":"https:\/\/www.enorsai.com\/noticias\/wp-json\/wp\/v2\/media\/9826"}],"wp:attachment":[{"href":"https:\/\/www.enorsai.com\/noticias\/wp-json\/wp\/v2\/media?parent=9825"}],"wp:term":[{"taxonomy":"category","embeddable":true,"href":"https:\/\/www.enorsai.com\/noticias\/wp-json\/wp\/v2\/categories?post=9825"},{"taxonomy":"post_tag","embeddable":true,"href":"https:\/\/www.enorsai.com\/noticias\/wp-json\/wp\/v2\/tags?post=9825"}],"curies":[{"name":"wp","href":"https:\/\/api.w.org\/{rel}","templated":true}]}}