{"id":9800,"date":"2025-10-15T11:49:13","date_gmt":"2025-10-15T14:49:13","guid":{"rendered":"https:\/\/www.enorsai.com\/noticias\/?p=9800"},"modified":"2025-10-15T12:29:42","modified_gmt":"2025-10-15T15:29:42","slug":"no-argumentes-como-docente-el-vergonzoso-momento-de-pullaro-ante-una-periodista-y-docente","status":"publish","type":"post","link":"https:\/\/www.enorsai.com\/noticias\/politica\/no-argumentes-como-docente-el-vergonzoso-momento-de-pullaro-ante-una-periodista-y-docente\/","title":{"rendered":"\u201cNo argumentes como docente\u201d: El vergonzoso momento de Pullaro ante una periodista y docente"},"content":{"rendered":"\n<p>Durante una visita a Villa Ocampo, el gobernador santafesino Maximiliano Pullaro protagoniz\u00f3 un tenso intercambio con una periodista y docente que le reclam\u00f3 por los bajos salarios y el abandono de las escuelas p\u00fablicas. \u201cNo argumentes como docente\u201d, le dijo el mandatario. La respuesta gener\u00f3 indignaci\u00f3n y dej\u00f3 al descubierto la distancia entre el discurso de la \u201cmodernizaci\u00f3n\u201d y la realidad de los trabajadores del aula.<br><br>El gobernador de Santa Fe, Maximiliano Pullaro, volvi\u00f3 a mostrar su incomodidad frente a la cr\u00edtica social. Ocurri\u00f3 en Villa Ocampo, al norte de la provincia, donde una periodista y docente, Yolanda Arriola, lo interpel\u00f3 durante una actividad oficial por la situaci\u00f3n salarial de los maestros y el abandono de las escuelas p\u00fablicas.<br>La respuesta del mandatario fue tan reveladora como ofensiva: \u201cNo argumentes como docente\u201d.<br><br>La frase, breve pero cargada de desprecio, provoc\u00f3 una ola de repudios en redes y en medios locales. Lo que podr\u00eda haber sido un di\u00e1logo democr\u00e1tico se transform\u00f3 en un ejemplo de intolerancia pol\u00edtica y clasismo institucional. Pullaro, que se muestra c\u00f3modo en los estudios de televisi\u00f3n porte\u00f1os \u2014ya sea en la mesa de Mirtha Legrand o charlando con Carlos Pagni\u2014, pareci\u00f3 perder la compostura cuando la interpelaci\u00f3n vino desde su propia provincia, desde una trabajadora de la educaci\u00f3n que habl\u00f3 con conocimiento y con dignidad.<br><br>&gt; \u201cQu\u00e9 bueno ser\u00eda que nuestros representantes argumenten un poco m\u00e1s como docentes, como trabajadores, como m\u00e9dicos. Quiz\u00e1s as\u00ed ser\u00edan un poco menos crueles y entender\u00edan la situaci\u00f3n tr\u00e1gica que atraviesa la mayor\u00eda de la gente\u201d, reflexion\u00f3 Arriola tras el episodio.<\/p>\n\n\n\n<figure class=\"wp-block-embed is-type-rich is-provider-twitter wp-block-embed-twitter\"><div class=\"wp-block-embed__wrapper\">\n<blockquote class=\"twitter-tweet\" data-width=\"550\" data-dnt=\"true\"><p lang=\"es\" dir=\"ltr\">El gobernador y la maestra&#8230;<br><br>Muy c\u00f3modo en Buenos Aires, muy c\u00f3modo en la mesa de Mirtha&#8230; o con Carlos Pagni\u2026 pero inc\u00f3modo en su propia provincia. <br>&quot;No argumentes como docente&quot; dice el gobernador. Que bueno ser\u00eda que nuestros representantes argumenten un poco m\u00e1s como\u2026 <a href=\"https:\/\/t.co\/goIQxz2jhx\">pic.twitter.com\/goIQxz2jhx<\/a><\/p>&mdash; Tincho Lucero (@tincholucero) <a href=\"https:\/\/twitter.com\/tincholucero\/status\/1978175032737382665?ref_src=twsrc%5Etfw\">October 14, 2025<\/a><\/blockquote><script async src=\"https:\/\/platform.twitter.com\/widgets.js\" charset=\"utf-8\"><\/script>\n<\/div><\/figure>\n\n\n\n<p><br><br>La escena fue registrada por varios medios locales y reproducida por portales como P\u00e1gina\/12, Apropol y ReconquistaHOY, que dieron cuenta del maltrato institucional y de la reacci\u00f3n de la comunidad educativa, que repudi\u00f3 la actitud del gobernador.<br>Organizaciones docentes se\u00f1alaron que la frase de Pullaro resume la mirada de una gesti\u00f3n que desprecia la pedagog\u00eda, el conocimiento y la cr\u00edtica, valores fundamentales para construir ciudadan\u00eda.<br><br>Mientras Pullaro insiste en mostrarse como un gestor \u201cdialoguista\u201d y \u201crepublicano\u201d, su comportamiento en Villa Ocampo revela otra cara: la del poder que no tolera la palabra del que ense\u00f1a, del que cuestiona, del que no se calla. En tiempos de ajuste educativo y precarizaci\u00f3n laboral, el pedido de la maestra no fue una provocaci\u00f3n, sino una descripci\u00f3n de la realidad que el gobierno intenta tapar.<br><br>El mandatario radical, aliado de Javier Milei en el Congreso en varias votaciones clave, ha sostenido pol\u00edticas de ajuste presupuestario en el \u00e1rea educativa, reduciendo partidas y dilatando las negociaciones paritarias. Los gremios AMSAFE y SADOP ya advirtieron que el conflicto salarial podr\u00eda escalar si no hay una recomposici\u00f3n acorde con la inflaci\u00f3n.<br><br>Detr\u00e1s de la frase \u201cno argumentes como docente\u201d hay algo m\u00e1s que una falta de empat\u00eda: hay una visi\u00f3n pol\u00edtica que busca deslegitimar la voz del trabajo y del conocimiento, relegando la experiencia de quienes d\u00eda a d\u00eda sostienen el sistema educativo p\u00fablico.<br>Esa distancia entre el gobernante y la sociedad se vuelve insoportable cuando la precariedad se vive en las aulas, en los comedores escolares, en los hospitales, y los funcionarios parecen m\u00e1s c\u00f3modos frente a las c\u00e1maras de televisi\u00f3n que ante la realidad de sus provincias.<br><br>Lo ocurrido en Villa Ocampo no es un hecho aislado: es el reflejo de un pa\u00eds donde los gobernadores se alinean con el discurso de ajuste del gobierno nacional mientras sus pueblos soportan los efectos del desempleo, los tarifazos y la ca\u00edda del salario real. Pullaro no s\u00f3lo despreci\u00f3 a una docente: despreci\u00f3 a la educaci\u00f3n p\u00fablica y al pueblo que dice representar.<\/p>\n","protected":false},"excerpt":{"rendered":"<p>Durante una visita a Villa Ocampo, el gobernador santafesino Maximiliano Pullaro protagoniz\u00f3 un tenso intercambio con una periodista y docente que le reclam\u00f3 por los bajos salarios y el abandono de las escuelas p\u00fablicas. \u201cNo argumentes como docente\u201d, le dijo el mandatario. La respuesta gener\u00f3 indignaci\u00f3n y dej\u00f3 al descubierto la distancia entre el discurso&#8230;<\/p>\n","protected":false},"author":13,"featured_media":9802,"comment_status":"open","ping_status":"open","sticky":false,"template":"","format":"standard","meta":{"_monsterinsights_skip_tracking":false,"_monsterinsights_sitenote_active":false,"_monsterinsights_sitenote_note":"","_monsterinsights_sitenote_category":0,"footnotes":"","jetpack_publicize_message":"","jetpack_publicize_feature_enabled":true,"jetpack_social_post_already_shared":true,"jetpack_social_options":{"image_generator_settings":{"template":"highway","default_image_id":0,"font":"","enabled":false},"version":2}},"categories":[2],"tags":[],"class_list":["post-9800","post","type-post","status-publish","format-standard","has-post-thumbnail","hentry","category-politica"],"jetpack_publicize_connections":[],"_links":{"self":[{"href":"https:\/\/www.enorsai.com\/noticias\/wp-json\/wp\/v2\/posts\/9800","targetHints":{"allow":["GET"]}}],"collection":[{"href":"https:\/\/www.enorsai.com\/noticias\/wp-json\/wp\/v2\/posts"}],"about":[{"href":"https:\/\/www.enorsai.com\/noticias\/wp-json\/wp\/v2\/types\/post"}],"author":[{"embeddable":true,"href":"https:\/\/www.enorsai.com\/noticias\/wp-json\/wp\/v2\/users\/13"}],"replies":[{"embeddable":true,"href":"https:\/\/www.enorsai.com\/noticias\/wp-json\/wp\/v2\/comments?post=9800"}],"version-history":[{"count":1,"href":"https:\/\/www.enorsai.com\/noticias\/wp-json\/wp\/v2\/posts\/9800\/revisions"}],"predecessor-version":[{"id":9803,"href":"https:\/\/www.enorsai.com\/noticias\/wp-json\/wp\/v2\/posts\/9800\/revisions\/9803"}],"wp:featuredmedia":[{"embeddable":true,"href":"https:\/\/www.enorsai.com\/noticias\/wp-json\/wp\/v2\/media\/9802"}],"wp:attachment":[{"href":"https:\/\/www.enorsai.com\/noticias\/wp-json\/wp\/v2\/media?parent=9800"}],"wp:term":[{"taxonomy":"category","embeddable":true,"href":"https:\/\/www.enorsai.com\/noticias\/wp-json\/wp\/v2\/categories?post=9800"},{"taxonomy":"post_tag","embeddable":true,"href":"https:\/\/www.enorsai.com\/noticias\/wp-json\/wp\/v2\/tags?post=9800"}],"curies":[{"name":"wp","href":"https:\/\/api.w.org\/{rel}","templated":true}]}}