{"id":9797,"date":"2025-10-15T11:04:19","date_gmt":"2025-10-15T14:04:19","guid":{"rendered":"https:\/\/www.enorsai.com\/noticias\/?p=9797"},"modified":"2025-10-15T11:09:57","modified_gmt":"2025-10-15T14:09:57","slug":"santilli-vuelve-a-mentir-la-ausencia-de-su-imagen-en-la-boleta-no-es-culpa-de-los-dinosaurios-sino-por-la-renuncia-de-espert","status":"publish","type":"post","link":"https:\/\/www.enorsai.com\/noticias\/uncategorized\/santilli-vuelve-a-mentir-la-ausencia-de-su-imagen-en-la-boleta-no-es-culpa-de-los-dinosaurios-sino-por-la-renuncia-de-espert\/","title":{"rendered":"Santilli vuelve a mentir: La ausencia de su imagen en la boleta no es culpa de \u201clos dinosaurios\u201d sino por la renuncia de Espert"},"content":{"rendered":"\n<p>El candidato de La Libertad Avanza afirma que su cara no aparece en la boleta \u00fanica por trabas internas, pero la realidad apunta a la renuncia de Jos\u00e9 Luis Espert por v\u00ednculos con un narcotraficante.<br><br>Diego Santilli public\u00f3 en X que los \u201cdinosaurios de la pol\u00edtica\u201d bloquearon su inclusi\u00f3n en la boleta. Sin embargo, la ausencia de su imagen se debe a decisiones judiciales y log\u00edsticas tras la renuncia de Espert. Verificamos los hechos.<br><br><br><br><strong>Lo que dijo Santilli:<\/strong><br>En X, el candidato asegur\u00f3:<br><br>> \u201cLos dinosaurios de la pol\u00edtica no quieren que nada cambie y se dedican a poner palos en la rueda, por eso este 26 de octubre la boleta \u00fanica no tendr\u00e1 mi cara. No te preocupes: CASILLERO 1, lista violeta para defender el cambio del Presidente Milei y acompa\u00f1arme con tu voto.\u201d<br><br>Santilli presenta como excusa que fuerzas internas del sistema pol\u00edtico impidieron que su imagen aparezca en la boleta.<br><br><\/p>\n\n\n\n<figure class=\"wp-block-embed is-type-rich is-provider-twitter wp-block-embed-twitter\"><div class=\"wp-block-embed__wrapper\">\n<blockquote class=\"twitter-tweet\" data-width=\"550\" data-dnt=\"true\"><p lang=\"es\" dir=\"ltr\">Tu cara no est\u00e1 en la boleta, <a href=\"https:\/\/twitter.com\/diegosantilli?ref_src=twsrc%5Etfw\">@diegosantilli<\/a>, porque pusieron un candidato que luego tuvieron que bajar cuando se descubrieron los negocios que hizo con un narcotraficante. <a href=\"https:\/\/t.co\/tqHFyfwH6b\">pic.twitter.com\/tqHFyfwH6b<\/a><\/p>&mdash; Javier Smaldone (@mis2centavos) <a href=\"https:\/\/twitter.com\/mis2centavos\/status\/1978434753247191080?ref_src=twsrc%5Etfw\">October 15, 2025<\/a><\/blockquote><script async src=\"https:\/\/platform.twitter.com\/widgets.js\" charset=\"utf-8\"><\/script>\n<\/div><\/figure>\n\n\n\n<p><strong>Qu\u00e9 pas\u00f3 en realidad:<\/strong><\/p>\n\n\n\n<p>El 5 de octubre, Jos\u00e9 Luis Espert renunci\u00f3 a su candidatura tras revelarse v\u00ednculos con el empresario Federico \u201cFred\u201d Machado, acusado de narcotr\u00e1fico y con pedido de extradici\u00f3n a Estados Unidos.<br><br>Espert hab\u00eda recibido 200.000 d\u00f3lares de Machado durante su campa\u00f1a presidencial de 2019, aunque afirm\u00f3 desconocer actividades il\u00edcitas. (El Pa\u00eds)<br><br><br><strong>Consecuencia para Santilli:<\/strong><br><br>Tras la renuncia de Espert, la Justicia habilit\u00f3 a Santilli para encabezar la lista de LLA, desplazando a Karen Reichardt.<br><br>Sin embargo, los plazos legales y log\u00edsticos impidieron la reimpresi\u00f3n de boletas, por lo que la imagen de Espert permanece en ellas.<br><br><br><strong>Veredicto:<\/strong><br>La afirmaci\u00f3n de Santilli es falsa: su ausencia en la boleta no fue producto de \u201cpalos en la rueda\u201d ni de conspiraciones internas, sino de la renuncia de Espert y de las restricciones legales para reimprimir boletas.<br><br>Este episodio refleja c\u00f3mo los mensajes de campa\u00f1a pueden distorsionar los hechos para culpar a otros actores pol\u00edticos, mientras que la realidad apunta a causas externas e imprevistas que escaparon del control de Santilli.<\/p>\n","protected":false},"excerpt":{"rendered":"<p>El candidato de La Libertad Avanza afirma que su cara no aparece en la boleta \u00fanica por trabas internas, pero la realidad apunta a la renuncia de Jos\u00e9 Luis Espert por v\u00ednculos con un narcotraficante. Diego Santilli public\u00f3 en X que los \u201cdinosaurios de la pol\u00edtica\u201d bloquearon su inclusi\u00f3n en la boleta. Sin embargo, la&#8230;<\/p>\n","protected":false},"author":12,"featured_media":9796,"comment_status":"open","ping_status":"open","sticky":false,"template":"","format":"standard","meta":{"_monsterinsights_skip_tracking":false,"_monsterinsights_sitenote_active":false,"_monsterinsights_sitenote_note":"","_monsterinsights_sitenote_category":0,"footnotes":"","jetpack_publicize_message":"","jetpack_publicize_feature_enabled":true,"jetpack_social_post_already_shared":true,"jetpack_social_options":{"image_generator_settings":{"template":"highway","default_image_id":0,"font":"","enabled":false},"version":2}},"categories":[1],"tags":[],"class_list":["post-9797","post","type-post","status-publish","format-standard","has-post-thumbnail","hentry","category-uncategorized"],"jetpack_publicize_connections":[],"_links":{"self":[{"href":"https:\/\/www.enorsai.com\/noticias\/wp-json\/wp\/v2\/posts\/9797","targetHints":{"allow":["GET"]}}],"collection":[{"href":"https:\/\/www.enorsai.com\/noticias\/wp-json\/wp\/v2\/posts"}],"about":[{"href":"https:\/\/www.enorsai.com\/noticias\/wp-json\/wp\/v2\/types\/post"}],"author":[{"embeddable":true,"href":"https:\/\/www.enorsai.com\/noticias\/wp-json\/wp\/v2\/users\/12"}],"replies":[{"embeddable":true,"href":"https:\/\/www.enorsai.com\/noticias\/wp-json\/wp\/v2\/comments?post=9797"}],"version-history":[{"count":1,"href":"https:\/\/www.enorsai.com\/noticias\/wp-json\/wp\/v2\/posts\/9797\/revisions"}],"predecessor-version":[{"id":9798,"href":"https:\/\/www.enorsai.com\/noticias\/wp-json\/wp\/v2\/posts\/9797\/revisions\/9798"}],"wp:featuredmedia":[{"embeddable":true,"href":"https:\/\/www.enorsai.com\/noticias\/wp-json\/wp\/v2\/media\/9796"}],"wp:attachment":[{"href":"https:\/\/www.enorsai.com\/noticias\/wp-json\/wp\/v2\/media?parent=9797"}],"wp:term":[{"taxonomy":"category","embeddable":true,"href":"https:\/\/www.enorsai.com\/noticias\/wp-json\/wp\/v2\/categories?post=9797"},{"taxonomy":"post_tag","embeddable":true,"href":"https:\/\/www.enorsai.com\/noticias\/wp-json\/wp\/v2\/tags?post=9797"}],"curies":[{"name":"wp","href":"https:\/\/api.w.org\/{rel}","templated":true}]}}