{"id":9778,"date":"2025-10-15T06:18:33","date_gmt":"2025-10-15T09:18:33","guid":{"rendered":"https:\/\/www.enorsai.com\/noticias\/?p=9778"},"modified":"2025-10-15T06:18:39","modified_gmt":"2025-10-15T09:18:39","slug":"el-doble-discurso-de-santilli-dice-defender-la-educacion-pero-voto-cuatro-veces-en-contra-del-financiamiento-universitario","status":"publish","type":"post","link":"https:\/\/www.enorsai.com\/noticias\/politica\/el-doble-discurso-de-santilli-dice-defender-la-educacion-pero-voto-cuatro-veces-en-contra-del-financiamiento-universitario\/","title":{"rendered":"El doble discurso de Santilli: dice defender la educaci\u00f3n, pero vot\u00f3 cuatro veces en contra del financiamiento universitario"},"content":{"rendered":"\n<p>En plena campa\u00f1a rumbo a las elecciones provinciales, <strong>Diego Santilli<\/strong> intenta presentarse como \u201cel candidato de la educaci\u00f3n\u201d. En sus recorridas por el conurbano bonaerense y en sus spots televisivos, repite que \u201csin educaci\u00f3n no hay futuro\u201d. Sin embargo, los hechos \u2014y m\u00e1s concretamente las <strong>actas oficiales de la C\u00e1mara de Diputados de la Naci\u00f3n<\/strong>\u2014 lo contradicen de manera categ\u00f3rica.<\/p>\n\n\n\n<p>Mientras promete fortalecer el sistema educativo, el propio Santilli <strong>vot\u00f3 en contra del financiamiento universitario en cuatro oportunidades distintas<\/strong> durante la sesi\u00f3n del <strong>6 de agosto de 2025<\/strong>, adem\u00e1s de oponerse previamente a la habilitaci\u00f3n del tratamiento del tema el <strong>2 de julio de 2025<\/strong>. Es decir, no s\u00f3lo rechaz\u00f3 el aumento del presupuesto universitario, sino tambi\u00e9n el mero debate parlamentario para discutirlo.<\/p>\n\n\n\n<p><\/p>\n\n\n\n<h3 class=\"wp-block-heading\">Las actas no mienten<\/h3>\n\n\n\n<p>En el <strong>registro de votaciones nominales del Congreso<\/strong>, Santilli aparece <strong>votando \u201cNEGATIVO\u201d<\/strong> en las siguientes instancias vinculadas al expediente <strong>O.D. 924<\/strong>, correspondiente a la <em>Ley de Financiamiento de la Educaci\u00f3n Universitaria y recomposici\u00f3n del salario docente<\/em>:<\/p>\n\n\n\n<ul class=\"wp-block-list\">\n<li>Votaci\u00f3n en general (6\/8\/2025): <strong>NEGATIVO<\/strong><\/li>\n\n\n\n<li>Art\u00edculos 1 al 4: <strong>NEGATIVO<\/strong><\/li>\n\n\n\n<li>Art\u00edculo 5: <strong>NEGATIVO<\/strong><\/li>\n\n\n\n<li>Art\u00edculos 6 al 9: <strong>NEGATIVO<\/strong><\/li>\n<\/ul>\n\n\n\n<p>Y previamente, el <strong>2\/7\/2025<\/strong>, tambi\u00e9n registr\u00f3 un voto <strong>NEGATIVO<\/strong> en la <em>habilitaci\u00f3n del tratamiento de los expedientes de financiamiento universitario<\/em>.<\/p>\n\n\n\n<p>Cinco votaciones, cuatro de ellas directas sobre la ley, todas en contra del financiamiento educativo.<\/p>\n\n\n\n<p>Mientras tanto, en campa\u00f1a, el dirigente del PRO busca capitalizar la crisis educativa bonaerense repitiendo un eslogan gastado: \u201cLa educaci\u00f3n ser\u00e1 el eje de mi gesti\u00f3n\u201d. Pero la coherencia no se predica con palabras; se demuestra con votos.<\/p>\n\n\n\n<figure class=\"wp-block-embed is-type-rich is-provider-twitter wp-block-embed-twitter\"><div class=\"wp-block-embed__wrapper\">\n<blockquote class=\"twitter-tweet\" data-width=\"550\" data-dnt=\"true\"><p lang=\"es\" dir=\"ltr\">Entend\u00e9s?<br>O<br>No entendes? <a href=\"https:\/\/t.co\/4HwfsdCPci\">pic.twitter.com\/4HwfsdCPci<\/a><\/p>&mdash; Luc\u00eda En Natal-Potiguara por adopci\u00f3n (@LuciadeLaReja) <a href=\"https:\/\/twitter.com\/LuciadeLaReja\/status\/1978257422981452043?ref_src=twsrc%5Etfw\">October 15, 2025<\/a><\/blockquote><script async src=\"https:\/\/platform.twitter.com\/widgets.js\" charset=\"utf-8\"><\/script>\n<\/div><\/figure>\n\n\n\n<h3 class=\"wp-block-heading\">Educaci\u00f3n para pocos<\/h3>\n\n\n\n<p>Lo m\u00e1s grave es que Santilli no se trata de un diputado marginal o un reci\u00e9n llegado. Form\u00f3 parte de los bloques que acompa\u00f1aron el <strong>veto de Javier Milei<\/strong> a la Ley de Financiamiento Universitario, una norma que contaba con amplio respaldo del sistema cient\u00edfico y de las universidades nacionales. Ese veto \u2014apoyado por Santilli\u2014 signific\u00f3 congelar el presupuesto universitario en niveles de 2023, con una inflaci\u00f3n que supera el 200%.<\/p>\n\n\n\n<p>La consecuencia directa de ese voto es la <strong>asfixia presupuestaria<\/strong> de las universidades nacionales: laboratorios paralizados, programas de becas recortados, salarios docentes pulverizados y universidades que debieron suspender actividades. En ese contexto, hablar de \u201ceducaci\u00f3n como prioridad\u201d resulta, cuando menos, una burla.<\/p>\n\n\n\n<p><\/p>\n\n\n\n<h3 class=\"wp-block-heading\">El discurso y la realidad<\/h3>\n\n\n\n<p>Santilli repite que \u201cel futuro se construye con educaci\u00f3n\u201d, pero vot\u00f3 en contra de garantizar que ese futuro sea posible. No fue una distracci\u00f3n ni un error legislativo: fue una <strong>decisi\u00f3n pol\u00edtica alineada con el ajuste educativo del gobierno de Javier Milei<\/strong>.<\/p>\n\n\n\n<p>Su postura es coherente, pero con el desfinanciamiento. Defiende una idea de \u201ceducaci\u00f3n\u201d limitada al mercado laboral, funcional a la l\u00f3gica del m\u00e9rito individual y desconectada del derecho social a estudiar.<\/p>\n\n\n\n<p>No sorprende, entonces, que Santilli haya acompa\u00f1ado tambi\u00e9n la <strong>privatizaci\u00f3n del sistema de formaci\u00f3n docente<\/strong> y el <strong>recorte de programas de ciencia y tecnolog\u00eda<\/strong>. Su \u201cdefensa de la educaci\u00f3n\u201d parece resumirse en vaciar las universidades y culpar a los estudiantes de la crisis presupuestaria.<\/p>\n\n\n\n<figure class=\"wp-block-embed is-type-rich is-provider-twitter wp-block-embed-twitter\"><div class=\"wp-block-embed__wrapper\">\n<blockquote class=\"twitter-tweet\" data-width=\"550\" data-dnt=\"true\"><p lang=\"es\" dir=\"ltr\">\ud83d\udea8 Santilli en San Isidro: \u201cQuiero ver a los chicos en las escuelas y a los chorros presos\u201d<br><br>En plena recorrida , el candidato de La Libertad Avanza endureci\u00f3 su discurso y apunt\u00f3 al eje seguridad\u2013educaci\u00f3n como prioridad de campa\u00f1a.<br><br>\ud83d\udccd \u201cNo quiero ver a los chicos en la calle ni\u2026 <a href=\"https:\/\/t.co\/RZX49hOeUr\">pic.twitter.com\/RZX49hOeUr<\/a><\/p>&mdash; IMPULSO BAIRES (@impulsobaires) <a href=\"https:\/\/twitter.com\/impulsobaires\/status\/1977081441839088062?ref_src=twsrc%5Etfw\">October 11, 2025<\/a><\/blockquote><script async src=\"https:\/\/platform.twitter.com\/widgets.js\" charset=\"utf-8\"><\/script>\n<\/div><\/figure>\n\n\n\n<h3 class=\"wp-block-heading\">Los n\u00fameros hablan<\/h3>\n\n\n\n<p>Seg\u00fan datos del CIN (Consejo Interuniversitario Nacional), las universidades p\u00fablicas argentinas recibieron en 2025 menos de la mitad de los recursos reales que en 2023. El ajuste fue avalado por los votos de los bloques aliados al oficialismo, entre ellos el de Santilli.<\/p>\n\n\n\n<p>Mientras tanto, el candidato del PRO recorre escuelas prometiendo \u201cm\u00e1s inversi\u00f3n y capacitaci\u00f3n docente\u201d. En otras palabras: promete exactamente lo que impidi\u00f3 con su voto.<\/p>\n\n\n\n<p><\/p>\n\n\n\n<h3 class=\"wp-block-heading\">La contradicci\u00f3n que no cierra<\/h3>\n\n\n\n<p>La pol\u00edtica argentina atraviesa un momento en que los discursos de campa\u00f1a ya no se contrastan con ideas, sino con registros p\u00fablicos. Y las actas de votaci\u00f3n del Congreso son el espejo m\u00e1s inc\u00f3modo para los candidatos que predican una cosa y votan otra.<\/p>\n\n\n\n<p>Santilli puede llenar sus spots de frases sobre el futuro, el esfuerzo y el m\u00e9rito, pero su verdadero legado legislativo est\u00e1 escrito en las planillas digitales del Congreso: <strong>cuatro votos negativos al financiamiento universitario y uno m\u00e1s contra su tratamiento<\/strong>.<\/p>\n\n\n\n<p>Habla de educaci\u00f3n, pero legisla contra ella.  Dice defender el futuro, pero vota para desfinanciarlo.<\/p>\n\n\n\n<p>Y eso \u2014m\u00e1s all\u00e1 de cualquier campa\u00f1a\u2014 es lo que queda en la historia parlamentaria.<\/p>\n\n\n\n<p><\/p>\n","protected":false},"excerpt":{"rendered":"<p>En plena campa\u00f1a rumbo a las elecciones provinciales, Diego Santilli intenta presentarse como \u201cel candidato de la educaci\u00f3n\u201d. En sus recorridas por el conurbano bonaerense y en sus spots televisivos, repite que \u201csin educaci\u00f3n no hay futuro\u201d. Sin embargo, los hechos \u2014y m\u00e1s concretamente las actas oficiales de la C\u00e1mara de Diputados de la Naci\u00f3n\u2014&#8230;<\/p>\n","protected":false},"author":11,"featured_media":9779,"comment_status":"open","ping_status":"open","sticky":false,"template":"","format":"standard","meta":{"_monsterinsights_skip_tracking":false,"_monsterinsights_sitenote_active":false,"_monsterinsights_sitenote_note":"","_monsterinsights_sitenote_category":0,"footnotes":"","jetpack_publicize_message":"","jetpack_publicize_feature_enabled":true,"jetpack_social_post_already_shared":true,"jetpack_social_options":{"image_generator_settings":{"template":"highway","default_image_id":0,"font":"","enabled":false},"version":2}},"categories":[3941,2],"tags":[],"class_list":["post-9778","post","type-post","status-publish","format-standard","has-post-thumbnail","hentry","category-educacion","category-politica"],"jetpack_publicize_connections":[],"_links":{"self":[{"href":"https:\/\/www.enorsai.com\/noticias\/wp-json\/wp\/v2\/posts\/9778","targetHints":{"allow":["GET"]}}],"collection":[{"href":"https:\/\/www.enorsai.com\/noticias\/wp-json\/wp\/v2\/posts"}],"about":[{"href":"https:\/\/www.enorsai.com\/noticias\/wp-json\/wp\/v2\/types\/post"}],"author":[{"embeddable":true,"href":"https:\/\/www.enorsai.com\/noticias\/wp-json\/wp\/v2\/users\/11"}],"replies":[{"embeddable":true,"href":"https:\/\/www.enorsai.com\/noticias\/wp-json\/wp\/v2\/comments?post=9778"}],"version-history":[{"count":1,"href":"https:\/\/www.enorsai.com\/noticias\/wp-json\/wp\/v2\/posts\/9778\/revisions"}],"predecessor-version":[{"id":9780,"href":"https:\/\/www.enorsai.com\/noticias\/wp-json\/wp\/v2\/posts\/9778\/revisions\/9780"}],"wp:featuredmedia":[{"embeddable":true,"href":"https:\/\/www.enorsai.com\/noticias\/wp-json\/wp\/v2\/media\/9779"}],"wp:attachment":[{"href":"https:\/\/www.enorsai.com\/noticias\/wp-json\/wp\/v2\/media?parent=9778"}],"wp:term":[{"taxonomy":"category","embeddable":true,"href":"https:\/\/www.enorsai.com\/noticias\/wp-json\/wp\/v2\/categories?post=9778"},{"taxonomy":"post_tag","embeddable":true,"href":"https:\/\/www.enorsai.com\/noticias\/wp-json\/wp\/v2\/tags?post=9778"}],"curies":[{"name":"wp","href":"https:\/\/api.w.org\/{rel}","templated":true}]}}