{"id":9774,"date":"2025-10-14T23:43:36","date_gmt":"2025-10-15T02:43:36","guid":{"rendered":"https:\/\/www.enorsai.com\/noticias\/?p=9774"},"modified":"2025-10-15T05:58:14","modified_gmt":"2025-10-15T08:58:14","slug":"impresionante-el-silencio-lo-condena-recalde-acorralo-a-sturzenegger-en-vivo-y-lo-dejo-sin-palabras-en-tn","status":"publish","type":"post","link":"https:\/\/www.enorsai.com\/noticias\/uncategorized\/impresionante-el-silencio-lo-condena-recalde-acorralo-a-sturzenegger-en-vivo-y-lo-dejo-sin-palabras-en-tn\/","title":{"rendered":"\u00a1Impresionante! El silencio lo condena: Recalde acorral\u00f3 a Sturzenegger en vivo y lo dej\u00f3 sin palabras en TN"},"content":{"rendered":"\n<p>El senador y candidato de Fuerza Patria, Mariano Recalde, enfrent\u00f3 al ministro Federico Sturzenegger en pleno programa de TN, record\u00e1ndole sus fracasos con De la R\u00faa, Macri y Milei, y se\u00f1alando que \u201czaf\u00f3 de ir preso por el megacanje gracias a la Corte Suprema\u201d. La reacci\u00f3n muda del funcionario se volvi\u00f3 viral.<br><br>Lo que sucedi\u00f3 anoche en los estudios de Todo Noticias (TN) fue m\u00e1s que un intercambio pol\u00edtico: fue una radiograf\u00eda del poder. Frente a las c\u00e1maras, Mariano Recalde, senador y candidato de Fuerza Patria, le enrostr\u00f3 a Federico Sturzenegger su historial de fracasos y su regreso permanente a los gobiernos del ajuste. \u201cUsted ya fracas\u00f3 tres veces. Con De la R\u00faa, con Macri y ahora con Milei. Y no termin\u00f3 preso por el megacanje porque la Corte Suprema lo salv\u00f3\u201d, lanz\u00f3 Recalde con una contundencia quir\u00fargica.<br><br>El rostro del ministro \u2014arquitecto del plan de desregulaci\u00f3n, privatizaciones y despidos en la administraci\u00f3n de Javier Milei\u2014 se tens\u00f3. Le ofrecieron responder. Pero no lo hizo. Guard\u00f3 silencio. Ese silencio, como escribieron miles de usuarios en redes sociales, \u201clo dijo todo\u201d.<\/p>\n\n\n\n<figure class=\"wp-block-embed is-type-rich is-provider-twitter wp-block-embed-twitter\"><div class=\"wp-block-embed__wrapper\">\n<blockquote class=\"twitter-tweet\" data-width=\"550\" data-dnt=\"true\"><p lang=\"es\" dir=\"ltr\">SE FUE AL MAZO?<br><br>Recalde en TN le dice en la cara a Sturzenegger: \u201cEs un funcionario que ya FRACAS\u00d3 3 veces. Con De la Rua, con Macri y ahora con Milei.\u201d<br><br>-Sturzenegger, quiere responder?<br><br>Cri, cri, cri <a href=\"https:\/\/t.co\/bhnZarPfia\">pic.twitter.com\/bhnZarPfia<\/a><\/p>&mdash; El Profe Romero (@romerodiario) <a href=\"https:\/\/twitter.com\/romerodiario\/status\/1978283862775017893?ref_src=twsrc%5Etfw\">October 15, 2025<\/a><\/blockquote><script async src=\"https:\/\/platform.twitter.com\/widgets.js\" charset=\"utf-8\"><\/script>\n<\/div><\/figure>\n\n\n\n<p><br><br>Federico Sturzenegger es una de las figuras m\u00e1s emblem\u00e1ticas del establishment financiero argentino. Su trayectoria sintetiza la continuidad de un modelo que, a pesar de sus reiterados fracasos, siempre encuentra una puerta giratoria hacia el poder. Fue funcionario del gobierno de Fernando de la R\u00faa, donde particip\u00f3 en el megacanje de deuda que agrav\u00f3 la crisis del 2001. Estuvo procesado por su rol en aquella operaci\u00f3n, pero la Corte Suprema lo sobresey\u00f3, en uno de los fallos m\u00e1s pol\u00e9micos de los \u00faltimos a\u00f1os. Luego, en 2015, volvi\u00f3 como presidente del Banco Central de Mauricio Macri, donde impuls\u00f3 la liberalizaci\u00f3n del d\u00f3lar, el endeudamiento masivo y la apertura financiera que culmin\u00f3 con el regreso del FMI a la Argentina. Hoy, bajo el gobierno de Javier Milei, Sturzenegger es nuevamente ministro, encargado de llevar adelante una \u201creforma estructural\u201d que implica despidos, desguace estatal y privatizaciones. La historia parece repetirse, pero cada vez con consecuencias m\u00e1s duras para la sociedad.<br><br>El momento en TN condens\u00f3 ese hartazgo social con la impunidad de los \u201cexpertos\u201d que gobiernan a espaldas del pueblo. La escena fue comentada por miles de usuarios en X (ex Twitter):<br><br>> \u201cTremendo momento en TN cuando Recalde le dijo en la cara a Sturzenegger que zaf\u00f3 de ir preso. El silencio de Sturzenegger lo dijo todo.\u201d<br><br>\u201cSe fue al mazo. No pudo responder nada.\u201d<br><br>\u201cLo dej\u00f3 mudo. El que calla, otorga.\u201d<br><\/p>\n\n\n\n<figure class=\"wp-block-embed is-type-rich is-provider-twitter wp-block-embed-twitter\"><div class=\"wp-block-embed__wrapper\">\n<blockquote class=\"twitter-tweet\" data-width=\"550\" data-dnt=\"true\"><p lang=\"es\" dir=\"ltr\">&quot;No s\u00e9, yo termino lo m\u00edo y me retiro&quot;. Pat\u00e9tico lo de Sturzenegger neg\u00e1ndose a debatir con Mariano Recalde. Otro pelado libertario que huye, igual que Espert. Le falt\u00f3 la moto. <a href=\"https:\/\/t.co\/K44qPJlVGm\">pic.twitter.com\/K44qPJlVGm<\/a><\/p>&mdash; Todo Negativo (@TodoNegativo) <a href=\"https:\/\/twitter.com\/TodoNegativo\/status\/1978281769263665182?ref_src=twsrc%5Etfw\">October 15, 2025<\/a><\/blockquote><script async src=\"https:\/\/platform.twitter.com\/widgets.js\" charset=\"utf-8\"><\/script>\n<\/div><\/figure>\n\n\n\n<p><br><br><br>El impacto fue inmediato. En cuesti\u00f3n de minutos, el video se volvi\u00f3 tendencia bajo etiquetas como #Sturzenegger y #Recalde, con un tono un\u00e1nime: indignaci\u00f3n ante la falta de autocr\u00edtica de quienes repiten los mismos errores de siempre.<br><br>M\u00e1s all\u00e1 del cruce personal, la discusi\u00f3n televisiva deja una lectura pol\u00edtica profunda. Sturzenegger representa la continuidad del modelo neoliberal, aquel que promete eficiencia y estabilidad mientras destruye el tejido social, aumenta la desigualdad y somete al pa\u00eds al endeudamiento externo. Recalde, en cambio, encarna la memoria activa de quienes no olvidan que detr\u00e1s de cada n\u00famero hay vidas, empleos y derechos. Su intervenci\u00f3n no solo fue un gesto pol\u00edtico, sino una forma de ponerle nombre y rostro a la responsabilidad de los tecn\u00f3cratas que fracasaron sin consecuencias.<br><br>El silencio de Sturzenegger no fue solo incomodidad: fue la ausencia de respuestas de un modelo agotado. La escena de TN sintetiza una verdad inc\u00f3moda para el poder econ\u00f3mico argentino: los mismos nombres que llevaron al pa\u00eds al borde del colapso siguen decidiendo su destino. Recalde le record\u00f3 a Sturzenegger \u2014y al pa\u00eds\u2014 que la impunidad de los poderosos tiene un l\u00edmite: la memoria colectiva y la palabra p\u00fablica.<br><br>En una \u00e9poca de ajustes y discursos vac\u00edos, ese instante de verdad televisiva vale m\u00e1s que mil comunicados oficiales. Porque, al fin y al cabo, cuando el poder calla, el pueblo escucha.<\/p>\n","protected":false},"excerpt":{"rendered":"<p>El senador y candidato de Fuerza Patria, Mariano Recalde, enfrent\u00f3 al ministro Federico Sturzenegger en pleno programa de TN, record\u00e1ndole sus fracasos con De la R\u00faa, Macri y Milei, y se\u00f1alando que \u201czaf\u00f3 de ir preso por el megacanje gracias a la Corte Suprema\u201d. La reacci\u00f3n muda del funcionario se volvi\u00f3 viral. Lo que sucedi\u00f3&#8230;<\/p>\n","protected":false},"author":9,"featured_media":9773,"comment_status":"open","ping_status":"open","sticky":false,"template":"","format":"standard","meta":{"_monsterinsights_skip_tracking":false,"_monsterinsights_sitenote_active":false,"_monsterinsights_sitenote_note":"","_monsterinsights_sitenote_category":0,"footnotes":"","jetpack_publicize_message":"","jetpack_publicize_feature_enabled":true,"jetpack_social_post_already_shared":true,"jetpack_social_options":{"image_generator_settings":{"template":"highway","default_image_id":0,"font":"","enabled":false},"version":2}},"categories":[2,1],"tags":[],"class_list":["post-9774","post","type-post","status-publish","format-standard","has-post-thumbnail","hentry","category-politica","category-uncategorized"],"jetpack_publicize_connections":[],"_links":{"self":[{"href":"https:\/\/www.enorsai.com\/noticias\/wp-json\/wp\/v2\/posts\/9774","targetHints":{"allow":["GET"]}}],"collection":[{"href":"https:\/\/www.enorsai.com\/noticias\/wp-json\/wp\/v2\/posts"}],"about":[{"href":"https:\/\/www.enorsai.com\/noticias\/wp-json\/wp\/v2\/types\/post"}],"author":[{"embeddable":true,"href":"https:\/\/www.enorsai.com\/noticias\/wp-json\/wp\/v2\/users\/9"}],"replies":[{"embeddable":true,"href":"https:\/\/www.enorsai.com\/noticias\/wp-json\/wp\/v2\/comments?post=9774"}],"version-history":[{"count":2,"href":"https:\/\/www.enorsai.com\/noticias\/wp-json\/wp\/v2\/posts\/9774\/revisions"}],"predecessor-version":[{"id":9777,"href":"https:\/\/www.enorsai.com\/noticias\/wp-json\/wp\/v2\/posts\/9774\/revisions\/9777"}],"wp:featuredmedia":[{"embeddable":true,"href":"https:\/\/www.enorsai.com\/noticias\/wp-json\/wp\/v2\/media\/9773"}],"wp:attachment":[{"href":"https:\/\/www.enorsai.com\/noticias\/wp-json\/wp\/v2\/media?parent=9774"}],"wp:term":[{"taxonomy":"category","embeddable":true,"href":"https:\/\/www.enorsai.com\/noticias\/wp-json\/wp\/v2\/categories?post=9774"},{"taxonomy":"post_tag","embeddable":true,"href":"https:\/\/www.enorsai.com\/noticias\/wp-json\/wp\/v2\/tags?post=9774"}],"curies":[{"name":"wp","href":"https:\/\/api.w.org\/{rel}","templated":true}]}}