{"id":9740,"date":"2025-10-14T09:39:45","date_gmt":"2025-10-14T12:39:45","guid":{"rendered":"https:\/\/www.enorsai.com\/noticias\/?p=9740"},"modified":"2025-10-14T09:39:50","modified_gmt":"2025-10-14T12:39:50","slug":"paro-nacional-docente-en-reclamo-por-la-caida-del-presupuesto-educativo-falta-de-actualizacion-salarial-y-ausencia-de-paritarias-nacionales","status":"publish","type":"post","link":"https:\/\/www.enorsai.com\/noticias\/sociedad\/paro-nacional-docente-en-reclamo-por-la-caida-del-presupuesto-educativo-falta-de-actualizacion-salarial-y-ausencia-de-paritarias-nacionales\/","title":{"rendered":"Paro nacional docente en reclamo por la ca\u00edda del presupuesto educativo, falta de actualizaci\u00f3n salarial y ausencia de paritarias nacionales"},"content":{"rendered":"\n<p>Hoy hay paro nacional docente en toda Argentina, convocado por CTERA y gremios provinciales en reclamo por la ca\u00edda del presupuesto educativo, la falta de actualizaci\u00f3n salarial y la ausencia de paritarias nacionales.<\/p>\n\n\n\n<p><strong>Ca\u00edda del Presupuesto Educativo<br><\/strong>Desde la asunci\u00f3n de Javier Milei, el presupuesto educativo sufri\u00f3 un recorte hist\u00f3rico: en 2024 la inversi\u00f3n baj\u00f3 un 40% respecto al a\u00f1o anterior, siendo el ajuste m\u00e1s severo desde la recuperaci\u00f3n democr\u00e1tica. Para 2025, el Gobierno proyecta otro recorte, destinando apenas el 0,88% del PBI a educaci\u00f3n, comparado con el 0,91% de 2024 y el 1,48% de 2023. Adem\u00e1s, se elimin\u00f3 la obligatoriedad de destinar el 6% del PBI por ley, lo que profundiz\u00f3 la reducci\u00f3n de fondos para escuelas, universidades, infraestructura, comedores y programas clave como el FONID.<\/p>\n\n\n\n<p><strong>P\u00e9rdida de Salario Docente<br><\/strong>Los salarios docentes tuvieron una p\u00e9rdida real estimada en el 33,3% para la educaci\u00f3n b\u00e1sica y del 32,6% para los universitarios entre noviembre de 2023 y febrero de 2025, seg\u00fan el Laboratorio de Pol\u00edticas Educativas de la UNAHUR. A pesar de algunos aumentos puntuales (por ejemplo, del 7,5% en agosto para el nivel universitario), la inflaci\u00f3n acumulada super\u00f3 en mucho cualquier recomposici\u00f3n, dejando a la mayor\u00eda de los docentes con ingresos por debajo de la canasta b\u00e1sica y hasta la l\u00ednea de pobreza en muchas provincias.<\/p>\n\n\n\n<figure class=\"wp-block-embed is-type-rich is-provider-twitter wp-block-embed-twitter\"><div class=\"wp-block-embed__wrapper\">\n<blockquote class=\"twitter-tweet\" data-width=\"550\" data-dnt=\"true\"><p lang=\"es\" dir=\"ltr\">\ud83d\udd34 CTERA convoca al Paro Nacional Docente y Movilizaci\u00f3n.<br><br>\ud83d\uddd3\ufe0f 14 De Octubre.<br><br>\ud83d\udccd Concentramos a las 10 hs en el Congreso de la Naci\u00f3n.<br><br>\u201cLa Escuela Ense\u00f1a y Construye Esperanza\u201d<a href=\"https:\/\/twitter.com\/hashtag\/PorLaP%C3%BAblica?src=hash&amp;ref_src=twsrc%5Etfw\">#PorLaP\u00fablica<\/a><a href=\"https:\/\/twitter.com\/hashtag\/CTERAContraElAjuste?src=hash&amp;ref_src=twsrc%5Etfw\">#CTERAContraElAjuste<\/a><a href=\"https:\/\/twitter.com\/hashtag\/FonidYa?src=hash&amp;ref_src=twsrc%5Etfw\">#FonidYa<\/a><a href=\"https:\/\/twitter.com\/hashtag\/M%C3%A1sPresupuestoEducativo?src=hash&amp;ref_src=twsrc%5Etfw\">#M\u00e1sPresupuestoEducativo<\/a> <a href=\"https:\/\/t.co\/Ojw2YqYPPZ\">pic.twitter.com\/Ojw2YqYPPZ<\/a><\/p>&mdash; CTERA (@cteracta) <a href=\"https:\/\/twitter.com\/cteracta\/status\/1977768155142328332?ref_src=twsrc%5Etfw\">October 13, 2025<\/a><\/blockquote><script async src=\"https:\/\/platform.twitter.com\/widgets.js\" charset=\"utf-8\"><\/script>\n<\/div><\/figure>\n","protected":false},"excerpt":{"rendered":"<p>Hoy hay paro nacional docente en toda Argentina, convocado por CTERA y gremios provinciales en reclamo por la ca\u00edda del presupuesto educativo, la falta de actualizaci\u00f3n salarial y la ausencia de paritarias nacionales. Ca\u00edda del Presupuesto EducativoDesde la asunci\u00f3n de Javier Milei, el presupuesto educativo sufri\u00f3 un recorte hist\u00f3rico: en 2024 la inversi\u00f3n baj\u00f3 un&#8230;<\/p>\n","protected":false},"author":3,"featured_media":9741,"comment_status":"open","ping_status":"open","sticky":false,"template":"","format":"standard","meta":{"_monsterinsights_skip_tracking":false,"_monsterinsights_sitenote_active":false,"_monsterinsights_sitenote_note":"","_monsterinsights_sitenote_category":0,"footnotes":"","jetpack_publicize_message":"","jetpack_publicize_feature_enabled":true,"jetpack_social_post_already_shared":true,"jetpack_social_options":{"image_generator_settings":{"template":"highway","default_image_id":0,"font":"","enabled":false},"version":2}},"categories":[3941,4],"tags":[],"class_list":["post-9740","post","type-post","status-publish","format-standard","has-post-thumbnail","hentry","category-educacion","category-sociedad"],"jetpack_publicize_connections":[],"_links":{"self":[{"href":"https:\/\/www.enorsai.com\/noticias\/wp-json\/wp\/v2\/posts\/9740","targetHints":{"allow":["GET"]}}],"collection":[{"href":"https:\/\/www.enorsai.com\/noticias\/wp-json\/wp\/v2\/posts"}],"about":[{"href":"https:\/\/www.enorsai.com\/noticias\/wp-json\/wp\/v2\/types\/post"}],"author":[{"embeddable":true,"href":"https:\/\/www.enorsai.com\/noticias\/wp-json\/wp\/v2\/users\/3"}],"replies":[{"embeddable":true,"href":"https:\/\/www.enorsai.com\/noticias\/wp-json\/wp\/v2\/comments?post=9740"}],"version-history":[{"count":1,"href":"https:\/\/www.enorsai.com\/noticias\/wp-json\/wp\/v2\/posts\/9740\/revisions"}],"predecessor-version":[{"id":9742,"href":"https:\/\/www.enorsai.com\/noticias\/wp-json\/wp\/v2\/posts\/9740\/revisions\/9742"}],"wp:featuredmedia":[{"embeddable":true,"href":"https:\/\/www.enorsai.com\/noticias\/wp-json\/wp\/v2\/media\/9741"}],"wp:attachment":[{"href":"https:\/\/www.enorsai.com\/noticias\/wp-json\/wp\/v2\/media?parent=9740"}],"wp:term":[{"taxonomy":"category","embeddable":true,"href":"https:\/\/www.enorsai.com\/noticias\/wp-json\/wp\/v2\/categories?post=9740"},{"taxonomy":"post_tag","embeddable":true,"href":"https:\/\/www.enorsai.com\/noticias\/wp-json\/wp\/v2\/tags?post=9740"}],"curies":[{"name":"wp","href":"https:\/\/api.w.org\/{rel}","templated":true}]}}