{"id":9733,"date":"2025-10-14T09:19:11","date_gmt":"2025-10-14T12:19:11","guid":{"rendered":"https:\/\/www.enorsai.com\/noticias\/?p=9733"},"modified":"2025-10-14T09:19:16","modified_gmt":"2025-10-14T12:19:16","slug":"tipico-de-libertario-un-militante-de-santilli-le-pego-una-trompada-a-una-vecina-que-protestaba-contra-el-ajuste-de-milei","status":"publish","type":"post","link":"https:\/\/www.enorsai.com\/noticias\/politica\/tipico-de-libertario-un-militante-de-santilli-le-pego-una-trompada-a-una-vecina-que-protestaba-contra-el-ajuste-de-milei\/","title":{"rendered":"T\u00edpico de libertario: Un militante de Santilli le peg\u00f3 una trompada a una vecina que protestaba contra el ajuste de Milei"},"content":{"rendered":"\n<p>El agresor fue identificado como Juan Carlos Gil, matriculado en el Colegio de Abogados de Quilmes y candidato por la lista \u201cLa Libertad en el Colegio\u201d. Desde la instituci\u00f3n confirmaron que ser\u00e1 denunciado ante el Tribunal de Disciplina.<\/p>\n\n\n\n<p>La violencia libertaria volvi\u00f3 a quedar expuesta en un acto de la derecha bonaerense. En esta ocasi\u00f3n, un abogado vinculado al espacio liberal atac\u00f3 f\u00edsicamente a una manifestante que protestaba frente a un encuentro encabezado por Diego Santilli. Las im\u00e1genes y testimonios desataron una ola de repudio en redes sociales y motivaron una intervenci\u00f3n institucional por parte del Colegio de Abogados de Quilmes.<\/p>\n\n\n\n<p>El violento episodio ocurri\u00f3 durante una actividad pol\u00edtica en Quilmes, donde el dirigente del PRO y aliado de La Libertad Avanza, <strong>Diego Santilli<\/strong>, encabezaba un acto junto a referentes locales. En ese contexto, un grupo de manifestantes se acerc\u00f3 al lugar para expresar su rechazo a las pol\u00edticas de ajuste y privatizaci\u00f3n impulsadas por el gobierno nacional.<\/p>\n\n\n\n<p>Entre los presentes se encontraba <strong>Juan Carlos Gil<\/strong>, abogado y candidato en el <strong>Colegio de Abogados de Quilmes<\/strong> por la <strong>Lista P\u00farpura<\/strong>, cuyo lema es \u201c<em>La Libertad en el Colegio<\/em>\u201d. Lejos de limitarse al debate, el militante libertario fue captado agrediendo f\u00edsicamente a una mujer que participaba de la protesta.<\/p>\n\n\n\n<figure class=\"wp-block-embed is-type-rich is-provider-twitter wp-block-embed-twitter\"><div class=\"wp-block-embed__wrapper\">\n<blockquote class=\"twitter-tweet\" data-width=\"550\" data-dnt=\"true\"><p lang=\"es\" dir=\"ltr\">El libertario que golpe\u00f3 cobardemente a una mujer en <a href=\"https:\/\/twitter.com\/hashtag\/Quilmes?src=hash&amp;ref_src=twsrc%5Etfw\">#Quilmes<\/a> es Juan Carlos Gil: &quot;Un abogado lamentablemente matriculado en nuestro colegio. Vamos a hacer la denuncia correspondiente en el Tribunal de disciplina para que lo sancionen&quot;, denunci\u00f3 el tesorero del Colegio de\u2026 <a href=\"https:\/\/t.co\/UrULuls3eI\">pic.twitter.com\/UrULuls3eI<\/a><\/p>&mdash; Agencia El Vig\u00eda (@AgenciaElVigia) <a href=\"https:\/\/twitter.com\/AgenciaElVigia\/status\/1977852869580575035?ref_src=twsrc%5Etfw\">October 13, 2025<\/a><\/blockquote><script async src=\"https:\/\/platform.twitter.com\/widgets.js\" charset=\"utf-8\"><\/script>\n<\/div><\/figure>\n\n\n\n<p>El hecho gener\u00f3 una inmediata reacci\u00f3n de repudio en redes sociales. El periodista y abogado <strong>Gast\u00f3n Fragueiro<\/strong>, tesorero del Colegio de Abogados de Quilmes, confirm\u00f3 p\u00fablicamente la identidad del agresor y anticip\u00f3 que se iniciar\u00e1n las acciones correspondientes:<\/p>\n\n\n\n<blockquote class=\"wp-block-quote is-layout-flow wp-block-quote-is-layout-flow\">\n<p>\u201cEs Juan Carlos Gil. Un abogado lamentablemente matriculado en nuestro colegio. Vamos a hacer la denuncia correspondiente en el Tribunal de disciplina para que lo sancionen\u201d, expres\u00f3 Fragueiro desde su cuenta de X (ex Twitter).<\/p>\n<\/blockquote>\n\n\n\n<p>En el mismo sentido, la <strong>Agencia El Vig\u00eda<\/strong> difundi\u00f3 la noticia se\u00f1alando que se trat\u00f3 de \u201cuna cobarde agresi\u00f3n contra una mujer\u201d, y cit\u00f3 las declaraciones de Fragueiro que confirman la denuncia institucional.<\/p>\n\n\n\n<figure class=\"wp-block-embed is-type-rich is-provider-twitter wp-block-embed-twitter\"><div class=\"wp-block-embed__wrapper\">\n<blockquote class=\"twitter-tweet\" data-width=\"550\" data-dnt=\"true\"><p lang=\"es\" dir=\"ltr\">Un militante libertario completamente sacado y violento le peg\u00f3 a una vecina que estaba protestando contra un acto de campa\u00f1a de Santilli y otros candidatos de LLA en Quilmes.  <br><br>Deber\u00edan repudiarlo todos, sean peronistas o libertarios.<br><br>Pas\u00f3 hace un rato \ud83d\udc47 <a href=\"https:\/\/t.co\/bVOsIZyZqQ\">pic.twitter.com\/bVOsIZyZqQ<\/a><\/p>&mdash; Pablo Lapuente Escobar (@PConurbano) <a href=\"https:\/\/twitter.com\/PConurbano\/status\/1977833256344064511?ref_src=twsrc%5Etfw\">October 13, 2025<\/a><\/blockquote><script async src=\"https:\/\/platform.twitter.com\/widgets.js\" charset=\"utf-8\"><\/script>\n<\/div><\/figure>\n\n\n\n<p>El caso tuvo una fuerte repercusi\u00f3n, no s\u00f3lo por la violencia ejercida, sino tambi\u00e9n por el <strong>perfil pol\u00edtico del agresor<\/strong>. Gil forma parte del espacio libertario dentro del \u00e1mbito jur\u00eddico quilme\u00f1o, un sector que se referencia discursivamente en la \u201cdefensa de la libertad individual\u201d y la \u201clucha contra el adoctrinamiento ideol\u00f3gico\u201d, pero que en los hechos recurre a la agresi\u00f3n y la intimidaci\u00f3n frente al disenso.<\/p>\n\n\n\n<p>El lema de su agrupaci\u00f3n, <em>\u201cLa Libertad en el Colegio\u201d<\/em>, qued\u00f3 en completa contradicci\u00f3n con su accionar violento, lo que profundiz\u00f3 el repudio generalizado. Usuarios de redes sociales remarcaron la <strong>hipocres\u00eda de un sector que se presenta como defensor de la libertad de expresi\u00f3n mientras agrede f\u00edsicamente a quien piensa distinto<\/strong>.<\/p>\n\n\n\n<p>La denuncia ante el Tribunal de Disciplina podr\u00eda derivar en <strong>una sanci\u00f3n institucional o incluso en la suspensi\u00f3n de la matr\u00edcula profesional<\/strong>, de acuerdo con lo establecido en el reglamento del Colegio de Abogados de Quilmes.<\/p>\n\n\n\n<p>Este hecho se inscribe en un <strong>creciente clima de intolerancia y violencia pol\u00edtica<\/strong> alentado desde ciertos sectores libertarios, donde la descalificaci\u00f3n, el hostigamiento y el uso de la fuerza se vuelven mecanismos de acci\u00f3n pol\u00edtica.<\/p>\n\n\n\n<p>Mientras desde el Colegio de Abogados se espera el avance del procedimiento disciplinario, la comunidad jur\u00eddica y gran parte de la sociedad exigen un pronunciamiento firme contra la violencia machista y pol\u00edtica. El mensaje es claro: <strong>la libertad no puede ser excusa para el odio ni para la agresi\u00f3n<\/strong>.<\/p>\n\n\n\n<p><\/p>\n\n\n\n<p><\/p>\n","protected":false},"excerpt":{"rendered":"<p>El agresor fue identificado como Juan Carlos Gil, matriculado en el Colegio de Abogados de Quilmes y candidato por la lista \u201cLa Libertad en el Colegio\u201d. Desde la instituci\u00f3n confirmaron que ser\u00e1 denunciado ante el Tribunal de Disciplina. La violencia libertaria volvi\u00f3 a quedar expuesta en un acto de la derecha bonaerense. En esta ocasi\u00f3n,&#8230;<\/p>\n","protected":false},"author":1,"featured_media":9738,"comment_status":"open","ping_status":"open","sticky":false,"template":"","format":"standard","meta":{"_monsterinsights_skip_tracking":false,"_monsterinsights_sitenote_active":false,"_monsterinsights_sitenote_note":"","_monsterinsights_sitenote_category":0,"footnotes":"","jetpack_publicize_message":"","jetpack_publicize_feature_enabled":true,"jetpack_social_post_already_shared":true,"jetpack_social_options":{"image_generator_settings":{"template":"highway","default_image_id":0,"font":"","enabled":false},"version":2}},"categories":[2],"tags":[],"class_list":["post-9733","post","type-post","status-publish","format-standard","has-post-thumbnail","hentry","category-politica"],"jetpack_publicize_connections":[],"_links":{"self":[{"href":"https:\/\/www.enorsai.com\/noticias\/wp-json\/wp\/v2\/posts\/9733","targetHints":{"allow":["GET"]}}],"collection":[{"href":"https:\/\/www.enorsai.com\/noticias\/wp-json\/wp\/v2\/posts"}],"about":[{"href":"https:\/\/www.enorsai.com\/noticias\/wp-json\/wp\/v2\/types\/post"}],"author":[{"embeddable":true,"href":"https:\/\/www.enorsai.com\/noticias\/wp-json\/wp\/v2\/users\/1"}],"replies":[{"embeddable":true,"href":"https:\/\/www.enorsai.com\/noticias\/wp-json\/wp\/v2\/comments?post=9733"}],"version-history":[{"count":1,"href":"https:\/\/www.enorsai.com\/noticias\/wp-json\/wp\/v2\/posts\/9733\/revisions"}],"predecessor-version":[{"id":9739,"href":"https:\/\/www.enorsai.com\/noticias\/wp-json\/wp\/v2\/posts\/9733\/revisions\/9739"}],"wp:featuredmedia":[{"embeddable":true,"href":"https:\/\/www.enorsai.com\/noticias\/wp-json\/wp\/v2\/media\/9738"}],"wp:attachment":[{"href":"https:\/\/www.enorsai.com\/noticias\/wp-json\/wp\/v2\/media?parent=9733"}],"wp:term":[{"taxonomy":"category","embeddable":true,"href":"https:\/\/www.enorsai.com\/noticias\/wp-json\/wp\/v2\/categories?post=9733"},{"taxonomy":"post_tag","embeddable":true,"href":"https:\/\/www.enorsai.com\/noticias\/wp-json\/wp\/v2\/tags?post=9733"}],"curies":[{"name":"wp","href":"https:\/\/api.w.org\/{rel}","templated":true}]}}