{"id":9724,"date":"2025-10-14T06:55:57","date_gmt":"2025-10-14T09:55:57","guid":{"rendered":"https:\/\/www.enorsai.com\/noticias\/?p=9724"},"modified":"2025-10-14T07:04:02","modified_gmt":"2025-10-14T10:04:02","slug":"uade-impone-un-codigo-de-vestimenta-retrogrado-y-desata-una-ola-de-indignacion-estudiantil","status":"publish","type":"post","link":"https:\/\/www.enorsai.com\/noticias\/sociedad\/uade-impone-un-codigo-de-vestimenta-retrogrado-y-desata-una-ola-de-indignacion-estudiantil\/","title":{"rendered":"UADE impone un c\u00f3digo de vestimenta retr\u00f3grado y desata una ola de indignaci\u00f3n estudiantil"},"content":{"rendered":"\n<p><strong><em>La Universidad Argentina de la Empresa reaviv\u00f3 un viejo c\u00f3digo de vestimenta que proh\u00edbe minifaldas, musculosas y prendas \u201cinadecuadas\u201d, desatando una fuerte reacci\u00f3n en redes sociales y entre estudiantes que denuncian machismo, censura y un modelo educativo conservador.<\/em><\/strong><\/p>\n\n\n\n<p>El intento de \u201creforzar la convivencia y la presentaci\u00f3n profesional\u201d en la UADE termin\u00f3 transform\u00e1ndose en un s\u00edmbolo del autoritarismo institucional y el control sobre los cuerpos. En un pa\u00eds donde las libertades individuales est\u00e1n siendo cada vez m\u00e1s recortadas, la pol\u00e9mica medida de la universidad privada expone un retroceso cultural alarmante.<\/p>\n\n\n\n<p>La Universidad Argentina de la Empresa (UADE) volvi\u00f3 a ser noticia, y no precisamente por sus logros acad\u00e9micos. Esta vez, el centro privado de estudios superiores se convirti\u00f3 en el epicentro de un esc\u00e1ndalo por la aplicaci\u00f3n de un c\u00f3digo de vestimenta que proh\u00edbe minifaldas, tops, shorts deportivos y musculosas cavadas. En pleno 2025, mientras las sociedades discuten sobre diversidad, inclusi\u00f3n y libertad de expresi\u00f3n, una instituci\u00f3n universitaria parece anclada en un manual de moral victoriana.<\/p>\n\n\n\n<p>El instructivo que la UADE difundi\u00f3 en su plataforma WebCampus y mediante carteler\u00eda interna detalla una lista de prendas \u201cinadecuadas\u201d para circular dentro del campus. La justificaci\u00f3n oficial apela a la necesidad de \u201cfortalecer un entorno de convivencia, inclusi\u00f3n y respeto mutuo\u201d, adem\u00e1s de fomentar una \u201cpresentaci\u00f3n personal adecuada al \u00e1mbito universitario y coherente con la formaci\u00f3n profesional que se brinda\u201d. En la pr\u00e1ctica, sin embargo, lo que la universidad llama respeto, muchos interpretan como control moral y disciplinamiento social.<\/p>\n\n\n\n<figure class=\"wp-block-embed is-type-rich is-provider-twitter wp-block-embed-twitter\"><div class=\"wp-block-embed__wrapper\">\n<blockquote class=\"twitter-tweet\" data-width=\"550\" data-dnt=\"true\"><p lang=\"es\" dir=\"ltr\">Con respecto al c\u00f3digo de vestimenta de la UADE, reject modernity, embrace tradition. <a href=\"https:\/\/t.co\/4e3yhnCJyl\">pic.twitter.com\/4e3yhnCJyl<\/a><\/p>&mdash; Gordo Termo (@f3rn4nd0nt) <a href=\"https:\/\/twitter.com\/f3rn4nd0nt\/status\/1977705613565034562?ref_src=twsrc%5Etfw\">October 13, 2025<\/a><\/blockquote><script async src=\"https:\/\/platform.twitter.com\/widgets.js\" charset=\"utf-8\"><\/script>\n<\/div><\/figure>\n\n\n\n<p>La instituci\u00f3n, que argumenta que esta norma rige desde el a\u00f1o 2000 y que simplemente se est\u00e1 \u201creforzando\u201d, parece olvidar que las transformaciones sociales de las \u00faltimas dos d\u00e9cadas han redefinido las nociones de libertad, g\u00e9nero y autonom\u00eda. Lo que en los a\u00f1os noventa pod\u00eda pasar inadvertido, hoy genera indignaci\u00f3n. Y no es para menos: el listado de prendas prohibidas incluye desde musculosas hasta polleras cortas, pasando por calzado de playa o vestimenta con alusiones pol\u00edticas o religiosas. Una lista que revela mucho m\u00e1s que un simple reglamento: desnuda una concepci\u00f3n conservadora del cuerpo y del rol de los estudiantes dentro de una instituci\u00f3n que se vende como \u201cmoderna y empresarial\u201d.<\/p>\n\n\n\n<p>El debate se desat\u00f3 r\u00e1pidamente en redes sociales. Decenas de estudiantes y egresados expresaron su repudio ante lo que consideran una medida \u201cmachirula\u201d, \u201crancia\u201d y \u201cantidemocr\u00e1tica\u201d. Una usuaria relat\u00f3 en X que una amiga fue reprendida por dejar ver una m\u00ednima parte del abdomen: \u201cEstaba con la remera m\u00e1s tranqui de la vida y la retaron porque \u2018se le ve la panza\u2019. \u00bfEn qu\u00e9 siglo estamos?\u201d, escribi\u00f3. Otro usuario ironiz\u00f3: \u201cA partir de esta semana, las mujeres y los hombres que estudian en la UADE ya no podr\u00e1n ir vestidos de carne. M\u00e1s arcaico, rancio y antidemocr\u00e1tico, no se consigue\u201d.<\/p>\n\n\n\n<figure class=\"wp-block-embed is-type-rich is-provider-twitter wp-block-embed-twitter\"><div class=\"wp-block-embed__wrapper\">\n<blockquote class=\"twitter-tweet\" data-width=\"550\" data-dnt=\"true\"><p lang=\"es\" dir=\"ltr\">La UADE a partir de esta semana:<br>Queres salir 21:30 porque viv\u00eds lejos y podes perder el tren ? Falta.<br>Queres ir en pollera? Sanci\u00f3n.<br>Queres ir en musculosa o bermuda? Sanci\u00f3n.<br>Queres respirar m\u00e1s de lo necesario? Te aumentan la cuota. <a href=\"https:\/\/t.co\/pCoodqGglo\">pic.twitter.com\/pCoodqGglo<\/a><\/p>&mdash; Dai Ju\u00e1rez (@DaiJuarez) <a href=\"https:\/\/twitter.com\/DaiJuarez\/status\/1976305257803100341?ref_src=twsrc%5Etfw\">October 9, 2025<\/a><\/blockquote><script async src=\"https:\/\/platform.twitter.com\/widgets.js\" charset=\"utf-8\"><\/script>\n<\/div><\/figure>\n\n\n\n<p>La reacci\u00f3n institucional no hizo m\u00e1s que echar le\u00f1a al fuego. Ante la viralizaci\u00f3n de los carteles que inclu\u00edan un c\u00f3digo QR con el reglamento completo, la universidad emiti\u00f3 un comunicado aclarando que no se trata de una nueva disposici\u00f3n, sino de la continuidad de una norma que \u201cforma parte del C\u00f3digo de Conducta\u201d desde hace m\u00e1s de dos d\u00e9cadas. Adem\u00e1s, se\u00f1al\u00f3 que todos los estudiantes firman su aceptaci\u00f3n al ingresar a la carrera. La Secretar\u00eda de Asuntos Estudiantiles, encabezada por la Mg. Cristina Slica, insisti\u00f3 en que la medida busca \u201cmantener un entorno apropiado para la actividad universitaria y sus futuros profesionales\u201d.<\/p>\n\n\n\n<p>Pero detr\u00e1s de esa aparente neutralidad institucional, se esconde una postura ideol\u00f3gica. En un pa\u00eds donde las universidades p\u00fablicas enfrentan ataques sistem\u00e1ticos del gobierno de Javier Milei y donde el discurso oficial promueve la desregulaci\u00f3n, la privatizaci\u00f3n y la moral conservadora, no es casual que una universidad privada \u201cmodelo empresa\u201d refuerce reglas que disciplinan los cuerpos y silencian la disidencia. El discurso de la \u201cpresentaci\u00f3n profesional\u201d funciona como un eufemismo para imponer una idea de \u00e9xito y decoro asociada a los c\u00e1nones empresariales del siglo pasado, donde el aspecto f\u00edsico val\u00eda m\u00e1s que la capacidad intelectual.<\/p>\n\n\n\n<figure class=\"wp-block-embed is-type-rich is-provider-twitter wp-block-embed-twitter\"><div class=\"wp-block-embed__wrapper\">\n<blockquote class=\"twitter-tweet\" data-width=\"550\" data-dnt=\"true\"><p lang=\"es\" dir=\"ltr\">&quot;UADE&quot;:<br>Por los comentarios sobre su c\u00f3digo de vestimenta <a href=\"https:\/\/t.co\/dFY988WQWk\">pic.twitter.com\/dFY988WQWk<\/a><\/p>&mdash; \u00bfPor qu\u00e9 es tendencia? (@porquetendencia) <a href=\"https:\/\/twitter.com\/porquetendencia\/status\/1977819835578130441?ref_src=twsrc%5Etfw\">October 13, 2025<\/a><\/blockquote><script async src=\"https:\/\/platform.twitter.com\/widgets.js\" charset=\"utf-8\"><\/script>\n<\/div><\/figure>\n\n\n\n<p>Mientras las universidades nacionales luchan por sostener la gratuidad, la investigaci\u00f3n y la libertad acad\u00e9mica, instituciones privadas como la UADE parecen alinearse con un clima cultural m\u00e1s autoritario, donde el orden se impone sobre el pensamiento cr\u00edtico. No es menor que el c\u00f3digo proh\u00edba tambi\u00e9n \u201cropa con mensajes pol\u00edticos, religiosos o deportivos\u201d, un punto que, m\u00e1s all\u00e1 de lo est\u00e9tico, roza peligrosamente la censura. En una democracia, pretender regular las ideas o las identidades que un estudiante expresa con su vestimenta es una forma de represi\u00f3n simb\u00f3lica.<\/p>\n\n\n\n<p>La defensa de la UADE apela a la idea de \u201ccoherencia con la formaci\u00f3n profesional\u201d, como si vestir de determinada manera fuera sin\u00f3nimo de ser un buen profesional. Ese concepto, profundamente clasista, desconoce que las universidades no son empresas y que la educaci\u00f3n superior no puede limitarse a preparar \u201cempleados eficientes\u201d. La formaci\u00f3n universitaria implica pensamiento cr\u00edtico, libertad creativa y autonom\u00eda. Sin esas condiciones, lo que se produce no son profesionales libres, sino trabajadores d\u00f3ciles.<\/p>\n\n\n\n<p>El debate sobre la vestimenta no es nuevo, pero s\u00ed revela tensiones actuales. En un contexto social donde el gobierno de Milei recorta derechos laborales, desfinancia la educaci\u00f3n y promueve un discurso moralizante, cada gesto institucional adquiere un significado pol\u00edtico. La UADE, al endurecer una norma de apariencia \u201cneutral\u201d, termina enviando un mensaje de alineamiento con un modelo de pa\u00eds que valora m\u00e1s la obediencia que la libertad.<\/p>\n\n\n\n<figure class=\"wp-block-embed is-type-rich is-provider-twitter wp-block-embed-twitter\"><div class=\"wp-block-embed__wrapper\">\n<blockquote class=\"twitter-tweet\" data-width=\"550\" data-dnt=\"true\"><p lang=\"es\" dir=\"ltr\">La UADE implement\u00f3 un c\u00f3digo de vestimenta para sus alumnos. Tiempos dif\u00edciles para el debate que se debe la universidad. <a href=\"https:\/\/t.co\/ezWZsK8u1t\">pic.twitter.com\/ezWZsK8u1t<\/a><\/p>&mdash; RICARDO SCHMIDT (@peromasvale) <a href=\"https:\/\/twitter.com\/peromasvale\/status\/1977048292778467636?ref_src=twsrc%5Etfw\">October 11, 2025<\/a><\/blockquote><script async src=\"https:\/\/platform.twitter.com\/widgets.js\" charset=\"utf-8\"><\/script>\n<\/div><\/figure>\n\n\n\n<p>El control sobre los cuerpos siempre ha sido una forma de control social. Y cuando una universidad, que deber\u00eda ser un espacio de apertura y debate, impone restricciones basadas en estereotipos de g\u00e9nero y moral conservadora, lo que hace es reproducir las mismas l\u00f3gicas patriarcales que los movimientos feministas llevan d\u00e9cadas intentando derribar. No se trata de una cuesti\u00f3n de \u201cmoda\u201d o \u201cdecoro\u201d, sino de poder.<\/p>\n\n\n\n<p>Resulta parad\u00f3jico que una instituci\u00f3n que se presenta como formadora de \u201cl\u00edderes empresariales\u201d no comprenda que la verdadera profesionalidad no depende del largo de una pollera ni del escote de una blusa, sino del pensamiento, la creatividad y la capacidad de cuestionar el statu quo. La insistencia en normas de apariencia \u201ccorrecta\u201d revela un profundo temor a la diversidad y al cambio.<\/p>\n\n\n\n<p>En \u00faltima instancia, el esc\u00e1ndalo de la UADE trasciende los l\u00edmites del campus. Es el reflejo de una Argentina donde ciertos sectores intentan reinstalar viejas normas morales mientras promueven pol\u00edticas econ\u00f3micas regresivas. El c\u00f3digo de vestimenta se convierte as\u00ed en una met\u00e1fora involuntaria del pa\u00eds: una estructura r\u00edgida, jer\u00e1rquica y conservadora que pretende moldear a los j\u00f3venes seg\u00fan est\u00e1ndares obsoletos.<\/p>\n\n\n\n<p>Que esta pol\u00e9mica haya estallado en redes sociales no es casual. Las generaciones m\u00e1s j\u00f3venes ya no aceptan sin cuestionar las normas impuestas. Quieren universidades que respeten la libertad individual, que no reproduzcan la cultura del control y que no confundan la seriedad acad\u00e9mica con el disciplinamiento del cuerpo. Y si la UADE no logra entenderlo, ser\u00e1 recordada no por su excelencia educativa, sino por haber querido uniformar lo que precisamente deb\u00eda ense\u00f1ar a pensar diferente.<\/p>\n\n\n\n<p>En tiempos donde la libertad se usa como eslogan pero se restringe en los hechos, la decisi\u00f3n de la UADE de reforzar su c\u00f3digo de vestimenta no es un acto administrativo m\u00e1s: es un s\u00edntoma del conservadurismo que avanza bajo el discurso del orden. Lo que se juega no es solo la elecci\u00f3n de una prenda, sino el derecho a ser, a expresarse y a estudiar sin que una instituci\u00f3n decida qu\u00e9 cuerpo es correcto y cu\u00e1l no.<\/p>\n\n\n\n<p>Fuentes:<\/p>\n\n\n\n<p>.<a href=\"https:\/\/noticiasargentinas.com\/interes-general\/uade-rompio-el-silencio-sobre-el-polemico-codigo-de-vestimenta---no-es-una-nueva-disposicion--rige-desde-2000-_a68eda799d823add3028d7146\">https:\/\/noticiasargentinas.com\/interes-general\/uade-rompio-el-silencio-sobre-el-polemico-codigo-de-vestimenta&#8212;no-es-una-nueva-disposicion&#8211;rige-desde-2000-_a68eda799d823add3028d7146<\/a><\/p>\n\n\n\n<p>.<a href=\"https:\/\/noticiasargentinas.com\/interes-general\/ni-polleras-ni-musculosas--polemica-por-el-codigo-de-vestimenta-de-la-uade_a68ed51bb105ba45aff6e7498\">https:\/\/noticiasargentinas.com\/interes-general\/ni-polleras-ni-musculosas&#8211;polemica-por-el-codigo-de-vestimenta-de-la-uade_a68ed51bb105ba45aff6e7498<\/a><\/p>\n\n\n\n<p><\/p>\n","protected":false},"excerpt":{"rendered":"<p>La Universidad Argentina de la Empresa reaviv\u00f3 un viejo c\u00f3digo de vestimenta que proh\u00edbe minifaldas, musculosas y prendas \u201cinadecuadas\u201d, desatando una fuerte reacci\u00f3n en redes sociales y entre estudiantes que denuncian machismo, censura y un modelo educativo conservador. El intento de \u201creforzar la convivencia y la presentaci\u00f3n profesional\u201d en la UADE termin\u00f3 transform\u00e1ndose en un&#8230;<\/p>\n","protected":false},"author":1,"featured_media":9725,"comment_status":"open","ping_status":"open","sticky":false,"template":"","format":"standard","meta":{"_monsterinsights_skip_tracking":false,"_monsterinsights_sitenote_active":false,"_monsterinsights_sitenote_note":"","_monsterinsights_sitenote_category":0,"footnotes":"","jetpack_publicize_message":"","jetpack_publicize_feature_enabled":true,"jetpack_social_post_already_shared":true,"jetpack_social_options":{"image_generator_settings":{"template":"highway","default_image_id":0,"font":"","enabled":false},"version":2}},"categories":[3941,4],"tags":[],"class_list":["post-9724","post","type-post","status-publish","format-standard","has-post-thumbnail","hentry","category-educacion","category-sociedad"],"jetpack_publicize_connections":[],"_links":{"self":[{"href":"https:\/\/www.enorsai.com\/noticias\/wp-json\/wp\/v2\/posts\/9724","targetHints":{"allow":["GET"]}}],"collection":[{"href":"https:\/\/www.enorsai.com\/noticias\/wp-json\/wp\/v2\/posts"}],"about":[{"href":"https:\/\/www.enorsai.com\/noticias\/wp-json\/wp\/v2\/types\/post"}],"author":[{"embeddable":true,"href":"https:\/\/www.enorsai.com\/noticias\/wp-json\/wp\/v2\/users\/1"}],"replies":[{"embeddable":true,"href":"https:\/\/www.enorsai.com\/noticias\/wp-json\/wp\/v2\/comments?post=9724"}],"version-history":[{"count":2,"href":"https:\/\/www.enorsai.com\/noticias\/wp-json\/wp\/v2\/posts\/9724\/revisions"}],"predecessor-version":[{"id":9728,"href":"https:\/\/www.enorsai.com\/noticias\/wp-json\/wp\/v2\/posts\/9724\/revisions\/9728"}],"wp:featuredmedia":[{"embeddable":true,"href":"https:\/\/www.enorsai.com\/noticias\/wp-json\/wp\/v2\/media\/9725"}],"wp:attachment":[{"href":"https:\/\/www.enorsai.com\/noticias\/wp-json\/wp\/v2\/media?parent=9724"}],"wp:term":[{"taxonomy":"category","embeddable":true,"href":"https:\/\/www.enorsai.com\/noticias\/wp-json\/wp\/v2\/categories?post=9724"},{"taxonomy":"post_tag","embeddable":true,"href":"https:\/\/www.enorsai.com\/noticias\/wp-json\/wp\/v2\/tags?post=9724"}],"curies":[{"name":"wp","href":"https:\/\/api.w.org\/{rel}","templated":true}]}}