{"id":9721,"date":"2025-10-14T06:46:06","date_gmt":"2025-10-14T09:46:06","guid":{"rendered":"https:\/\/www.enorsai.com\/noticias\/?p=9721"},"modified":"2025-10-14T06:46:10","modified_gmt":"2025-10-14T09:46:10","slug":"provincias-unidas-la-ilusion-federal-que-termina-orbitando-alrededor-del-poder-porteno","status":"publish","type":"post","link":"https:\/\/www.enorsai.com\/noticias\/politica\/provincias-unidas-la-ilusion-federal-que-termina-orbitando-alrededor-del-poder-porteno\/","title":{"rendered":"\u201cProvincias Unidas\u201d: la ilusi\u00f3n federal que termina orbitando alrededor del poder porte\u00f1o"},"content":{"rendered":"\n<p><strong><em>Los gobernadores del espacio autodenominado \u201cProvincias Unidas\u201d se reunir\u00e1n en Buenos Aires para respaldar a Mart\u00edn Lousteau y Florencio Randazzo, en un acto que promete m\u00e1s marketing pol\u00edtico que federalismo real.<\/em><\/strong><\/p>\n\n\n\n<p>Mientras la Argentina profunda enfrenta recortes, desempleo y crisis productiva, los gobernadores Pullaro, Llaryora, Vald\u00e9s, Sadir, Vidal y Torres viajan a la capital para posar junto a Lousteau y Randazzo. El proyecto que dice \u201cromper la grieta\u201d termina pareci\u00e9ndose demasiado a los viejos acuerdos de c\u00fapula que tanto dicen combatir.<\/p>\n\n\n\n<p>El pr\u00f3ximo mi\u00e9rcoles, el espacio <em>Provincias Unidas<\/em> realizar\u00e1 un acto en la sede de Obras Sanitarias de la Ciudad de Buenos Aires. All\u00ed, los gobernadores Maximiliano Pullaro (Santa Fe), Mart\u00edn Llaryora (C\u00f3rdoba), Gustavo Vald\u00e9s (Corrientes), Carlos Sadir (Jujuy), Claudio Vidal (Santa Cruz) e Ignacio Torres (Chubut) se mostrar\u00e1n junto a Mart\u00edn Lousteau y Florencio Randazzo, los candidatos del grupo para la Ciudad y la provincia de Buenos Aires.<\/p>\n\n\n\n<p>El mensaje es claro: presentarse como \u201cuna alternativa federal\u201d ante la supuesta polarizaci\u00f3n entre el oficialismo y el kirchnerismo. Sin embargo, el gesto pol\u00edtico parece contradecir el discurso. En lugar de fortalecer las provincias, el acto se realiza en la Capital, el epicentro del poder econ\u00f3mico y medi\u00e1tico, bajo la mirada complaciente del establishment porte\u00f1o.<\/p>\n\n\n\n<p>La paradoja es evidente: mientras las provincias enfrentan un ajuste feroz en materia de obra p\u00fablica, educaci\u00f3n y salarios estatales, sus mandatarios se re\u00fanen para respaldar a dos figuras que representan, simb\u00f3licamente, el modelo porte\u00f1o de la pol\u00edtica argentina. Mart\u00edn Lousteau \u2014referente de la UCR aliada hist\u00f3ricamente al PRO\u2014 y Florencio Randazzo \u2014exfuncionario del kirchnerismo devenido en candidato \u201cindependiente\u201d\u2014 son la muestra de un reciclaje pol\u00edtico m\u00e1s que de una renovaci\u00f3n. En ambos casos, se trata de dirigentes que han transitado todos los espacios del poder sin construir arraigo real en las provincias ni un proyecto alternativo al centralismo econ\u00f3mico.<\/p>\n\n\n\n<p>Lo curioso es que los gobernadores de <em>Provincias Unidas<\/em>, muchos de ellos surgidos del reclamo contra el ajuste nacional, terminen subordinando su narrativa a candidatos que reproducen el mismo esquema de dependencia hacia la Ciudad de Buenos Aires y los grandes medios.<\/p>\n\n\n\n<p>El discurso de \u201csuperar la grieta\u201d se ha convertido en el eslogan favorito de quienes buscan ubicarse en el centro del tablero pol\u00edtico. Sin embargo, detr\u00e1s de esa f\u00f3rmula publicitaria suele esconderse una alianza con los mismos intereses que generan la grieta: los grandes grupos econ\u00f3micos, el poder financiero y las corporaciones medi\u00e1ticas. El proyecto de <em>Provincias Unidas<\/em> parece moverse en esa l\u00f3gica. Hablan de \u201cunidad federal\u201d, pero el federalismo real no se construye en los auditorios de Buenos Aires ni con los micr\u00f3fonos de TN y La Naci\u00f3n+. Se construye fortaleciendo la producci\u00f3n local, invirtiendo en ciencia, defendiendo la educaci\u00f3n p\u00fablica y exigiendo al Gobierno nacional una distribuci\u00f3n equitativa de los recursos.<\/p>\n\n\n\n<p>Nada de eso figura en la agenda del acto que preparan. All\u00ed no se debatir\u00e1n los recortes presupuestarios, la ca\u00edda del empleo p\u00fablico o la falta de coparticipaci\u00f3n. El evento ser\u00e1, m\u00e1s bien, una vidriera electoral en la que cada gobernador buscar\u00e1 proyectarse a nivel nacional sin incomodar a los verdaderos centros de poder.<\/p>\n\n\n\n<p>El caso de Mart\u00edn Llaryora (C\u00f3rdoba) es paradigm\u00e1tico. Su discurso se presenta como \u201creformista\u201d y \u201cproductivista\u201d, pero su pol\u00edtica econ\u00f3mica se alinea con los lineamientos del ajuste fiscal. Pullaro (Santa Fe), por su parte, intenta equilibrar la cr\u00edtica al gobierno de Milei con gestos de \u201cresponsabilidad institucional\u201d, mientras enfrenta protestas docentes y reclamos salariales. Gustavo Vald\u00e9s (Corrientes) y Carlos Sadir (Jujuy) se mueven c\u00f3modamente en el ala conservadora, con pol\u00edticas de seguridad y represi\u00f3n social que contradicen cualquier pretensi\u00f3n progresista. Ignacio Torres (Chubut) y Claudio Vidal (Santa Cruz) completan el cuadro patag\u00f3nico de un federalismo que mira m\u00e1s hacia los inversores extranjeros que hacia sus propios trabajadores.<\/p>\n\n\n\n<p>Lo que une a todos estos dirigentes no es un proyecto com\u00fan para el desarrollo de las provincias, sino una estrategia electoral para sobrevivir en un escenario dominado por el gobierno de Javier Milei y la fragmentaci\u00f3n opositora.<\/p>\n\n\n\n<p>El dato no es menor: el acto de <em>Provincias Unidas<\/em> se realizar\u00e1 en Buenos Aires, no en una capital provincial. Es decir, la \u201calternativa federal\u201d decide lanzar su mensaje desde el mismo coraz\u00f3n del poder que supuestamente quiere descentralizar. As\u00ed, mientras las provincias padecen la desinversi\u00f3n en infraestructura, los gobernadores se fotograf\u00edan en la Capital junto a candidatos que apenas mencionan los problemas estructurales del interior: la falta de transporte, la crisis energ\u00e9tica, el cierre de escuelas rurales, la expulsi\u00f3n de j\u00f3venes hacia las grandes ciudades.<\/p>\n\n\n\n<p>El federalismo, en este contexto, se vuelve una palabra vac\u00eda. Una consigna \u00fatil para la campa\u00f1a, pero desconectada de la realidad concreta.<\/p>\n\n\n\n<p>El acto en Obras Sanitarias ser\u00e1 un buen reflejo del momento pol\u00edtico argentino: gobernadores que dicen representar al interior, pero que viajan a la Capital a rendir tributo al poder porte\u00f1o; candidatos que hablan de \u201cunidad\u201d, pero repiten los mismos gestos del bipartidismo que dicen superar. En definitiva, <em>Provincias Unidas<\/em> aparece m\u00e1s como una estrategia de marketing electoral que como un proyecto pol\u00edtico capaz de defender a las provincias en un contexto de ajuste, desigualdad y concentraci\u00f3n del poder.<\/p>\n\n\n\n<p>El federalismo, cuando se usa para la foto, no cambia la historia. Solo la disfraza.<\/p>\n","protected":false},"excerpt":{"rendered":"<p>Los gobernadores del espacio autodenominado \u201cProvincias Unidas\u201d se reunir\u00e1n en Buenos Aires para respaldar a Mart\u00edn Lousteau y Florencio Randazzo, en un acto que promete m\u00e1s marketing pol\u00edtico que federalismo real. Mientras la Argentina profunda enfrenta recortes, desempleo y crisis productiva, los gobernadores Pullaro, Llaryora, Vald\u00e9s, Sadir, Vidal y Torres viajan a la capital para&#8230;<\/p>\n","protected":false},"author":13,"featured_media":9722,"comment_status":"open","ping_status":"open","sticky":false,"template":"","format":"standard","meta":{"_monsterinsights_skip_tracking":false,"_monsterinsights_sitenote_active":false,"_monsterinsights_sitenote_note":"","_monsterinsights_sitenote_category":0,"footnotes":"","jetpack_publicize_message":"","jetpack_publicize_feature_enabled":true,"jetpack_social_post_already_shared":true,"jetpack_social_options":{"image_generator_settings":{"template":"highway","default_image_id":0,"font":"","enabled":false},"version":2}},"categories":[2],"tags":[],"class_list":["post-9721","post","type-post","status-publish","format-standard","has-post-thumbnail","hentry","category-politica"],"jetpack_publicize_connections":[],"_links":{"self":[{"href":"https:\/\/www.enorsai.com\/noticias\/wp-json\/wp\/v2\/posts\/9721","targetHints":{"allow":["GET"]}}],"collection":[{"href":"https:\/\/www.enorsai.com\/noticias\/wp-json\/wp\/v2\/posts"}],"about":[{"href":"https:\/\/www.enorsai.com\/noticias\/wp-json\/wp\/v2\/types\/post"}],"author":[{"embeddable":true,"href":"https:\/\/www.enorsai.com\/noticias\/wp-json\/wp\/v2\/users\/13"}],"replies":[{"embeddable":true,"href":"https:\/\/www.enorsai.com\/noticias\/wp-json\/wp\/v2\/comments?post=9721"}],"version-history":[{"count":1,"href":"https:\/\/www.enorsai.com\/noticias\/wp-json\/wp\/v2\/posts\/9721\/revisions"}],"predecessor-version":[{"id":9723,"href":"https:\/\/www.enorsai.com\/noticias\/wp-json\/wp\/v2\/posts\/9721\/revisions\/9723"}],"wp:featuredmedia":[{"embeddable":true,"href":"https:\/\/www.enorsai.com\/noticias\/wp-json\/wp\/v2\/media\/9722"}],"wp:attachment":[{"href":"https:\/\/www.enorsai.com\/noticias\/wp-json\/wp\/v2\/media?parent=9721"}],"wp:term":[{"taxonomy":"category","embeddable":true,"href":"https:\/\/www.enorsai.com\/noticias\/wp-json\/wp\/v2\/categories?post=9721"},{"taxonomy":"post_tag","embeddable":true,"href":"https:\/\/www.enorsai.com\/noticias\/wp-json\/wp\/v2\/tags?post=9721"}],"curies":[{"name":"wp","href":"https:\/\/api.w.org\/{rel}","templated":true}]}}