{"id":970,"date":"2025-02-10T13:34:53","date_gmt":"2025-02-10T16:34:53","guid":{"rendered":"https:\/\/www.enorsai.com\/noticias\/?p=970"},"modified":"2025-02-10T13:34:53","modified_gmt":"2025-02-10T16:34:53","slug":"milei-y-el-truco-del-dolar-magico-blanqueo-ajuste-y-una-bomba-de-tiempo-economica","status":"publish","type":"post","link":"https:\/\/www.enorsai.com\/noticias\/economia\/milei-y-el-truco-del-dolar-magico-blanqueo-ajuste-y-una-bomba-de-tiempo-economica\/","title":{"rendered":"Milei y el truco del d\u00f3lar m\u00e1gico: blanqueo, ajuste y una \u00abbomba de tiempo\u00bb econ\u00f3mica"},"content":{"rendered":"\n<hr class=\"wp-block-separator has-alpha-channel-opacity\"\/>\n\n\n\n<h3 class=\"wp-block-heading\"><\/h3>\n\n\n\n<p>En una entrevista radial, Letcher advierte que la apreciaci\u00f3n del peso se sostiene con recursos insostenibles, mientras el gobierno insiste en un ajuste que ya golpea a industrias clave y amenaza con disparar los precios.<\/p>\n\n\n\n<hr class=\"wp-block-separator has-alpha-channel-opacity\"\/>\n\n\n\n<h3 class=\"wp-block-heading\"><\/h3>\n\n\n\n<p>En una entrevista radial en&nbsp;<em>Delta &#8211; Ciudadano Com\u00fan<\/em>, Hern\u00e1n Letcher, economista y director del Centro de Econom\u00eda Pol\u00edtica Argentina (CEPA), no dej\u00f3 t\u00edtere con cabeza al analizar la pol\u00edtica cambiaria del gobierno de Javier Milei. Con datos contundentes y un tono cr\u00edtico, Letcher desnud\u00f3 las contradicciones y riesgos de un modelo econ\u00f3mico que, seg\u00fan \u00e9l, se sostiene con d\u00f3lares de dudoso origen y amenaza con explotar en cualquier momento.<\/p>\n\n\n\n<p><a href=\"https:\/\/www.enorsai.com\/noticias\/politica\/carlos-maslaton-sobre-el-gobierno-de-milei-deuda-dolar-y-la-sombra-de-martinez-de-hoz\/\">Carlos Maslat\u00f3n sobre el gobierno de Milei: deuda, d\u00f3lar y la sombra de Mart\u00ednez de Hoz<\/a><\/p>\n\n\n\n<p>\u00abJavier Milei le dijo a los empresarios industriales de la UIA que ajusten y compitan con el mundo de un d\u00eda para el otro\u00bb, record\u00f3 Letcher, en referencia a las declaraciones del presidente durante un encuentro con la Uni\u00f3n Industrial Argentina. Sin embargo, el economista cuestion\u00f3 la viabilidad de esta exigencia en un contexto de apreciaci\u00f3n cambiaria que, seg\u00fan \u00e9l, est\u00e1 lejos de reflejar la realidad econ\u00f3mica del pa\u00eds.<\/p>\n\n\n\n<p>\u00abEl tema central de la discusi\u00f3n sobre la apreciaci\u00f3n cambiaria tiene que ver con que Milei escribi\u00f3 el jueves un art\u00edculo y hoy sali\u00f3 a hablar sobre lo mismo\u00bb, se\u00f1al\u00f3 Letcher, quien no dud\u00f3 en calificar de \u00abruido importante\u00bb las afirmaciones del gobierno sobre la estabilidad del tipo de cambio. \u00abNo somos los &#8216;ecochantas&#8217;, como le gusta decir a \u00e9l, los que decimos esto. Evidentemente, el mercado no est\u00e1 convencido de que este tipo de cambio sea adecuado para la econom\u00eda argentina\u00bb, afirm\u00f3.<\/p>\n\n\n\n<p><a href=\"https:\/\/www.enorsai.com\/noticias\/politica\/el-fmi-le-dice-no-a-caputo-a-cuanto-se-disparara-el-dolar-en-argentina\/\">El FMI le dice \u2018no\u2019 a Caputo: \u00bfA cu\u00e1nto se disparar\u00e1 el d\u00f3lar en Argentina?<\/a><\/p>\n\n\n\n<p>El director del CEPA subray\u00f3 que ni Milei ni nadie en su gobierno sabe cu\u00e1l es el tipo de cambio de equilibrio que deber\u00eda seguir la Argentina. \u00abEsto amerita un debate\u00bb, insisti\u00f3, y agreg\u00f3 que la mayor\u00eda de los indicadores econ\u00f3micos muestran una apreciaci\u00f3n significativa del peso, algo que ya est\u00e1 impactando en sectores clave como el textil, el calzado, la papeler\u00eda y los alimentos.<\/p>\n\n\n\n<p>\u00abCuando entra yerba mate de afuera, el mercado interno vende un 10% menos y una parte creciente es importada, as\u00ed que termina ajustando al peque\u00f1o productor, que tiene congelado el precio\u00bb, ejemplific\u00f3 Letcher. Este fen\u00f3meno, seg\u00fan el economista, no solo afecta a los productores locales, sino que tambi\u00e9n beneficia a los grandes exportadores y al sector sojero, que reclaman una devaluaci\u00f3n para compensar la p\u00e9rdida de competitividad.<\/p>\n\n\n\n<p><a href=\"https:\/\/www.enorsai.com\/noticias\/economia\/miguel-angel-pesce-el-fmi-presiona-milei-tambalea-y-la-devaluacion-acecha\/\">Miguel \u00c1ngel Pesce: \u00abEl FMI presiona, Milei tambalea y la devaluaci\u00f3n acecha\u00bb<\/a><\/p>\n\n\n\n<p>Pero el problema no termina ah\u00ed. Letcher revel\u00f3 que los d\u00f3lares que el gobierno utiliza para sostener la apreciaci\u00f3n cambiaria provienen del blanqueo de capitales. \u00abB\u00e1sicamente est\u00e1s usando d\u00f3lares que no son tuyos\u00bb, afirm\u00f3, y advirti\u00f3 que esta estrategia no resuelve el problema de fondo: la falta de flujo de divisas. \u00abEst\u00e1n haciendo una olla a presi\u00f3n que, cuando falten los d\u00f3lares, va a terminar en una devaluaci\u00f3n\u00bb, pronostic\u00f3.<\/p>\n\n\n\n<p>Esta desesperaci\u00f3n por los d\u00f3lares, seg\u00fan Letcher, explica la obsesi\u00f3n del gobierno por obtener fondos del FMI. \u00abComo el gobierno actual liberaliz\u00f3 todo, todo el mundo sabe que si eventualmente hay un deslizamiento del tipo de cambio, esto va a impactar en los precios\u00bb, explic\u00f3. Y record\u00f3 que, tras la devaluaci\u00f3n de diciembre de 2023, los precios se dispararon porque el gobierno hab\u00eda liberalizado todos los controles previos.<\/p>\n\n\n\n<p>\u00abEst\u00e1n intentando decir que no hay apreciaci\u00f3n cambiaria\u00bb, continu\u00f3 Letcher, quien critic\u00f3 la estrategia comunicacional del gobierno de apelar a comparaciones con la brecha cambiaria previa a la asunci\u00f3n de Milei. \u00abMuchos acomodaron los precios al alza, entonces, desde ese momento hasta hoy, el gobierno les reclama que aumentaron demasiado\u00bb, se\u00f1al\u00f3.<\/p>\n\n\n\n<p><a href=\"https:\/\/www.enorsai.com\/noticias\/economia\/dolares-en-fuga-y-precios-descontrolados-la-tormenta-economica-que-se-avecina\/\">D\u00f3lares en fuga y precios descontrolados: la tormenta econ\u00f3mica que se avecina<\/a><\/p>\n\n\n\n<p>El economista tambi\u00e9n cuestion\u00f3 la falta de controles de precios en un escenario de posible devaluaci\u00f3n. \u00abUna devaluaci\u00f3n de este tipo suele venir con un control de precios, pero el gobierno no cree en eso, as\u00ed que hizo lo contrario. Si ma\u00f1ana hay una devaluaci\u00f3n, los precios se van a disparar\u00bb, advirti\u00f3.<\/p>\n\n\n\n<p>Letcher no dud\u00f3 en calificar de \u00abcontundentes y claros\u00bb los datos que reflejan el deterioro del poder adquisitivo de los argentinos. \u00abPara el salario no registrado y el salario p\u00fablico, la p\u00e9rdida es de aproximadamente el 15% respecto de noviembre de 2023\u00bb, afirm\u00f3, y pronostic\u00f3 que en 2025 no habr\u00e1 recuperaci\u00f3n alguna. \u00abViven peor y van a seguir viviendo en esas condiciones\u00bb, sentenci\u00f3.<\/p>\n\n\n\n<p>Finalmente, el economista descart\u00f3 que la Argentina est\u00e9 cerca de un escenario como el de 2001, pero advirti\u00f3 que las restricciones actuales al acceso de d\u00f3lares podr\u00edan agravar la situaci\u00f3n. \u00abEl gobierno identifica que es un problema y todo el tiempo repite que va a levantar el cepo cuando tenga d\u00f3lares\u00bb, concluy\u00f3 Letcher, quien no descart\u00f3 que el gobierno recurra a pr\u00e9stamos en d\u00f3lares para aliviar la presi\u00f3n sobre las reservas del Banco Central.<\/p>\n\n\n\n<hr class=\"wp-block-separator has-alpha-channel-opacity\"\/>\n","protected":false},"excerpt":{"rendered":"<p>Hern\u00e1n Letcher, economista y director del CEPA, desnuda la fragilidad del plan econ\u00f3mico del gobierno: d\u00f3lares del blanqueo, ajuste salvaje al sector productivo y una devaluaci\u00f3n que podr\u00eda ser inevitable.<\/p>\n","protected":false},"author":4,"featured_media":971,"comment_status":"open","ping_status":"open","sticky":false,"template":"","format":"standard","meta":{"_monsterinsights_skip_tracking":false,"_monsterinsights_sitenote_active":false,"_monsterinsights_sitenote_note":"","_monsterinsights_sitenote_category":0,"footnotes":"","jetpack_publicize_message":"","jetpack_publicize_feature_enabled":true,"jetpack_social_post_already_shared":true,"jetpack_social_options":{"image_generator_settings":{"template":"highway","default_image_id":0,"font":"","enabled":false},"version":2}},"categories":[3],"tags":[375,379,378,334,376,377,106],"class_list":["post-970","post","type-post","status-publish","format-standard","has-post-thumbnail","hentry","category-economia","tag-apreciacion-cambiaria","tag-centro-de-economia-politica-argentina-cepa","tag-cepa","tag-crisis-economica-argentina","tag-dolares-blanqueo","tag-hernan-letcher7","tag-javier-milei"],"jetpack_publicize_connections":[],"_links":{"self":[{"href":"https:\/\/www.enorsai.com\/noticias\/wp-json\/wp\/v2\/posts\/970","targetHints":{"allow":["GET"]}}],"collection":[{"href":"https:\/\/www.enorsai.com\/noticias\/wp-json\/wp\/v2\/posts"}],"about":[{"href":"https:\/\/www.enorsai.com\/noticias\/wp-json\/wp\/v2\/types\/post"}],"author":[{"embeddable":true,"href":"https:\/\/www.enorsai.com\/noticias\/wp-json\/wp\/v2\/users\/4"}],"replies":[{"embeddable":true,"href":"https:\/\/www.enorsai.com\/noticias\/wp-json\/wp\/v2\/comments?post=970"}],"version-history":[{"count":1,"href":"https:\/\/www.enorsai.com\/noticias\/wp-json\/wp\/v2\/posts\/970\/revisions"}],"predecessor-version":[{"id":972,"href":"https:\/\/www.enorsai.com\/noticias\/wp-json\/wp\/v2\/posts\/970\/revisions\/972"}],"wp:featuredmedia":[{"embeddable":true,"href":"https:\/\/www.enorsai.com\/noticias\/wp-json\/wp\/v2\/media\/971"}],"wp:attachment":[{"href":"https:\/\/www.enorsai.com\/noticias\/wp-json\/wp\/v2\/media?parent=970"}],"wp:term":[{"taxonomy":"category","embeddable":true,"href":"https:\/\/www.enorsai.com\/noticias\/wp-json\/wp\/v2\/categories?post=970"},{"taxonomy":"post_tag","embeddable":true,"href":"https:\/\/www.enorsai.com\/noticias\/wp-json\/wp\/v2\/tags?post=970"}],"curies":[{"name":"wp","href":"https:\/\/api.w.org\/{rel}","templated":true}]}}