{"id":9697,"date":"2025-10-13T15:27:23","date_gmt":"2025-10-13T18:27:23","guid":{"rendered":"https:\/\/www.enorsai.com\/noticias\/?p=9697"},"modified":"2025-10-13T15:37:39","modified_gmt":"2025-10-13T18:37:39","slug":"explota-el-escandalo-documentos-de-texas-y-la-camara-electoral-vinculan-a-patricia-bullrich-con-el-narco-fred-machado","status":"publish","type":"post","link":"https:\/\/www.enorsai.com\/noticias\/politica\/explota-el-escandalo-documentos-de-texas-y-la-camara-electoral-vinculan-a-patricia-bullrich-con-el-narco-fred-machado\/","title":{"rendered":"Explota el esc\u00e1ndalo: documentos de Texas y la C\u00e1mara Electoral vinculan a Patricia Bullrich con el narco Fred Machado"},"content":{"rendered":"\n<p><strong><em>Una investigaci\u00f3n judicial en Estados Unidos y registros de financiamiento electoral en la Argentina confirman que la empresaria Vidal Bada V\u00e1zquez \u2014socia de Fred Machado y propietaria de una flota de aviones usados por el narcotr\u00e1fico\u2014 aport\u00f3 m\u00e1s de 3 millones de d\u00f3lares a la campa\u00f1a presidencial de Patricia Bullrich en 2023. La ministra, que exig\u00eda explicaciones a Espert por el mismo caso, qued\u00f3 ahora en el centro de la trama narco-pol\u00edtica m\u00e1s grave del pa\u00eds.<\/em><\/strong><\/p>\n\n\n\n<p>El discurso de la \u201cmano dura\u201d se derrumba a la velocidad de una confesi\u00f3n televisiva. Documentos oficiales revelan que Patricia Bullrich, actual ministra de Seguridad y candidata presidencial de Juntos por el Cambio en 2023, fue financiada por el mismo circuito narco que vincul\u00f3 al empresario detenido Federico \u201cFred\u201d Machado y al diputado Jos\u00e9 Luis Espert.<\/p>\n\n\n\n<p>Seg\u00fan consta en la Justicia del estado de Texas y en la C\u00e1mara Nacional Electoral argentina, la empresaria Vidal Bada V\u00e1zquez, titular de L\u00e1cteos Vidal y socia comercial de Machado, aport\u00f3 3.073.354 d\u00f3lares a la campa\u00f1a \u201cPatricia Bullrich Presidenta 2023\u201d. Lo hizo a trav\u00e9s de sociedades con domicilio fiscal en los Estados Unidos y Argentina, que forman parte del entramado financiero investigado por lavado de dinero y narcotr\u00e1fico internacional.<\/p>\n\n\n\n<figure class=\"wp-block-embed is-type-rich is-provider-twitter wp-block-embed-twitter\"><div class=\"wp-block-embed__wrapper\">\n<blockquote class=\"twitter-tweet\" data-width=\"550\" data-dnt=\"true\"><p lang=\"es\" dir=\"ltr\">Escandaloso. Bullrich tambi\u00e9n fue FINANCIADA por el mismo narco en su campa\u00f1a 2023<br><br>Bada V\u00e1zquez, socia de Fred Machado y due\u00f1a de un avi\u00f3n secuestrado con 350 kilos de coca\u00edna, recibi\u00f3 3 millones de d\u00f3lares del narco (confirmado por la Justicia de Texas) y financi\u00f3 a Bullrich\u2026 <a href=\"https:\/\/t.co\/Dx4NmuYGnn\">pic.twitter.com\/Dx4NmuYGnn<\/a><\/p>&mdash; Arrepentidos de Milei (@ArrepentidosLLA) <a href=\"https:\/\/twitter.com\/ArrepentidosLLA\/status\/1977718462228369898?ref_src=twsrc%5Etfw\">October 13, 2025<\/a><\/blockquote><script async src=\"https:\/\/platform.twitter.com\/widgets.js\" charset=\"utf-8\"><\/script>\n<\/div><\/figure>\n\n\n\n<p>La revelaci\u00f3n no surge de rumores ni de operaciones pol\u00edticas, sino de documentaci\u00f3n judicial que tambi\u00e9n detalla la propiedad de una flota de aeronaves privadas \u2014una de las cuales fue secuestrada con 350 kilos de coca\u00edna\u2014 a nombre de la misma empresaria que aparece como donante principal de la campa\u00f1a bullrichista. El dato clave: las transferencias que vinculan a Bada V\u00e1zquez con la estructura de Machado coinciden temporalmente con los aportes declarados a la campa\u00f1a presidencial de Bullrich.<\/p>\n\n\n\n<p>Mientras Bullrich ped\u00eda p\u00fablicamente a Jos\u00e9 Luis Espert \u201cque aclare su situaci\u00f3n\u201d tras la detenci\u00f3n de Fred Machado \u2014empresario acusado de lavar dinero del narcotr\u00e1fico a trav\u00e9s de vuelos privados\u2014, ella misma recib\u00eda aportes millonarios de la socia directa del mismo narcotraficante. De acuerdo con fuentes judiciales, Vidal Bada V\u00e1zquez no s\u00f3lo figura en los documentos de Texas que investigan las operaciones de Machado, sino que adem\u00e1s es propietaria de al menos tres aeronaves utilizadas en vuelos irregulares hacia Paraguay, Bolivia y M\u00e9xico, rutas hist\u00f3ricamente se\u00f1aladas por las fuerzas antidrogas como corredores de coca\u00edna.<\/p>\n\n\n\n<p>El detalle que termin\u00f3 de detonar el esc\u00e1ndalo es que la C\u00e1mara Nacional Electoral valid\u00f3 los aportes de su empresa como legales, sin advertir la conexi\u00f3n con un entramado narco que ya estaba siendo monitoreado por agencias internacionales.<\/p>\n\n\n\n<figure class=\"wp-block-embed is-type-rich is-provider-twitter wp-block-embed-twitter\"><div class=\"wp-block-embed__wrapper\">\n<blockquote class=\"twitter-tweet\" data-width=\"550\" data-dnt=\"true\"><p lang=\"es\" dir=\"ltr\">\u00bfA qu\u00e9 remite el apellido Bada V\u00e1zquez?<br>A los due\u00f1os de L\u00e1cteos Vidal, empresa que se hizo famosa por su guerra antisindical y su rol en la ofensiva contra los trabajadores impulsada por el gobierno de Javier Milei. <a href=\"https:\/\/t.co\/Ldy5tZSDQJ\">pic.twitter.com\/Ldy5tZSDQJ<\/a><\/p>&mdash; Adri\u00e1n Murano (@adrianmurano) <a href=\"https:\/\/twitter.com\/adrianmurano\/status\/1974542466004234504?ref_src=twsrc%5Etfw\">October 4, 2025<\/a><\/blockquote><script async src=\"https:\/\/platform.twitter.com\/widgets.js\" charset=\"utf-8\"><\/script>\n<\/div><\/figure>\n\n\n\n<p>La historia expone la hipocres\u00eda estructural del relato libertario y macrista sobre la lucha contra el narcotr\u00e1fico. Mientras Patricia Bullrich y Javier Milei insisten en que \u201clos narcos est\u00e1n en las calles\u201d y prometen \u201cmano dura\u201d, los mismos capitales que envenenan barrios populares financian sus campa\u00f1as. No se trata de una \u201cirregularidad administrativa\u201d. Es un caso de financiamiento narco-pol\u00edtico con evidencia cruzada entre tribunales internacionales. La coincidencia de nombres, fechas y montos, confirmada por documentos judiciales, deja a Bullrich en una situaci\u00f3n de extrema gravedad pol\u00edtica y penal.<\/p>\n\n\n\n<p>Incluso, seg\u00fan trascendi\u00f3 en \u00e1mbitos judiciales, la propia ministra habr\u00eda llamado al fiscal Diego Iglesias, titular de la Procuradur\u00eda de Narcocriminalidad (PROCUNAR), para agilizar la extradici\u00f3n de Machado desde Estados Unidos, buscando despegarse del esc\u00e1ndalo. Sin embargo, los documentos ahora conocidos muestran que la conexi\u00f3n era directa: el dinero proven\u00eda del mismo circuito empresarial que utilizaba Machado para lavar fondos del narcotr\u00e1fico internacional.<\/p>\n\n\n\n<p>El hilo de complicidades se tensa cada d\u00eda m\u00e1s. Primero fue Espert, luego los empresarios cercanos a La Libertad Avanza, y ahora Bullrich aparece involucrada en el mismo esquema de financiamiento narco. La revelaci\u00f3n genera un efecto domin\u00f3 que golpea el coraz\u00f3n del oficialismo. \u00bfC\u00f3mo explicar que la ministra que encarna la lucha contra el delito haya recibido millones de d\u00f3lares de una estructura criminal internacional? \u00bfQu\u00e9 tan profunda es la infiltraci\u00f3n del dinero narco en la pol\u00edtica argentina?<\/p>\n\n\n\n<p>Mientras Milei promete \u201cechar a patadas a los narcos\u201d, los tiene adentro de su propio gabinete y en las boletas electorales que lo llevaron al poder. La historia pol\u00edtica reciente ya no se puede leer sin el componente narco-financiero. Bullrich y Espert compartieron espacio pol\u00edtico y padrinos econ\u00f3micos, ambos vinculados a la misma red de empresarios con intereses en la aviaci\u00f3n privada y operaciones de exportaci\u00f3n trucha.<\/p>\n\n\n\n<figure class=\"wp-block-embed is-type-rich is-provider-twitter wp-block-embed-twitter\"><div class=\"wp-block-embed__wrapper\">\n<blockquote class=\"twitter-tweet\" data-width=\"550\" data-dnt=\"true\"><p lang=\"es\" dir=\"ltr\">\ud83d\udca5 Esc\u00e1ndalo narco: \u00bfBullrich y Arietto lo sab\u00edan todo?<br><br>En la causa \u201cUSA vs. Mercer-Erwin\u201d (Texas), fueron condenados Federico Machado y su socia por lavado de dinero narco. Entre las operaciones figura el empresario Vidal Bada V\u00e1zquez, due\u00f1o de L\u00e1cteos Vidal, con giros por\u2026 <a href=\"https:\/\/t.co\/gFfoo7pCIh\">pic.twitter.com\/gFfoo7pCIh<\/a><\/p>&mdash; El Prensero (@El_Prensero) <a href=\"https:\/\/twitter.com\/El_Prensero\/status\/1975913913418985961?ref_src=twsrc%5Etfw\">October 8, 2025<\/a><\/blockquote><script async src=\"https:\/\/platform.twitter.com\/widgets.js\" charset=\"utf-8\"><\/script>\n<\/div><\/figure>\n\n\n\n<p>La coincidencia no es casual: el dinero del narcotr\u00e1fico penetr\u00f3 los partidos que hoy gobiernan Argentina bajo el discurso de la \u201clibertad de mercado\u201d y la \u201ceficiencia privada\u201d. El resultado: una \u00e9lite pol\u00edtica que criminaliza la pobreza mientras blanquea el dinero del crimen organizado.<\/p>\n\n\n\n<p>El caso Bullrich-Machado deja en evidencia el verdadero rostro del poder en la Argentina actual: una estructura pol\u00edtico-financiera donde el dinero sucio financia la represi\u00f3n y el marketing electoral, mientras se utiliza el aparato estatal para perseguir a quienes denuncian. No hay libertarios limpios. Todos est\u00e1n manchados por los d\u00f3lares del narcotr\u00e1fico que los sostienen. La ministra de Seguridad que promete orden y moralidad p\u00fablica deber\u00e1 explicar ante la Justicia c\u00f3mo su campa\u00f1a recibi\u00f3 millones provenientes de una red narco internacional. La transparencia, parece, solo sirve para los enemigos pol\u00edticos, nunca para los amigos del poder.<\/p>\n\n\n\n<p><\/p>\n","protected":false},"excerpt":{"rendered":"<p>Una investigaci\u00f3n judicial en Estados Unidos y registros de financiamiento electoral en la Argentina confirman que la empresaria Vidal Bada V\u00e1zquez \u2014socia de Fred Machado y propietaria de una flota de aviones usados por el narcotr\u00e1fico\u2014 aport\u00f3 m\u00e1s de 3 millones de d\u00f3lares a la campa\u00f1a presidencial de Patricia Bullrich en 2023. La ministra, que&#8230;<\/p>\n","protected":false},"author":1,"featured_media":9698,"comment_status":"open","ping_status":"open","sticky":false,"template":"","format":"standard","meta":{"_monsterinsights_skip_tracking":false,"_monsterinsights_sitenote_active":false,"_monsterinsights_sitenote_note":"","_monsterinsights_sitenote_category":0,"footnotes":"","jetpack_publicize_message":"","jetpack_publicize_feature_enabled":true,"jetpack_social_post_already_shared":true,"jetpack_social_options":{"image_generator_settings":{"template":"highway","default_image_id":0,"font":"","enabled":false},"version":2}},"categories":[2],"tags":[],"class_list":["post-9697","post","type-post","status-publish","format-standard","has-post-thumbnail","hentry","category-politica"],"jetpack_publicize_connections":[],"_links":{"self":[{"href":"https:\/\/www.enorsai.com\/noticias\/wp-json\/wp\/v2\/posts\/9697","targetHints":{"allow":["GET"]}}],"collection":[{"href":"https:\/\/www.enorsai.com\/noticias\/wp-json\/wp\/v2\/posts"}],"about":[{"href":"https:\/\/www.enorsai.com\/noticias\/wp-json\/wp\/v2\/types\/post"}],"author":[{"embeddable":true,"href":"https:\/\/www.enorsai.com\/noticias\/wp-json\/wp\/v2\/users\/1"}],"replies":[{"embeddable":true,"href":"https:\/\/www.enorsai.com\/noticias\/wp-json\/wp\/v2\/comments?post=9697"}],"version-history":[{"count":1,"href":"https:\/\/www.enorsai.com\/noticias\/wp-json\/wp\/v2\/posts\/9697\/revisions"}],"predecessor-version":[{"id":9699,"href":"https:\/\/www.enorsai.com\/noticias\/wp-json\/wp\/v2\/posts\/9697\/revisions\/9699"}],"wp:featuredmedia":[{"embeddable":true,"href":"https:\/\/www.enorsai.com\/noticias\/wp-json\/wp\/v2\/media\/9698"}],"wp:attachment":[{"href":"https:\/\/www.enorsai.com\/noticias\/wp-json\/wp\/v2\/media?parent=9697"}],"wp:term":[{"taxonomy":"category","embeddable":true,"href":"https:\/\/www.enorsai.com\/noticias\/wp-json\/wp\/v2\/categories?post=9697"},{"taxonomy":"post_tag","embeddable":true,"href":"https:\/\/www.enorsai.com\/noticias\/wp-json\/wp\/v2\/tags?post=9697"}],"curies":[{"name":"wp","href":"https:\/\/api.w.org\/{rel}","templated":true}]}}