{"id":9690,"date":"2025-10-13T08:51:25","date_gmt":"2025-10-13T11:51:25","guid":{"rendered":"https:\/\/www.enorsai.com\/noticias\/sociedad\/el-asesino-antifeminista-que-formaba-parte-de-la-batalla-cultural-de-milei-2\/"},"modified":"2025-10-13T08:51:25","modified_gmt":"2025-10-13T11:51:25","slug":"el-asesino-antifeminista-que-formaba-parte-de-la-batalla-cultural-de-milei-2","status":"publish","type":"post","link":"https:\/\/www.enorsai.com\/noticias\/sociedad\/el-asesino-antifeminista-que-formaba-parte-de-la-batalla-cultural-de-milei-2\/","title":{"rendered":"El asesino antifeminista que formaba parte de la \u201cbatalla cultural\u201d de Milei"},"content":{"rendered":"\n<p><br>El doble femicidio en C\u00f3rdoba reaviva el debate sobre el discurso de odio y la influencia de los referentes ideol\u00f3gicos de Javier Milei en la expansi\u00f3n de movimientos mis\u00f3ginos.<br><br>Pablo Laurta, detenido por asesinar a su expareja y a su exsuegra, no era un \u201cloco suelto\u201d: fue un militante antifeminista activo, promotor de \u201cVarones Unidos\u201d y colaborador de Agust\u00edn Laje y Nicol\u00e1s M\u00e1rquez, los mismos que hoy son pilares intelectuales del gobierno. Su historia desnuda los riesgos de una pol\u00edtica que, en nombre de la libertad, habilita el odio.<br><br>El caso de Pablo Laurta sacudi\u00f3 a C\u00f3rdoba y expuso un costado del mile\u00edsmo que prefiere mantenerse en las sombras. No se trata solo de un femicidio m\u00e1s \u2014como si alguno pudiera serlo\u2014, sino de un crimen que tiene ra\u00edces ideol\u00f3gicas claras, cultivadas durante a\u00f1os bajo el paraguas de una derecha que convirti\u00f3 la misoginia en bandera y el antifeminismo en causa pol\u00edtica.<br><br>Laurta no era un desconocido. Fue presidente del grupo \u201cVarones Unidos\u201d, un espacio que se dedic\u00f3 a deslegitimar la lucha de las mujeres, atacar la Ley de Violencia de G\u00e9nero y sembrar sospechas sobre las denuncias de abuso. Desde all\u00ed construy\u00f3 su discurso de \u201cv\u00edctima del sistema\u201d, apuntando contra su expareja Luna Giardina, a quien acusaba p\u00fablicamente de \u201cextorsionarlo\u201d mientras la justicia le impon\u00eda restricciones por intentos previos de homicidio.<br><br>La iron\u00eda es brutal: el mismo hombre que se proclamaba perseguido por el \u201cfeminismo radical\u201d termin\u00f3 asesinando a Luna y a su madre, Mariel Zamudio, para luego huir con su hijo.<br><br>Pero lo que m\u00e1s estremece es su entorno. En 2016, Laurta organiz\u00f3 la visita de Agust\u00edn Laje y Nicol\u00e1s M\u00e1rquez al Palacio Legislativo de Uruguay. Ambos, convertidos en los \u201cintelectuales\u201d de la derecha libertaria, son hoy figuras de referencia para la llamada \u201cbatalla cultural\u201d que el presidente Javier Milei repite como mantra en cada discurso. Ese detalle no es menor: marca una l\u00ednea directa entre la pr\u00e9dica ideol\u00f3gica del gobierno y los movimientos sociales que la ejecutan con fervor casi religioso.<\/p>\n\n\n\n<figure class=\"wp-block-embed is-type-rich is-provider-twitter wp-block-embed-twitter\"><div class=\"wp-block-embed__wrapper\">\n<blockquote class=\"twitter-tweet\" data-width=\"550\" data-dnt=\"true\"><p lang=\"es\" dir=\"ltr\">Pablo Laurta manejaba la cuenta <a href=\"https:\/\/twitter.com\/VaronesUni2?ref_src=twsrc%5Etfw\">@VaronesUni2<\/a> hecha para criticar a las mujeres que denunciaban violencia. Ayer asesin\u00f3 a su ex esposa Luna y a su ex suegra Mariel. Secuestr\u00f3 a su hijo. Igual de peligroso es seguir pensando que atr\u00e1s de la violencia verbal y digital no hay nada. <a href=\"https:\/\/t.co\/P62ng9ObqN\">pic.twitter.com\/P62ng9ObqN<\/a><\/p>&mdash; Lucila De Ponti (@ludeponti) <a href=\"https:\/\/twitter.com\/ludeponti\/status\/1977470139420557774?ref_src=twsrc%5Etfw\">October 12, 2025<\/a><\/blockquote><script async src=\"https:\/\/platform.twitter.com\/widgets.js\" charset=\"utf-8\"><\/script>\n<\/div><\/figure>\n\n\n\n<p><br><br>Un odio con aval pol\u00edtico<br><br>El discurso de Laurta coincid\u00eda palabra por palabra con el que hoy circula desde el poder: la idea de que el feminismo \u201cdivide\u201d, que la perspectiva de g\u00e9nero \u201cadoctrina\u201d, que la violencia machista es una \u201cinversi\u00f3n del rol de v\u00edctima\u201d. En sus redes, el acusado compart\u00eda mensajes de Milei y de Donald Trump, se burlaba de las denuncias por acoso y sosten\u00eda que \u201clas falsas denuncias est\u00e1n apareciendo por todas partes\u201d.<br><br>Ese tipo de narrativa, amplificada por referentes oficiales y medios afines, no solo normaliza el odio: lo legitima. Cuando desde el propio Estado se ataca la ESI, se desfinancian programas de g\u00e9nero y se equipara el feminismo con el totalitarismo, se env\u00eda un mensaje peligroso: que la violencia contra las mujeres puede justificarse como respuesta a una \u201cinjusticia ideol\u00f3gica\u201d.<br><br>No es casual que Laurta haya sido un producto de ese ecosistema. Ni que sus v\u00ednculos con los ide\u00f3logos del mile\u00edsmo dataran de una d\u00e9cada atr\u00e1s. Las ideas no matan por s\u00ed solas, pero crean el clima para que otros lo hagan. Y cuando el poder pol\u00edtico convierte el discurso de odio en pol\u00edtica de Estado, la frontera entre la opini\u00f3n y el crimen se vuelve alarmantemente difusa.<br><br>El espejo inc\u00f3modo del mile\u00edsmo<br><br>En tiempos donde el gobierno promueve una cruzada \u201ccontra la ideolog\u00eda de g\u00e9nero\u201d, el caso Laurta funciona como un espejo que devuelve una imagen cruda: la de una Argentina donde la misoginia encontr\u00f3 un canal de expresi\u00f3n institucional. Los ministerios desmantelados, los recortes en pol\u00edticas de prevenci\u00f3n y las declaraciones p\u00fablicas que ridiculizan el movimiento feminista son parte del mismo entramado.<br><br>Por eso el doble femicidio de C\u00f3rdoba no puede leerse solo como un hecho policial. Es tambi\u00e9n el resultado de un clima social incubado desde arriba, donde se demoniza a las v\u00edctimas y se glorifica a los agresores. Laurta, en definitiva, no actu\u00f3 en el vac\u00edo: se mov\u00eda dentro de una red que lo aplaud\u00eda, lo respaldaba y le daba palabras para justificar su odio.<br><br>Quiz\u00e1s esa sea la parte m\u00e1s dif\u00edcil de admitir. Que el monstruo no estaba solo. Que fue moldeado por una cultura pol\u00edtica que niega la desigualdad, trivializa el dolor y llama \u201cbatalla cultural\u201d a la revancha contra los derechos conquistados.<br><br>El gobierno de Milei puede intentar despegarse, pero su propio discurso lo delata. Cuando desde el poder se avala la intolerancia, los resultados no tardan en llegar. Y esta vez, las v\u00edctimas tienen nombre, rostro y una historia que el pa\u00eds no deber\u00eda olvidar.<br><br><br>&#8212;<br><br>Etiquetas:<br>femicidio, misoginia, antifeminismo, mileismo, laje, marquez, violencia, genero, cordoba, politica<br><br><\/p>\n","protected":false},"excerpt":{"rendered":"<p>El doble femicidio en C\u00f3rdoba reaviva el debate sobre el discurso de odio y la influencia de los referentes ideol\u00f3gicos de Javier Milei en la expansi\u00f3n de movimientos mis\u00f3ginos. Pablo Laurta, detenido por asesinar a su expareja y a su exsuegra, no era un \u201cloco suelto\u201d: fue un militante antifeminista activo, promotor de \u201cVarones Unidos\u201d&#8230;<\/p>\n","protected":false},"author":1,"featured_media":9682,"comment_status":"open","ping_status":"open","sticky":false,"template":"","format":"standard","meta":{"_monsterinsights_skip_tracking":false,"_monsterinsights_sitenote_active":false,"_monsterinsights_sitenote_note":"","_monsterinsights_sitenote_category":0,"footnotes":"","jetpack_publicize_message":"","jetpack_publicize_feature_enabled":true,"jetpack_social_post_already_shared":true,"jetpack_social_options":{"image_generator_settings":{"template":"highway","default_image_id":0,"font":"","enabled":false},"version":2}},"categories":[4],"tags":[],"class_list":["post-9690","post","type-post","status-publish","format-standard","has-post-thumbnail","hentry","category-sociedad"],"jetpack_publicize_connections":[],"_links":{"self":[{"href":"https:\/\/www.enorsai.com\/noticias\/wp-json\/wp\/v2\/posts\/9690","targetHints":{"allow":["GET"]}}],"collection":[{"href":"https:\/\/www.enorsai.com\/noticias\/wp-json\/wp\/v2\/posts"}],"about":[{"href":"https:\/\/www.enorsai.com\/noticias\/wp-json\/wp\/v2\/types\/post"}],"author":[{"embeddable":true,"href":"https:\/\/www.enorsai.com\/noticias\/wp-json\/wp\/v2\/users\/1"}],"replies":[{"embeddable":true,"href":"https:\/\/www.enorsai.com\/noticias\/wp-json\/wp\/v2\/comments?post=9690"}],"version-history":[{"count":0,"href":"https:\/\/www.enorsai.com\/noticias\/wp-json\/wp\/v2\/posts\/9690\/revisions"}],"wp:featuredmedia":[{"embeddable":true,"href":"https:\/\/www.enorsai.com\/noticias\/wp-json\/wp\/v2\/media\/9682"}],"wp:attachment":[{"href":"https:\/\/www.enorsai.com\/noticias\/wp-json\/wp\/v2\/media?parent=9690"}],"wp:term":[{"taxonomy":"category","embeddable":true,"href":"https:\/\/www.enorsai.com\/noticias\/wp-json\/wp\/v2\/categories?post=9690"},{"taxonomy":"post_tag","embeddable":true,"href":"https:\/\/www.enorsai.com\/noticias\/wp-json\/wp\/v2\/tags?post=9690"}],"curies":[{"name":"wp","href":"https:\/\/api.w.org\/{rel}","templated":true}]}}