{"id":9674,"date":"2025-10-13T06:21:26","date_gmt":"2025-10-13T09:21:26","guid":{"rendered":"https:\/\/www.enorsai.com\/noticias\/?p=9674"},"modified":"2025-10-13T06:21:31","modified_gmt":"2025-10-13T09:21:31","slug":"grave-acusacion-de-pagano-pidio-controles-psicologicos-para-funcionarios-tras-las-agresiones-de-lemoine","status":"publish","type":"post","link":"https:\/\/www.enorsai.com\/noticias\/politica\/grave-acusacion-de-pagano-pidio-controles-psicologicos-para-funcionarios-tras-las-agresiones-de-lemoine\/","title":{"rendered":"Grave acusaci\u00f3n de Pagano: pidi\u00f3 controles psicol\u00f3gicos para funcionarios tras las agresiones de Lemoine"},"content":{"rendered":"\n<p><strong><em>La diputada nacional Marcela Pagano rompi\u00f3 el silencio y lanz\u00f3 una dur\u00edsima denuncia p\u00fablica contra sus excompa\u00f1eros de bancada de La Libertad Avanza, en especial contra la diputada libertaria Lilia Lemoine, a quien acus\u00f3 de tener episodios de violencia reiterada, de no recibir el tratamiento m\u00e9dico que necesita y de ser encubierta por todo el espacio pol\u00edtico que lidera Javier Milei.<\/em><\/strong><\/p>\n\n\n\n<p>En una serie de mensajes publicados en la red social X, Pagano expuso una trama de complicidades dentro del oficialismo: desde el presidente de la C\u00e1mara de Diputados, Mart\u00edn Menem, hasta la senadora y militante evang\u00e9lica Nadia M\u00e1rquez, todos se\u00f1alados por \u201cmirar para otro lado\u201d frente a conductas violentas y agresiones a otros legisladores.<\/p>\n\n\n\n<blockquote class=\"wp-block-quote is-layout-flow wp-block-quote-is-layout-flow\">\n<p>\u201cA Lemoine la cubren porque sabe demasiado. No quisieron hacerle un test psicol\u00f3gico cuando lo propuse, @MenemMartin no quiso sancionarla cuando agredi\u00f3 por primera vez a un diputado. La ejemplar \u2018probation\u2019, candidata a senadora @nadiajmarquez, la incita a prepotear a diputados en bancas ajenas en nombre de \u2018Jes\u00fas\u2019. Todos c\u00f3mplices de las locuras, todos violentos\u201d, escribi\u00f3 Pagano.<\/p>\n<\/blockquote>\n\n\n\n<p>Las declaraciones de la periodista y legisladora se producen luego de que Lemoine protagonizara un nuevo esc\u00e1ndalo durante una manifestaci\u00f3n libertaria, donde fue filmada golpeando a una mujer en plena v\u00eda p\u00fablica. Pagano no dud\u00f3 en vincular ese episodio con lo que, seg\u00fan ella, es una conducta sistem\u00e1tica ignorada por sus pares.<\/p>\n\n\n\n<figure class=\"wp-block-embed is-type-rich is-provider-twitter wp-block-embed-twitter\"><div class=\"wp-block-embed__wrapper\">\n<blockquote class=\"twitter-tweet\" data-width=\"550\" data-dnt=\"true\"><p lang=\"es\" dir=\"ltr\">Cuando con otros diputados como <a href=\"https:\/\/twitter.com\/lulumicart?ref_src=twsrc%5Etfw\">@lulumicart<\/a> denunciamos ser v\u00edctimas de su violencia, cuando expliqu\u00e9<br>que Lemoine tiene una enfermedad y que decide no medicarse, que es peligrosa para el resto y para ella misma, todos en LLA incluido el presidente de la C\u00e1mara de Diputados\u2026 <a href=\"https:\/\/t.co\/kWKnLIo1WW\">https:\/\/t.co\/kWKnLIo1WW<\/a><\/p>&mdash; Marcela Pagano (@Marcelampagano) <a href=\"https:\/\/twitter.com\/Marcelampagano\/status\/1977507775946055970?ref_src=twsrc%5Etfw\">October 12, 2025<\/a><\/blockquote><script async src=\"https:\/\/platform.twitter.com\/widgets.js\" charset=\"utf-8\"><\/script>\n<\/div><\/figure>\n\n\n\n<blockquote class=\"wp-block-quote is-layout-flow wp-block-quote-is-layout-flow\">\n<p>\u201cDiputada libertaria y maquilladora de Milei, se tom\u00f3 a golpes con una mujer en plena marcha libertaria. Es urgente que el Congreso impulse una ley que exija evaluaciones de salud mental a quienes aspiren a cargos p\u00fablicos. La responsabilidad institucional lo demanda\u201d, reclam\u00f3 Pagano, dejando entrever el peligro de naturalizar situaciones de descontrol en el \u00e1mbito pol\u00edtico.<\/p>\n<\/blockquote>\n\n\n\n<p>En otro mensaje, fue a\u00fan m\u00e1s contundente al apuntar contra la protecci\u00f3n medi\u00e1tica y el silencio de los dirigentes libertarios:<\/p>\n\n\n\n<blockquote class=\"wp-block-quote is-layout-flow wp-block-quote-is-layout-flow\">\n<p>\u201cCuando con otros diputados como @lulumicart denunciamos ser v\u00edctimas de su violencia, cuando expliqu\u00e9 que Lemoine tiene una enfermedad y que decide no medicarse, que es peligrosa para el resto y para ella misma, todos en LLA, incluido el presidente de la C\u00e1mara de Diputados, miraron para otro lado. Tambi\u00e9n los medios que cobran por llevarla y minimizaron su violencia a una cuesti\u00f3n de \u2018pelea de chicas\u2019 son c\u00f3mplices de estas consecuencias. Hoy vemos a Lemoine expuesta: una violenta peg\u00e1ndole a una se\u00f1ora que se manifestaba, una violenta gozando de fueros y de vivir a costa de los impuestos de la gente sin siquiera trabajar, llam\u00e1ndose \u2018libertaria\u2019\u201d.<\/p>\n\n\n\n<figure class=\"wp-block-embed is-type-rich is-provider-twitter wp-block-embed-twitter\"><div class=\"wp-block-embed__wrapper\">\n<blockquote class=\"twitter-tweet\" data-width=\"550\" data-dnt=\"true\"><p lang=\"es\" dir=\"ltr\">\ud83c\udde6\ud83c\uddf7 Diputada libertaria y maquilladora de Milei, se tom\u00f3 a golpes con una mujer en plena marcha libertaria. Es urgente que el Congreso impulse una ley que exija evaluaciones de salud mental a quienes aspiren a cargos p\u00fablicos. La responsabilidad institucional lo demanda. <a href=\"https:\/\/t.co\/CGKo8il6mH\">pic.twitter.com\/CGKo8il6mH<\/a><\/p>&mdash; El Prensero (@El_Prensero) <a href=\"https:\/\/twitter.com\/El_Prensero\/status\/1977513308581425187?ref_src=twsrc%5Etfw\">October 12, 2025<\/a><\/blockquote><script async src=\"https:\/\/platform.twitter.com\/widgets.js\" charset=\"utf-8\"><\/script>\n<\/div><\/figure>\n<\/blockquote>\n\n\n\n<p>Los dichos de Pagano profundizan la crisis interna que atraviesa el espacio oficialista, cada vez m\u00e1s fracturado entre los sectores leales al presidente y los que, como ella, quedaron desplazados o silenciados por denunciar irregularidades internas.<\/p>\n\n\n\n<p>La exconductora de A24, que en su momento fue una de las figuras medi\u00e1ticas m\u00e1s visibles del armado de Milei, hoy se distancia completamente del discurso libertario, cuestionando la falta de l\u00edmites, la ausencia de mecanismos institucionales y el doble est\u00e1ndar moral del bloque oficialista: por un lado, se presentan como defensores del orden y la \u201clibertad individual\u201d; por el otro, encubren hechos de violencia protagonizados por sus propios dirigentes.<\/p>\n\n\n\n<p>Pagano tambi\u00e9n sugiri\u00f3 que parte del entorno presidencial teme las consecuencias de una investigaci\u00f3n m\u00e1s profunda sobre el comportamiento de Lemoine y su influencia dentro del c\u00edrculo m\u00e1s cercano a Milei. La frase \u201cla cubren porque sabe demasiado\u201d reson\u00f3 con fuerza en las redes, donde cientos de usuarios exigieron explicaciones a las autoridades del bloque oficialista.<\/p>\n\n\n\n<p>Mientras tanto, el gobierno guarda silencio. Ninguna autoridad del oficialismo respondi\u00f3 las acusaciones. Tampoco hubo desmentidas ni pronunciamientos institucionales frente al pedido de Pagano de implementar controles psicol\u00f3gicos para los funcionarios electos, una propuesta que busca poner l\u00edmites a los comportamientos desbordados que se han vuelto habituales en el espacio libertario.<\/p>\n\n\n\n<p>La disputa entre Pagano y Lemoine no solo expone las grietas internas en el bloque de Milei, sino que tambi\u00e9n abre un debate m\u00e1s profundo sobre la salud mental, la violencia pol\u00edtica y la responsabilidad institucional de quienes ocupan cargos p\u00fablicos. En un contexto donde el gobierno promueve el \u201corden\u201d como bandera, los episodios de agresi\u00f3n y descontrol dentro de su propia fuerza muestran una contradicci\u00f3n dif\u00edcil de disimular.<\/p>\n\n\n\n<p><br><\/p>\n","protected":false},"excerpt":{"rendered":"<p>La diputada nacional Marcela Pagano rompi\u00f3 el silencio y lanz\u00f3 una dur\u00edsima denuncia p\u00fablica contra sus excompa\u00f1eros de bancada de La Libertad Avanza, en especial contra la diputada libertaria Lilia Lemoine, a quien acus\u00f3 de tener episodios de violencia reiterada, de no recibir el tratamiento m\u00e9dico que necesita y de ser encubierta por todo el&#8230;<\/p>\n","protected":false},"author":12,"featured_media":9675,"comment_status":"open","ping_status":"open","sticky":false,"template":"","format":"standard","meta":{"_monsterinsights_skip_tracking":false,"_monsterinsights_sitenote_active":false,"_monsterinsights_sitenote_note":"","_monsterinsights_sitenote_category":0,"footnotes":"","jetpack_publicize_message":"","jetpack_publicize_feature_enabled":true,"jetpack_social_post_already_shared":true,"jetpack_social_options":{"image_generator_settings":{"template":"highway","default_image_id":0,"font":"","enabled":false},"version":2}},"categories":[2],"tags":[106,446,2955,3258,3939],"class_list":["post-9674","post","type-post","status-publish","format-standard","has-post-thumbnail","hentry","category-politica","tag-javier-milei","tag-la-libertad-avanza","tag-lilia-lemoine","tag-marcela-pagano","tag-violencia-politica"],"jetpack_publicize_connections":[],"_links":{"self":[{"href":"https:\/\/www.enorsai.com\/noticias\/wp-json\/wp\/v2\/posts\/9674","targetHints":{"allow":["GET"]}}],"collection":[{"href":"https:\/\/www.enorsai.com\/noticias\/wp-json\/wp\/v2\/posts"}],"about":[{"href":"https:\/\/www.enorsai.com\/noticias\/wp-json\/wp\/v2\/types\/post"}],"author":[{"embeddable":true,"href":"https:\/\/www.enorsai.com\/noticias\/wp-json\/wp\/v2\/users\/12"}],"replies":[{"embeddable":true,"href":"https:\/\/www.enorsai.com\/noticias\/wp-json\/wp\/v2\/comments?post=9674"}],"version-history":[{"count":1,"href":"https:\/\/www.enorsai.com\/noticias\/wp-json\/wp\/v2\/posts\/9674\/revisions"}],"predecessor-version":[{"id":9676,"href":"https:\/\/www.enorsai.com\/noticias\/wp-json\/wp\/v2\/posts\/9674\/revisions\/9676"}],"wp:featuredmedia":[{"embeddable":true,"href":"https:\/\/www.enorsai.com\/noticias\/wp-json\/wp\/v2\/media\/9675"}],"wp:attachment":[{"href":"https:\/\/www.enorsai.com\/noticias\/wp-json\/wp\/v2\/media?parent=9674"}],"wp:term":[{"taxonomy":"category","embeddable":true,"href":"https:\/\/www.enorsai.com\/noticias\/wp-json\/wp\/v2\/categories?post=9674"},{"taxonomy":"post_tag","embeddable":true,"href":"https:\/\/www.enorsai.com\/noticias\/wp-json\/wp\/v2\/tags?post=9674"}],"curies":[{"name":"wp","href":"https:\/\/api.w.org\/{rel}","templated":true}]}}