{"id":9665,"date":"2025-10-13T05:41:16","date_gmt":"2025-10-13T08:41:16","guid":{"rendered":"https:\/\/www.enorsai.com\/noticias\/?p=9665"},"modified":"2025-10-13T05:42:29","modified_gmt":"2025-10-13T08:42:29","slug":"ajmechet-se-victimiza-pero-nunca-pidio-perdon-la-diputada-libertaria-que-quiso-borrar-malvinas-de-la-historia","status":"publish","type":"post","link":"https:\/\/www.enorsai.com\/noticias\/politica\/ajmechet-se-victimiza-pero-nunca-pidio-perdon-la-diputada-libertaria-que-quiso-borrar-malvinas-de-la-historia\/","title":{"rendered":"Ajmechet se victimiza, pero nunca pidi\u00f3 perd\u00f3n: la diputada libertaria que quiso borrar Malvinas de la historia"},"content":{"rendered":"\n<p><strong><em>En una entrevista radial, Sabrina Ajmechet volvi\u00f3 a justificarse por los tuits en los que ped\u00eda eliminar el feriado del 2 de abril. \u201cMe juzgan por cosas que escrib\u00ed hace diez a\u00f1os\u201d, dijo. Ten\u00eda 35, no 15. Y nunca pidi\u00f3 perd\u00f3n. Su negacionismo, hoy convertido en doctrina de gobierno, revela el ADN colonial y antipatria que atraviesa al mile\u00edsmo.<\/em><\/strong><\/p>\n\n\n\n<p>La diputada nacional Sabrina Ajmechet, una de las voces m\u00e1s visibles del espacio libertario, volvi\u00f3 a escena con una estrategia repetida: la de la v\u00edctima incomprendida. En una entrevista concedida a Radio Rivadavia, lament\u00f3 que \u201cla juzguen por unos tuits de hace diez a\u00f1os\u201d. Pero lo que Ajmechet llama \u201ctuits viejos\u201d no son simples opiniones del pasado: son confesiones ideol\u00f3gicas que hoy se traducen en pol\u00edticas concretas de desmemoria y entrega nacional.<\/p>\n\n\n\n<p>En 2014, cuando ya ten\u00eda 35 a\u00f1os \u2014una edad donde las convicciones pesan m\u00e1s que las ocurrencias\u2014, escribi\u00f3 en X (entonces Twitter):<\/p>\n\n\n\n<blockquote class=\"wp-block-quote is-layout-flow wp-block-quote-is-layout-flow\">\n<p>\u201cOjal\u00e1 pronto el 2 de abril sea simplemente el 2 de abril, un d\u00eda que la gente va a trabajar y los chicos al colegio.\u201d<\/p>\n<\/blockquote>\n\n\n\n<p>El mensaje, recuperado por Walter Onorato en EnOrsai, no fue una an\u00e9cdota ni un exabrupto. Fue una declaraci\u00f3n program\u00e1tica: borrar del calendario el D\u00eda del Veterano y de los Ca\u00eddos en la Guerra de Malvinas, relativizar el dolor colectivo y despreciar los s\u00edmbolos que sostienen la identidad argentina.<\/p>\n\n\n\n<figure class=\"wp-block-embed is-type-rich is-provider-twitter wp-block-embed-twitter\"><div class=\"wp-block-embed__wrapper\">\n<blockquote class=\"twitter-tweet\" data-width=\"550\" data-dnt=\"true\"><p lang=\"es\" dir=\"ltr\">Ahora mandaron a victimizarse a la basura humana y anti-Argentina de Ajmechet<br>&quot;Me juzgan por unos tuits de hace 10 a\u00f1os&quot;<br>Hija de puta, 35 a\u00f1os ten\u00eda ya. Dijiste que quer\u00e9s ser colonia, eliminar el D\u00eda de los Veteranos de Malvinas y que odi\u00e1s la bandera Argentina <a href=\"https:\/\/t.co\/5jJuOg8oVs\">pic.twitter.com\/5jJuOg8oVs<\/a><\/p>&mdash; Arrepentidos de Milei (@ArrepentidosLLA) <a href=\"https:\/\/twitter.com\/ArrepentidosLLA\/status\/1977575580355973587?ref_src=twsrc%5Etfw\">October 13, 2025<\/a><\/blockquote><script async src=\"https:\/\/platform.twitter.com\/widgets.js\" charset=\"utf-8\"><\/script>\n<\/div><\/figure>\n\n\n\n<p>Y lo m\u00e1s grave es que, a diferencia de lo que har\u00eda cualquier representante verdaderamente arrepentido, Ajmechet no pidi\u00f3 perd\u00f3n. No se retract\u00f3. No reflexion\u00f3. Solo busc\u00f3 compasi\u00f3n medi\u00e1tica, ampar\u00e1ndose en la excusa del tiempo: \u201chace diez a\u00f1os\u201d. Pero el tiempo no borra la ideolog\u00eda; apenas la perfecciona.<\/p>\n\n\n\n<p>Ajmechet se presenta con orgullo como \u201cdoctora en historia\u201d. Sin embargo, cada una de sus declaraciones parece escrita desde la negaci\u00f3n de su propia disciplina. El conflicto de Malvinas no puede reducirse a un feriado ni a un capricho nacionalista: es un reclamo de soberan\u00eda reconocido por las Naciones Unidas, una herida abierta que forma parte de la memoria democr\u00e1tica y del consenso hist\u00f3rico argentino.<\/p>\n\n\n\n<p>Cuando Ajmechet dice que el 2 de abril deber\u00eda ser \u201cun d\u00eda m\u00e1s\u201d, lo que propone en realidad es una operaci\u00f3n cultural: despojar a la historia de su contenido pol\u00edtico y simb\u00f3lico. Es la pedagog\u00eda de la antipatria.<\/p>\n\n\n\n<p>El problema no es el pasado, sino el presente. Porque aquello que en 2014 parec\u00eda una provocaci\u00f3n aislada hoy se ha convertido en pol\u00edtica oficial. El gobierno de Javier Milei \u2014del cual Ajmechet es parte y vocera\u2014 practica a diario la misma l\u00f3gica: desfinanciar la educaci\u00f3n p\u00fablica, recortar la cultura, eliminar feriados conmemorativos, atacar la memoria y militar el negacionismo hist\u00f3rico.<\/p>\n\n\n\n<p>En ese contexto, las palabras de Ajmechet no son \u201cerrores juveniles\u201d, sino s\u00edntomas de una ideolog\u00eda coherente con el poder que hoy ostenta. Una ideolog\u00eda que desprecia la soberan\u00eda, celebra la subordinaci\u00f3n al capital extranjero y considera que recordar a los h\u00e9roes de Malvinas es un gasto improductivo.<\/p>\n\n\n\n<p>La frase \u201cqueremos ser colonia\u201d que ella misma escribi\u00f3 en otro tuit resume el esp\u00edritu de una generaci\u00f3n pol\u00edtica que no cree en la independencia nacional ni en el valor de lo colectivo.<\/p>\n\n\n\n<p>El D\u00eda del Veterano y de los Ca\u00eddos en la Guerra de Malvinas no es un simple feriado. Es una jornada de duelo, memoria y justicia. Cada a\u00f1o, miles de argentinos recuerdan a los j\u00f3venes que fueron enviados a luchar en condiciones inhumanas, muchos de los cuales murieron en el frente o luego, v\u00edctimas del abandono estatal.<\/p>\n\n\n\n<p>Pretender \u201cnormalizar\u201d ese d\u00eda \u2014como propone Ajmechet\u2014 no solo es una ofensa a los veteranos y sus familias, sino un intento deliberado de vaciar la memoria nacional. Y hacerlo desde una banca del Congreso es a\u00fan m\u00e1s grave: significa institucionalizar el olvido.<\/p>\n\n\n\n<p>Ajmechet no est\u00e1 sola. Su discurso es funcional a un proyecto m\u00e1s amplio: el del mile\u00edsmo, que busca destruir todos los consensos hist\u00f3ricos de la democracia argentina. El negacionismo no es un error de comunicaci\u00f3n, sino una herramienta pol\u00edtica. Sirve para deslegitimar las luchas por la memoria, los derechos humanos y la soberan\u00eda.<\/p>\n\n\n\n<p>As\u00ed como Milei reivindica a Margaret Thatcher \u2014responsable directa de la masacre de j\u00f3venes argentinos en 1982\u2014, su diputada estrella desprecia el feriado que recuerda a las v\u00edctimas de esa guerra. No es incoherencia: es coherencia ideol\u00f3gica.<\/p>\n\n\n\n<p>En ning\u00fan momento, durante su entrevista en Radio Rivadavia, Sabrina Ajmechet expres\u00f3 arrepentimiento. No dijo \u201cme equivoqu\u00e9\u201d, ni \u201cles pido perd\u00f3n a los veteranos\u201d, ni \u201choy pienso distinto\u201d. Solo habl\u00f3 de s\u00ed misma, de su incomodidad por ser criticada, de la \u201cinjusticia\u201d de que le recuerden sus propias palabras.<\/p>\n\n\n\n<p>Pero las palabras importan. Y m\u00e1s a\u00fan cuando provienen de una funcionaria p\u00fablica. Un tuit puede ser un espejo. Y el de Ajmechet refleja exactamente lo que el oficialismo libertario es: una elite que desprecia al pueblo, niega la historia y pretende borrar cualquier s\u00edmbolo que no cotice en la bolsa.<\/p>\n\n\n\n<p>Olvidar el tuit de Ajmechet ser\u00eda aceptar su deseo: que el 2 de abril \u201csea un d\u00eda cualquiera\u201d. Recordarlo, en cambio, es un acto de resistencia. Es afirmar que la memoria no se negocia, que la soberan\u00eda no se terceriza y que las Malvinas \u2014m\u00e1s all\u00e1 de la guerra\u2014 siguen siendo una causa de todos los argentinos.<\/p>\n\n\n\n<p>El negacionismo libertario no tiene l\u00edmites. Y Sabrina Ajmechet es su cara m\u00e1s acad\u00e9mica, m\u00e1s elegante, pero igual de peligrosa. Porque detr\u00e1s del lenguaje acad\u00e9mico se esconde el mismo mensaje que ya escuchamos demasiadas veces: el de quienes, desde el poder, quieren convencernos de que recordar es in\u00fatil.<\/p>\n\n\n\n<p><\/p>\n","protected":false},"excerpt":{"rendered":"<p>En una entrevista radial, Sabrina Ajmechet volvi\u00f3 a justificarse por los tuits en los que ped\u00eda eliminar el feriado del 2 de abril. \u201cMe juzgan por cosas que escrib\u00ed hace diez a\u00f1os\u201d, dijo. Ten\u00eda 35, no 15. Y nunca pidi\u00f3 perd\u00f3n. Su negacionismo, hoy convertido en doctrina de gobierno, revela el ADN colonial y antipatria&#8230;<\/p>\n","protected":false},"author":1,"featured_media":9666,"comment_status":"open","ping_status":"open","sticky":false,"template":"","format":"standard","meta":{"_monsterinsights_skip_tracking":false,"_monsterinsights_sitenote_active":false,"_monsterinsights_sitenote_note":"","_monsterinsights_sitenote_category":0,"footnotes":"","jetpack_publicize_message":"","jetpack_publicize_feature_enabled":true,"jetpack_social_post_already_shared":true,"jetpack_social_options":{"image_generator_settings":{"template":"highway","default_image_id":0,"font":"","enabled":false},"version":2}},"categories":[2],"tags":[],"class_list":["post-9665","post","type-post","status-publish","format-standard","has-post-thumbnail","hentry","category-politica"],"jetpack_publicize_connections":[],"_links":{"self":[{"href":"https:\/\/www.enorsai.com\/noticias\/wp-json\/wp\/v2\/posts\/9665","targetHints":{"allow":["GET"]}}],"collection":[{"href":"https:\/\/www.enorsai.com\/noticias\/wp-json\/wp\/v2\/posts"}],"about":[{"href":"https:\/\/www.enorsai.com\/noticias\/wp-json\/wp\/v2\/types\/post"}],"author":[{"embeddable":true,"href":"https:\/\/www.enorsai.com\/noticias\/wp-json\/wp\/v2\/users\/1"}],"replies":[{"embeddable":true,"href":"https:\/\/www.enorsai.com\/noticias\/wp-json\/wp\/v2\/comments?post=9665"}],"version-history":[{"count":2,"href":"https:\/\/www.enorsai.com\/noticias\/wp-json\/wp\/v2\/posts\/9665\/revisions"}],"predecessor-version":[{"id":9669,"href":"https:\/\/www.enorsai.com\/noticias\/wp-json\/wp\/v2\/posts\/9665\/revisions\/9669"}],"wp:featuredmedia":[{"embeddable":true,"href":"https:\/\/www.enorsai.com\/noticias\/wp-json\/wp\/v2\/media\/9666"}],"wp:attachment":[{"href":"https:\/\/www.enorsai.com\/noticias\/wp-json\/wp\/v2\/media?parent=9665"}],"wp:term":[{"taxonomy":"category","embeddable":true,"href":"https:\/\/www.enorsai.com\/noticias\/wp-json\/wp\/v2\/categories?post=9665"},{"taxonomy":"post_tag","embeddable":true,"href":"https:\/\/www.enorsai.com\/noticias\/wp-json\/wp\/v2\/tags?post=9665"}],"curies":[{"name":"wp","href":"https:\/\/api.w.org\/{rel}","templated":true}]}}