{"id":9662,"date":"2025-10-12T21:56:19","date_gmt":"2025-10-13T00:56:19","guid":{"rendered":"https:\/\/www.enorsai.com\/noticias\/?p=9662"},"modified":"2025-10-13T05:23:12","modified_gmt":"2025-10-13T08:23:12","slug":"escandalo-en-seguridad-un-jefe-de-gendarmeria-fue-arrestado-por-narcotrafico-en-santiago-del-estero","status":"publish","type":"post","link":"https:\/\/www.enorsai.com\/noticias\/politica\/escandalo-en-seguridad-un-jefe-de-gendarmeria-fue-arrestado-por-narcotrafico-en-santiago-del-estero\/","title":{"rendered":"\u00a1Esc\u00e1ndalo en Seguridad! Un jefe de Gendarmer\u00eda fue arrestado por narcotr\u00e1fico en Santiago del Estero"},"content":{"rendered":"\n<p>El discurso de Milei contra el narcotr\u00e1fico se desmorona mientras un jefe de las fuerzas de seguridad bajo la \u00f3rbita de Patricia Bullrich es apresado con \u201cladrillos\u201d de coca\u00edna en Santiago del Estero. La doble moral del gobierno libertario vuelve a quedar al descubierto.<br><br>El comandante de Gendarmer\u00eda, dependiente del Ministerio de Seguridad que conduce Patricia Bullrich, fue detenido por la polic\u00eda provincial de Santiago del Estero con seis kilos de coca\u00edna en su mochila. El caso expone las profundas contradicciones del oficialismo, que promete \u201cechar a patadas a los narcos\u201d, pero convive con ellos dentro de sus propias filas.<br><br>El relato oficial de \u201ctolerancia cero\u201d con el narcotr\u00e1fico, repetido hasta el cansancio por Javier Milei y su ministra de Seguridad, Patricia Bullrich, acaba de recibir un golpe demoledor. En Santiago del Estero, la polic\u00eda provincial detuvo a un comandante de Gendarmer\u00eda Nacional, dependiente del Ministerio de Seguridad de la Naci\u00f3n, acusado de traficar seis kilos de coca\u00edna.<\/p>\n\n\n\n<figure class=\"wp-block-embed is-type-rich is-provider-twitter wp-block-embed-twitter\"><div class=\"wp-block-embed__wrapper\">\n<blockquote class=\"twitter-tweet\" data-width=\"550\" data-dnt=\"true\"><p lang=\"es\" dir=\"ltr\">La Polic\u00eda de Santiago de Estero detuvo a un comandante de Gendarmer\u00eda de Bullrich con 6 kilos de coca\u00edna en la mochila. Milei dice que va a &quot;echar a patadas a los narcos&quot; pero los tienen metidos en las listas y hasta en las fuerzas de seguridad. Los narcos son ellos. Fin. <a href=\"https:\/\/t.co\/RVfq5EiZnS\">pic.twitter.com\/RVfq5EiZnS<\/a><\/p>&mdash; Editor\u270d (@Editor_76) <a href=\"https:\/\/twitter.com\/Editor_76\/status\/1977431104367001953?ref_src=twsrc%5Etfw\">October 12, 2025<\/a><\/blockquote><script async src=\"https:\/\/platform.twitter.com\/widgets.js\" charset=\"utf-8\"><\/script>\n<\/div><\/figure>\n\n\n\n<p><br><br>Seg\u00fan trascendi\u00f3, el operativo fue realizado por efectivos de la fuerza provincial, quienes interceptaron al gendarme cuando trasladaba cinco \u201cladrillos\u201d del estupefaciente en una mochila. La carga, valuada en millones de pesos, estaba lista para su distribuci\u00f3n. La detenci\u00f3n se produjo en el marco de un procedimiento de rutina, pero la sorpresa fue may\u00fascula al descubrir la identidad del detenido: un miembro de alto rango de Gendarmer\u00eda, que reportaba directamente a la estructura jer\u00e1rquica controlada por Bullrich.<br><br>Mientras Milei insiste en que su gobierno \u201cva a echar a patadas a los narcos\u201d, los hechos demuestran que el narcotr\u00e1fico no s\u00f3lo no est\u00e1 siendo combatido, sino que se infiltra en las mismas fuerzas de seguridad que deber\u00edan enfrentarlo. Este episodio se suma a una larga lista de denuncias y esc\u00e1ndalos vinculados al accionar de funcionarios y agentes bajo la \u00f3rbita del Ministerio de Seguridad.<br><br>La ministra Bullrich ha construido su perfil pol\u00edtico sobre una ret\u00f3rica punitivista y una supuesta \u201cmano dura\u201d contra el delito. Sin embargo, casos como este revelan la hipocres\u00eda estructural de su gesti\u00f3n, que exhibe mano de hierro para reprimir la protesta social, pero tolerancia y silencio frente a la corrupci\u00f3n interna y los v\u00ednculos con el narcotr\u00e1fico.<\/p>\n\n\n\n<figure class=\"wp-block-embed is-type-rich is-provider-twitter wp-block-embed-twitter\"><div class=\"wp-block-embed__wrapper\">\n<blockquote class=\"twitter-tweet\" data-width=\"550\" data-dnt=\"true\"><p lang=\"es\" dir=\"ltr\">\ud83d\udea8 DETIENEN A COMANDANTE DE GENDARMER\u00cdA ACUSADO DE TRAFICAR 5 LADRILLOS DE COCA\u00cdNA<br>&#8211; Fue en Santiago del Estero.<br>&#8211; El operativo lo hizo la polic\u00eda provincial: <a href=\"https:\/\/t.co\/OCD1uwR1Qp\">pic.twitter.com\/OCD1uwR1Qp<\/a><\/p>&mdash; V\u00eda Szeta (@mauroszeta) <a href=\"https:\/\/twitter.com\/mauroszeta\/status\/1977387015474741594?ref_src=twsrc%5Etfw\">October 12, 2025<\/a><\/blockquote><script async src=\"https:\/\/platform.twitter.com\/widgets.js\" charset=\"utf-8\"><\/script>\n<\/div><\/figure>\n\n\n\n<p><br><br>La imagen del comandante detenido con una mochila cargada de coca\u00edna no solo desmorona el discurso oficial: deja al descubierto la crisis moral y operativa de las fuerzas federales. En lugar de limpiar las filas, el gobierno parece m\u00e1s preocupado por sostener el relato y atacar a quienes denuncian.<br><br>En redes sociales, las cr\u00edticas no se hicieron esperar. \u201cLos narcos son ellos\u201d, sintetiz\u00f3 un usuario, reflejando el hartazgo social ante un gobierno que se presenta como palad\u00edn del orden mientras protege o encubre a sus propios delincuentes uniformados.<br><br>El episodio tambi\u00e9n pone en cuesti\u00f3n la capacidad de control civil sobre las fuerzas federales, que en los \u00faltimos meses han sido denunciadas por abusos, represi\u00f3n y corrupci\u00f3n, en un clima de creciente militarizaci\u00f3n impulsado por Bullrich y respaldado por Milei.<br><br>A pesar de la gravedad del hecho, el Ministerio de Seguridad no emiti\u00f3 un comunicado oficial al cierre de esta nota. El silencio oficial parece una estrategia habitual: la misma que se aplic\u00f3 ante los v\u00ednculos de otros agentes con bandas criminales o el tr\u00e1fico de armas y drogas en distintos puntos del pa\u00eds.<br><br>Este caso no es un hecho aislado. Es la consecuencia directa de un modelo de seguridad que promueve la obediencia ciega y el espect\u00e1culo medi\u00e1tico por encima del control y la transparencia institucional. En definitiva, mientras el gobierno de Milei promete una \u201cguerra contra el narcotr\u00e1fico\u201d, la droga viaja en mochilas oficiales y los narcos visten uniforme.<\/p>\n","protected":false},"excerpt":{"rendered":"<p>El discurso de Milei contra el narcotr\u00e1fico se desmorona mientras un jefe de las fuerzas de seguridad bajo la \u00f3rbita de Patricia Bullrich es apresado con \u201cladrillos\u201d de coca\u00edna en Santiago del Estero. La doble moral del gobierno libertario vuelve a quedar al descubierto. El comandante de Gendarmer\u00eda, dependiente del Ministerio de Seguridad que conduce&#8230;<\/p>\n","protected":false},"author":11,"featured_media":9663,"comment_status":"open","ping_status":"open","sticky":false,"template":"","format":"standard","meta":{"_monsterinsights_skip_tracking":false,"_monsterinsights_sitenote_active":false,"_monsterinsights_sitenote_note":"","_monsterinsights_sitenote_category":0,"footnotes":"","jetpack_publicize_message":"","jetpack_publicize_feature_enabled":true,"jetpack_social_post_already_shared":true,"jetpack_social_options":{"image_generator_settings":{"template":"highway","default_image_id":0,"font":"","enabled":false},"version":2}},"categories":[2],"tags":[75,779,261,106,303,431],"class_list":["post-9662","post","type-post","status-publish","format-standard","has-post-thumbnail","hentry","category-politica","tag-corrupcion","tag-corrupcion-policial","tag-gendarmeria","tag-javier-milei","tag-narcotrafico","tag-patricia-bullrich"],"jetpack_publicize_connections":[],"_links":{"self":[{"href":"https:\/\/www.enorsai.com\/noticias\/wp-json\/wp\/v2\/posts\/9662","targetHints":{"allow":["GET"]}}],"collection":[{"href":"https:\/\/www.enorsai.com\/noticias\/wp-json\/wp\/v2\/posts"}],"about":[{"href":"https:\/\/www.enorsai.com\/noticias\/wp-json\/wp\/v2\/types\/post"}],"author":[{"embeddable":true,"href":"https:\/\/www.enorsai.com\/noticias\/wp-json\/wp\/v2\/users\/11"}],"replies":[{"embeddable":true,"href":"https:\/\/www.enorsai.com\/noticias\/wp-json\/wp\/v2\/comments?post=9662"}],"version-history":[{"count":1,"href":"https:\/\/www.enorsai.com\/noticias\/wp-json\/wp\/v2\/posts\/9662\/revisions"}],"predecessor-version":[{"id":9664,"href":"https:\/\/www.enorsai.com\/noticias\/wp-json\/wp\/v2\/posts\/9662\/revisions\/9664"}],"wp:featuredmedia":[{"embeddable":true,"href":"https:\/\/www.enorsai.com\/noticias\/wp-json\/wp\/v2\/media\/9663"}],"wp:attachment":[{"href":"https:\/\/www.enorsai.com\/noticias\/wp-json\/wp\/v2\/media?parent=9662"}],"wp:term":[{"taxonomy":"category","embeddable":true,"href":"https:\/\/www.enorsai.com\/noticias\/wp-json\/wp\/v2\/categories?post=9662"},{"taxonomy":"post_tag","embeddable":true,"href":"https:\/\/www.enorsai.com\/noticias\/wp-json\/wp\/v2\/tags?post=9662"}],"curies":[{"name":"wp","href":"https:\/\/api.w.org\/{rel}","templated":true}]}}