{"id":9659,"date":"2025-10-12T20:14:14","date_gmt":"2025-10-12T23:14:14","guid":{"rendered":"https:\/\/www.enorsai.com\/noticias\/?p=9659"},"modified":"2025-10-13T05:24:16","modified_gmt":"2025-10-13T08:24:16","slug":"varones-unidos-pablo-laurta-el-presentador-antifeminista-de-agustin-laje-detenido-por-doble-femicidio","status":"publish","type":"post","link":"https:\/\/www.enorsai.com\/noticias\/politica\/varones-unidos-pablo-laurta-el-presentador-antifeminista-de-agustin-laje-detenido-por-doble-femicidio\/","title":{"rendered":"\u201cVarones Unidos\u201d: Pablo Laurta, el presentador antifeminista de Agust\u00edn Laje detenido por doble femicidio"},"content":{"rendered":"\n<p>El uruguayo Pablo Laurta, vinculado al movimiento \u201cVarones Unidos\u201d y organizador de actos antifeministas en los que particip\u00f3 Agust\u00edn Laje, fue detenido en Gualeguaych\u00fa tras asesinar a su expareja y a su exsuegra en C\u00f3rdoba y huir con su hijo de cinco a\u00f1os. Su caso expone la violencia estructural que alimentan los discursos mis\u00f3ginos en nombre de una supuesta \u201cdefensa de los hombres\u201d.<br><br>El domingo 12 de octubre de 2025, un operativo conjunto de las polic\u00edas de C\u00f3rdoba y Entre R\u00edos puso fin a una de las b\u00fasquedas m\u00e1s intensas de los \u00faltimos a\u00f1os: Pablo Laurta, ciudadano uruguayo, fue detenido en el Hotel Berl\u00edn de Gualeguaych\u00fa, cuando intentaba cruzar el r\u00edo Uruguay con su hijo de cinco a\u00f1os tras haber asesinado brutalmente a su expareja, Luna Giardina, y a su exsuegra, Mariel Zamudio, en una vivienda del barrio Villa Cabrera, en C\u00f3rdoba capital. El ni\u00f1o, Pedro Teodoro Rodr\u00edguez Laurta, fue rescatado sano y salvo.<br><br>La captura de Laurta no s\u00f3lo cerr\u00f3 un caso policial, sino que abri\u00f3 una grieta pol\u00edtica y cultural: el principal sospechoso del doble femicidio no era un desconocido. Era un referente de los grupos antifeministas del R\u00edo de la Plata, promotor del colectivo \u201cVarones Unidos\u201d, y presentador ocasional en actos y conferencias donde se atacaba al feminismo y se reivindicaba una supuesta \u201ccrisis de la masculinidad\u201d. En 2018 hab\u00eda organizado un evento en Montevideo con la presencia de Agust\u00edn Laje y Nicol\u00e1s M\u00e1rquez, donde se difundieron consignas contra la educaci\u00f3n sexual integral y los derechos de las mujeres.<\/p>\n\n\n\n<figure class=\"wp-block-embed is-type-rich is-provider-twitter wp-block-embed-twitter\"><div class=\"wp-block-embed__wrapper\">\nhttps:\/\/twitter.com\/MalenaGalmarini\/status\/1977511464064909681?t=ROKK46qYxERMDMMtJNdmSA&#038;s=19\n<\/div><\/figure>\n\n\n\n<p><br><br>Seg\u00fan la prensa uruguaya, Laurta era un militante activo del discurso antifeminista, con presencia constante en redes sociales y medios digitales. Desde el grupo \u201cVarones Unidos\u201d, creado en Uruguay, impuls\u00f3 campa\u00f1as contra las pol\u00edticas de g\u00e9nero y denunci\u00f3 lo que \u00e9l llamaba \u201cjusticia feminista\u201d, un supuesto sistema judicial que, en su visi\u00f3n, favorece a las mujeres en los conflictos de pareja. Su perfil en redes mezclaba consignas de victimizaci\u00f3n masculina, mensajes conspirativos y una narrativa sistem\u00e1tica de odio hacia el feminismo. En paralelo, acumulaba denuncias por violencia de g\u00e9nero y antecedentes de conflictos judiciales con su ex pareja, a quien acusaba falsamente de \u201csecuestrar\u201d a su hijo.<br><br>Los portales uruguayos Montevideo.com.uy y El Patag\u00f3nico confirmaron que Laurta lleg\u00f3 a exponer en el Palacio Legislativo de Montevideo como miembro de \u201cVarones Unidos\u201d, compartiendo mesa con figuras ultraconservadoras como la legisladora Elsa Capillera y el abogado Hoenir Sarthou. Su discurso se centraba en atacar las leyes de protecci\u00f3n a las mujeres, el derecho al aborto y la educaci\u00f3n con perspectiva de g\u00e9nero. Era, en definitiva, parte del ecosistema ideol\u00f3gico que legitima la violencia machista desde el discurso p\u00fablico, amparado en la ret\u00f3rica de la \u201clibertad de expresi\u00f3n\u201d.<br><br>En las \u00faltimas horas, las redes sociales de Laurta y del colectivo \u201cVarones Unidos\u201d fueron eliminadas o puestas en modo privado. Sin embargo, decenas de capturas de pantalla revelan el tipo de contenido que difund\u00edan: mensajes que cuestionaban la existencia de femicidios, publicaciones que ridiculizaban las marchas del #NiUnaMenos, burlas hacia las v\u00edctimas de violencia de g\u00e9nero y llamados a \u201crecuperar el liderazgo masculino en la familia\u201d. En ese marco, la detenci\u00f3n de Laurta no aparece como un hecho aislado, sino como la consecuencia m\u00e1s tr\u00e1gica de un entramado de discursos que alimentan la impunidad simb\u00f3lica del machismo.<br><br>La conexi\u00f3n de Laurta con el entorno de Agust\u00edn Laje fue confirmada por el canal C5N, que record\u00f3 que el ahora detenido fue organizador y presentador de un evento de 2018 donde participaron Laje y Nicol\u00e1s M\u00e1rquez, referentes de la corriente ultraconservadora autodenominada \u201cantiprogresista\u201d. Aunque Laje no se ha pronunciado sobre el caso, el v\u00ednculo expone la cercan\u00eda entre la pr\u00e9dica intelectual del antifeminismo y sus efectos concretos en la vida cotidiana: un movimiento que se dice \u201cen defensa de los hombres\u201d, pero que termina justificando o naturalizando la violencia contra las mujeres.<br><br>La detenci\u00f3n de Laurta tambi\u00e9n deja al descubierto la expansi\u00f3n transnacional de estas redes antifeministas. \u201cVarones Unidos\u201d naci\u00f3 en Uruguay, pero desde hace a\u00f1os mantiene contactos con grupos libertarios argentinos, y participa activamente en debates p\u00fablicos donde se promueve la eliminaci\u00f3n de las pol\u00edticas de g\u00e9nero, la derogaci\u00f3n de leyes de violencia familiar y la persecuci\u00f3n de docentes y activistas feministas. Lo que antes se presentaba como un \u201cmovimiento cultural\u201d termin\u00f3, en este caso, en un doble asesinato con tintes de odio de g\u00e9nero.<br><br>Los medios uruguayos e internacionales coinciden en un punto: el caso de Pablo Laurta es una radiograf\u00eda del extremo al que pueden llegar los discursos que deshumanizan a las mujeres. El supuesto defensor de los \u201cderechos masculinos\u201d termin\u00f3 ejerciendo la m\u00e1xima forma de dominio patriarcal: el femicidio. Y su militancia antifeminista, antes legitimada por sectores conservadores, hoy aparece desnuda ante la evidencia de su violencia.<br><br>Mientras tanto, el hijo de Laurta, de apenas cinco a\u00f1os, permanece bajo resguardo del Estado, v\u00edctima colateral de una tragedia anunciada. Su padre, que hac\u00eda campa\u00f1a p\u00fablica denunciando el \u201csesgo feminista\u201d de la justicia, enfrenta ahora una causa penal por doble homicidio agravado por el v\u00ednculo y por mediar violencia de g\u00e9nero. El mismo hombre que se proclamaba portavoz de la \u201clucha contra la ideolog\u00eda de g\u00e9nero\u201d ser\u00e1 juzgado, precisamente, por ejercer la forma m\u00e1s brutal de esa ideolog\u00eda: el control y la aniquilaci\u00f3n de la mujer como expresi\u00f3n de poder.<br><br>Pablo Laurta, el presentador de actos antifeministas y militante de \u201cVarones Unidos\u201d, se convirti\u00f3 en el emblema de la violencia que predicaba. Su historia desbarata el mito del \u201cantifeminismo racional\u201d y demuestra que detr\u00e1s del discurso de la \u201cdefensa de los hombres\u201d se esconde, muchas veces, la justificaci\u00f3n de la violencia m\u00e1s cruel.<\/p>\n","protected":false},"excerpt":{"rendered":"<p>El uruguayo Pablo Laurta, vinculado al movimiento \u201cVarones Unidos\u201d y organizador de actos antifeministas en los que particip\u00f3 Agust\u00edn Laje, fue detenido en Gualeguaych\u00fa tras asesinar a su expareja y a su exsuegra en C\u00f3rdoba y huir con su hijo de cinco a\u00f1os. Su caso expone la violencia estructural que alimentan los discursos mis\u00f3ginos en&#8230;<\/p>\n","protected":false},"author":12,"featured_media":9658,"comment_status":"open","ping_status":"open","sticky":false,"template":"","format":"standard","meta":{"_monsterinsights_skip_tracking":false,"_monsterinsights_sitenote_active":false,"_monsterinsights_sitenote_note":"","_monsterinsights_sitenote_category":0,"footnotes":"","jetpack_publicize_message":"","jetpack_publicize_feature_enabled":true,"jetpack_social_post_already_shared":true,"jetpack_social_options":{"image_generator_settings":{"template":"highway","default_image_id":0,"font":"","enabled":false},"version":2}},"categories":[2,4],"tags":[3931,3935,3933,1451,3928,3930],"class_list":["post-9659","post","type-post","status-publish","format-standard","has-post-thumbnail","hentry","category-politica","category-sociedad","tag-agustin-laje","tag-antifeminismo","tag-doble-femicidio","tag-femicidio","tag-pablo-laurta","tag-varones-unidos"],"jetpack_publicize_connections":[],"_links":{"self":[{"href":"https:\/\/www.enorsai.com\/noticias\/wp-json\/wp\/v2\/posts\/9659","targetHints":{"allow":["GET"]}}],"collection":[{"href":"https:\/\/www.enorsai.com\/noticias\/wp-json\/wp\/v2\/posts"}],"about":[{"href":"https:\/\/www.enorsai.com\/noticias\/wp-json\/wp\/v2\/types\/post"}],"author":[{"embeddable":true,"href":"https:\/\/www.enorsai.com\/noticias\/wp-json\/wp\/v2\/users\/12"}],"replies":[{"embeddable":true,"href":"https:\/\/www.enorsai.com\/noticias\/wp-json\/wp\/v2\/comments?post=9659"}],"version-history":[{"count":1,"href":"https:\/\/www.enorsai.com\/noticias\/wp-json\/wp\/v2\/posts\/9659\/revisions"}],"predecessor-version":[{"id":9660,"href":"https:\/\/www.enorsai.com\/noticias\/wp-json\/wp\/v2\/posts\/9659\/revisions\/9660"}],"wp:featuredmedia":[{"embeddable":true,"href":"https:\/\/www.enorsai.com\/noticias\/wp-json\/wp\/v2\/media\/9658"}],"wp:attachment":[{"href":"https:\/\/www.enorsai.com\/noticias\/wp-json\/wp\/v2\/media?parent=9659"}],"wp:term":[{"taxonomy":"category","embeddable":true,"href":"https:\/\/www.enorsai.com\/noticias\/wp-json\/wp\/v2\/categories?post=9659"},{"taxonomy":"post_tag","embeddable":true,"href":"https:\/\/www.enorsai.com\/noticias\/wp-json\/wp\/v2\/tags?post=9659"}],"curies":[{"name":"wp","href":"https:\/\/api.w.org\/{rel}","templated":true}]}}