{"id":9648,"date":"2025-10-12T17:43:47","date_gmt":"2025-10-12T20:43:47","guid":{"rendered":"https:\/\/www.enorsai.com\/noticias\/?p=9648"},"modified":"2025-10-13T05:25:11","modified_gmt":"2025-10-13T08:25:11","slug":"el-trollcenter-libertario-contra-itai-hagman-cuando-el-odio-no-puede-disimular-su-fascismo","status":"publish","type":"post","link":"https:\/\/www.enorsai.com\/noticias\/politica\/el-trollcenter-libertario-contra-itai-hagman-cuando-el-odio-no-puede-disimular-su-fascismo\/","title":{"rendered":"El trollcenter libertario contra Itai Hagman: cuando el odio no puede disimular su fascismo"},"content":{"rendered":"\n<p>Mientras la maquinaria digital de Milei se activa para atacar al diputado de Uni\u00f3n por la Patria, guarda un silencio c\u00f3mplice frente a los esc\u00e1ndalos de su propio espacio: un candidato vinculado al narcotr\u00e1fico, un antisemita confeso, un ministro sospechado de encubrimiento en la causa AMIA y la misteriosa \u201ccomisi\u00f3n del 3%\u201d de Karina Milei.<br><br>La legisladora porte\u00f1a Victoria Freir\u00e9 desnud\u00f3 en redes el doble est\u00e1ndar moral del oficialismo y la hipocres\u00eda de sus \u201cguerreros digitales\u201d, que intentan ensuciar a quienes denuncian el genocidio en Gaza mientras callan ante la corrupci\u00f3n y el extremismo de su propio gobierno.<br><br>El ecosistema digital de Javier Milei volvi\u00f3 a mostrar su rostro m\u00e1s brutal. Apenas el diputado Itai Hagman cuestion\u00f3 el accionar del gobierno israel\u00ed en Gaza, la maquinaria de trolls libertarios se encendi\u00f3 con furia, intentando instalar una campa\u00f1a de odio y desinformaci\u00f3n. Sin embargo, la legisladora porte\u00f1a Victoria Freir\u00e9 desmont\u00f3 en un solo posteo la hipocres\u00eda estructural de ese mismo aparato de propaganda.<br><br>\u201cPrendieron el trollcenter para bardear a Itai, pero todav\u00eda no saben qu\u00e9 decir del narco de Espert, del antisemita de Fargosi, del ministro encubridor de la AMIA, ni del 3% de Karina\u201d, escribi\u00f3 Freir\u00e9, se\u00f1alando con precisi\u00f3n los agujeros morales del oficialismo. Su publicaci\u00f3n no s\u00f3lo puso en evidencia la doble vara con la que opera el gobierno, sino tambi\u00e9n la trama de encubrimientos y complicidades que se extiende en el entorno libertario.<\/p>\n\n\n\n<figure class=\"wp-block-embed is-type-rich is-provider-twitter wp-block-embed-twitter\"><div class=\"wp-block-embed__wrapper\">\n<blockquote class=\"twitter-tweet\" data-width=\"550\" data-dnt=\"true\"><p lang=\"es\" dir=\"ltr\">Prendieron el trollcenter para bardear a Itai, pero todav\u00eda no saben qu\u00e9 decir del narco de Espert, del antisemita de Fargosi, del ministro encubridor de la AMIA, ni del 3% de Karina. Itai naci\u00f3 en Israel durante el exilio de sus padres y hoy denuncia el genocidio en Gaza. No se\u2026 <a href=\"https:\/\/t.co\/6RG8irjH6x\">pic.twitter.com\/6RG8irjH6x<\/a><\/p>&mdash; Victoria Freire (@vicki_freire) <a href=\"https:\/\/twitter.com\/vicki_freire\/status\/1977026179761594718?ref_src=twsrc%5Etfw\">October 11, 2025<\/a><\/blockquote><script async src=\"https:\/\/platform.twitter.com\/widgets.js\" charset=\"utf-8\"><\/script>\n<\/div><\/figure>\n\n\n\n<p><br><br>Itai Hagman, nacido en Israel durante el exilio de sus padres argentinos perseguidos por la dictadura, se ha destacado por su mirada cr\u00edtica y humanista sobre el conflicto en Medio Oriente. Su postura, lejos de ser \u201cantijud\u00eda\u201d como intentan instalar los operadores libertarios, se enmarca en una tradici\u00f3n profundamente democr\u00e1tica y solidaria con los pueblos oprimidos. Pero para el oficialismo, cualquier disidencia frente a sus aliados internacionales \u2014en especial Netanyahu y la ultraderecha global\u2014 es motivo de persecuci\u00f3n discursiva.<br><br>Mientras los trolls atacan con virulencia a Hagman, el silencio reina ante los esc\u00e1ndalos internos de La Libertad Avanza. Nadie en el gobierno explica a\u00fan los v\u00ednculos del economista y diputado Jos\u00e9 Luis Espert con el empresario detenido por narcotr\u00e1fico Federico \u201cFred\u201d Machado, ni el papel de Alejandro Fargosi, ex candidato libertario, cuyas declaraciones antisemitas generaron repudio incluso dentro de su propio espacio. Tampoco se ha aclarado la situaci\u00f3n del ministro acusado de haber participado en el encubrimiento del atentado a la AMIA, ni la ya c\u00e9lebre \u201ccomisi\u00f3n del 3%\u201d que rodea a Karina Milei y las sospechas sobre el manejo discrecional de los fondos partidarios.<br><br>El discurso libertario, que se presenta como \u201canti-casta\u201d, se desmorona ante la evidencia de sus propios privilegios, negocios y pactos de impunidad. Freir\u00e9 apunt\u00f3 directamente a esa contradicci\u00f3n, denunciando que el oficialismo utiliza el aparato estatal y su red digital no para transparentar ni debatir, sino para perseguir a la oposici\u00f3n pol\u00edtica y a toda voz disidente.<br><br>El caso Hagman es paradigm\u00e1tico: un dirigente jud\u00edo que denuncia el genocidio en Gaza y defiende los derechos humanos es convertido en blanco de una campa\u00f1a de odio impulsada por un gobierno que se refugia en el cinismo. \u201cNo se entiende si les molesta m\u00e1s lo primero o lo segundo. En cualquiera de los dos casos, son unos fascistas repugnantes\u201d, escribi\u00f3 Freir\u00e9, sintetizando el sentir de una gran parte de la sociedad que asiste con preocupaci\u00f3n al avance de la intolerancia como herramienta de gobierno.<br><br>La estrategia es clara: instalar enemigos, generar confusi\u00f3n, distraer la atenci\u00f3n de los verdaderos problemas \u2014la inflaci\u00f3n descontrolada, el ajuste, el hambre y el desmantelamiento del Estado\u2014, y alimentar el odio como pegamento ideol\u00f3gico. Pero los hechos son testarudos, y cada nuevo intento de manipulaci\u00f3n expone un poco m\u00e1s la degradaci\u00f3n moral de quienes hoy ocupan el poder.<br><br>El pr\u00f3ximo 26 de octubre, record\u00f3 Freir\u00e9, \u201ctambi\u00e9n se vota para que los fachos vuelvan al closet\u201d. No se trata s\u00f3lo de una consigna electoral, sino de una advertencia sobre el tipo de sociedad que se est\u00e1 disputando: una en la que la libertad se utiliza como m\u00e1scara del autoritarismo, o una en la que los derechos humanos, la memoria y la solidaridad sigan siendo pilares de la democracia.<br><br>Porque detr\u00e1s del trollcenter libertario no hay ideas, ni debate, ni \u00e9tica. Hay apenas odio organizado, dirigido desde arriba y sostenido con fondos p\u00fablicos. Y frente a eso, como demuestra la valent\u00eda de dirigentes como Itai Hagman y Victoria Freir\u00e9, el silencio no puede ser una opci\u00f3n.<\/p>\n","protected":false},"excerpt":{"rendered":"<p>Mientras la maquinaria digital de Milei se activa para atacar al diputado de Uni\u00f3n por la Patria, guarda un silencio c\u00f3mplice frente a los esc\u00e1ndalos de su propio espacio: un candidato vinculado al narcotr\u00e1fico, un antisemita confeso, un ministro sospechado de encubrimiento en la causa AMIA y la misteriosa \u201ccomisi\u00f3n del 3%\u201d de Karina Milei&#8230;.<\/p>\n","protected":false},"author":9,"featured_media":9647,"comment_status":"open","ping_status":"open","sticky":false,"template":"","format":"standard","meta":{"_monsterinsights_skip_tracking":false,"_monsterinsights_sitenote_active":false,"_monsterinsights_sitenote_note":"","_monsterinsights_sitenote_category":0,"footnotes":"","jetpack_publicize_message":"","jetpack_publicize_feature_enabled":true,"jetpack_social_post_already_shared":true,"jetpack_social_options":{"image_generator_settings":{"template":"highway","default_image_id":0,"font":"","enabled":false},"version":2}},"categories":[2],"tags":[3938,3902,106,3937,3936],"class_list":["post-9648","post","type-post","status-publish","format-standard","has-post-thumbnail","hentry","category-politica","tag-fascismo-digital","tag-itai-hagman","tag-javier-milei","tag-trollcenter-libertario","tag-victoria-freire"],"jetpack_publicize_connections":[],"_links":{"self":[{"href":"https:\/\/www.enorsai.com\/noticias\/wp-json\/wp\/v2\/posts\/9648","targetHints":{"allow":["GET"]}}],"collection":[{"href":"https:\/\/www.enorsai.com\/noticias\/wp-json\/wp\/v2\/posts"}],"about":[{"href":"https:\/\/www.enorsai.com\/noticias\/wp-json\/wp\/v2\/types\/post"}],"author":[{"embeddable":true,"href":"https:\/\/www.enorsai.com\/noticias\/wp-json\/wp\/v2\/users\/9"}],"replies":[{"embeddable":true,"href":"https:\/\/www.enorsai.com\/noticias\/wp-json\/wp\/v2\/comments?post=9648"}],"version-history":[{"count":1,"href":"https:\/\/www.enorsai.com\/noticias\/wp-json\/wp\/v2\/posts\/9648\/revisions"}],"predecessor-version":[{"id":9649,"href":"https:\/\/www.enorsai.com\/noticias\/wp-json\/wp\/v2\/posts\/9648\/revisions\/9649"}],"wp:featuredmedia":[{"embeddable":true,"href":"https:\/\/www.enorsai.com\/noticias\/wp-json\/wp\/v2\/media\/9647"}],"wp:attachment":[{"href":"https:\/\/www.enorsai.com\/noticias\/wp-json\/wp\/v2\/media?parent=9648"}],"wp:term":[{"taxonomy":"category","embeddable":true,"href":"https:\/\/www.enorsai.com\/noticias\/wp-json\/wp\/v2\/categories?post=9648"},{"taxonomy":"post_tag","embeddable":true,"href":"https:\/\/www.enorsai.com\/noticias\/wp-json\/wp\/v2\/tags?post=9648"}],"curies":[{"name":"wp","href":"https:\/\/api.w.org\/{rel}","templated":true}]}}