{"id":9629,"date":"2025-10-12T10:30:42","date_gmt":"2025-10-12T13:30:42","guid":{"rendered":"https:\/\/www.enorsai.com\/noticias\/?p=9629"},"modified":"2025-10-12T10:30:52","modified_gmt":"2025-10-12T13:30:52","slug":"jorge-taiana-la-verdadera-modernizacion-no-consiste-en-flexibilizar-al-trabajador-sino-en-construir-un-marco-laboral-mas-justo","status":"publish","type":"post","link":"https:\/\/www.enorsai.com\/noticias\/uncategorized\/jorge-taiana-la-verdadera-modernizacion-no-consiste-en-flexibilizar-al-trabajador-sino-en-construir-un-marco-laboral-mas-justo\/","title":{"rendered":"Jorge Taiana: \u201cLa verdadera modernizaci\u00f3n no consiste en flexibilizar al trabajador, sino en construir un marco laboral m\u00e1s justo\u201d"},"content":{"rendered":"\n<p>El candidato de Fuerza Patria critic\u00f3 con dureza la reforma laboral y tributaria anunciada por el Gobierno, denunciando la falta de di\u00e1logo con sindicatos, pymes y trabajadores, y advirtiendo que el proyecto profundiza la precarizaci\u00f3n y recorta derechos.<\/p>\n\n\n\n<p>En un contexto de creciente tensi\u00f3n social, Jorge Taiana se pronunci\u00f3 contra la reforma impulsada por Javier Milei, se\u00f1alando que no responde a los desaf\u00edos del siglo XXI, sino que busca retroceder en derechos conquistados. El ex canciller sostuvo que la modernizaci\u00f3n debe basarse en el consenso, la inclusi\u00f3n y el respeto a la dignidad laboral.<\/p>\n\n\n\n<p>El candidato de <strong>Fuerza Patria<\/strong>, <strong>Jorge Taiana<\/strong>, expres\u00f3 su rechazo al anuncio del Gobierno de Javier Milei de avanzar con una <strong>reforma laboral y tributaria sin abrir canales de di\u00e1logo<\/strong> con los sectores involucrados. Seg\u00fan Taiana, el Ejecutivo act\u00faa con una l\u00f3gica autoritaria que excluye deliberadamente a los <strong>trabajadores, sindicatos y pymes<\/strong>, sectores que ser\u00e1n directamente afectados por las medidas.<\/p>\n\n\n\n<p>\u201cEl Gobierno anunci\u00f3 una reforma laboral y tributaria sin abrir instancias de di\u00e1logo ni de construcci\u00f3n colectiva con los sectores que se ver\u00e1n directamente afectados\u201d, escribi\u00f3 Taiana en su cuenta de X, y agreg\u00f3 que se trata de \u201cuna iniciativa que, en lugar de adecuar las leyes a los nuevos desaf\u00edos del mundo del trabajo, avanza en la quita de derechos conquistados, debilitando las condiciones laborales y profundizando la precarizaci\u00f3n\u201d.<\/p>\n\n\n\n<figure class=\"wp-block-embed is-type-rich is-provider-twitter wp-block-embed-twitter\"><div class=\"wp-block-embed__wrapper\">\n<blockquote class=\"twitter-tweet\" data-width=\"550\" data-dnt=\"true\"><p lang=\"es\" dir=\"ltr\">El Gobierno anunci\u00f3 una reforma laboral y tributaria sin abrir instancias de di\u00e1logo ni de construcci\u00f3n colectiva con los sectores que se ver\u00e1n directamente afectados: trabajadores, sindicatos y pymes. Se trata de una iniciativa que, en lugar de adecuar las leyes a los nuevos\u2026 <a href=\"https:\/\/t.co\/gqTalGoHg5\">pic.twitter.com\/gqTalGoHg5<\/a><\/p>&mdash; Jorge Taiana (@JorgeTaiana) <a href=\"https:\/\/twitter.com\/JorgeTaiana\/status\/1977352295462392054?ref_src=twsrc%5Etfw\">October 12, 2025<\/a><\/blockquote><script async src=\"https:\/\/platform.twitter.com\/widgets.js\" charset=\"utf-8\"><\/script>\n<\/div><\/figure>\n\n\n\n<p>El dirigente peronista se\u00f1al\u00f3 que <strong>la Argentina s\u00ed necesita una reforma laboral<\/strong>, pero no una orientada a destruir conquistas hist\u00f3ricas sino a <strong>ampliar derechos y adaptarse a las nuevas formas de empleo<\/strong>. \u201cDebe contemplar el trabajo digital, las econom\u00edas del cuidado y los desaf\u00edos de la automatizaci\u00f3n\u201d, precis\u00f3, al tiempo que defendi\u00f3 la necesidad de promover \u201cempleo digno, con protecci\u00f3n social, estabilidad y salarios justos\u201d.<\/p>\n\n\n\n<p>Taiana tambi\u00e9n destac\u00f3 el encuentro que mantuvo en <strong>Mar del Plata con los candidatos y candidatas de Fuerza Patria<\/strong>, donde escucharon a trabajadores de distintos sectores productivos. Desde all\u00ed, remarc\u00f3 que <strong>el pa\u00eds no puede avanzar sobre la base del ajuste y la desprotecci\u00f3n<\/strong>, y cuestion\u00f3 duramente la orientaci\u00f3n neoliberal del plan oficial: \u201cLa verdadera modernizaci\u00f3n no consiste en flexibilizar al trabajador, sino en construir un marco laboral m\u00e1s justo, inclusivo y solidario\u201d.<\/p>\n\n\n\n<p>En su mensaje, el ex canciller insisti\u00f3 en que <strong>ninguna transformaci\u00f3n estructural ser\u00e1 leg\u00edtima ni sostenible si no surge del consenso social<\/strong>. Por el contrario, advirti\u00f3 que las pol\u00edticas unilaterales del Gobierno solo profundizar\u00e1n la desigualdad y la concentraci\u00f3n econ\u00f3mica. \u201cSolo una reforma progresiva, fruto del consenso social, podr\u00e1 fortalecer el empleo y garantizar un futuro con dignidad para todos y todas\u201d, concluy\u00f3.<\/p>\n\n\n\n<p>Las declaraciones de Taiana se enmarcan en un escenario de fuerte resistencia sindical y empresarial frente a la reforma impulsada por Milei, que pretende <strong>reducir las indemnizaciones, ampliar los per\u00edodos de prueba y flexibilizar las condiciones de contrataci\u00f3n<\/strong>, bajo el argumento de \u201cmodernizar el mercado laboral\u201d. Sin embargo, para amplios sectores del mundo del trabajo, lo que se esconde detr\u00e1s de ese discurso es un <strong>retroceso de d\u00e9cadas en materia de derechos y protecci\u00f3n social<\/strong>.<\/p>\n\n\n\n<p>El planteo de Taiana interpela directamente al n\u00facleo del debate pol\u00edtico actual: <strong>\u00bfqu\u00e9 tipo de pa\u00eds quiere construir la Argentina?<\/strong> Uno que profundice el ajuste y la desprotecci\u00f3n, o uno que apueste por un <strong>modelo inclusivo, con trabajo digno y derechos garantizados<\/strong>. Frente a un Gobierno que concibe la competitividad como sin\u00f3nimo de precarizaci\u00f3n, su propuesta apunta a rescatar el sentido hist\u00f3rico del peronismo: que el trabajo no sea una variable de ajuste, sino el motor del desarrollo nacional.<\/p>\n","protected":false},"excerpt":{"rendered":"<p>El candidato de Fuerza Patria critic\u00f3 con dureza la reforma laboral y tributaria anunciada por el Gobierno, denunciando la falta de di\u00e1logo con sindicatos, pymes y trabajadores, y advirtiendo que el proyecto profundiza la precarizaci\u00f3n y recorta derechos. En un contexto de creciente tensi\u00f3n social, Jorge Taiana se pronunci\u00f3 contra la reforma impulsada por Javier&#8230;<\/p>\n","protected":false},"author":13,"featured_media":9631,"comment_status":"open","ping_status":"open","sticky":false,"template":"","format":"standard","meta":{"_monsterinsights_skip_tracking":false,"_monsterinsights_sitenote_active":false,"_monsterinsights_sitenote_note":"","_monsterinsights_sitenote_category":0,"footnotes":"","jetpack_publicize_message":"","jetpack_publicize_feature_enabled":true,"jetpack_social_post_already_shared":true,"jetpack_social_options":{"image_generator_settings":{"template":"highway","default_image_id":0,"font":"","enabled":false},"version":2}},"categories":[1],"tags":[],"class_list":["post-9629","post","type-post","status-publish","format-standard","has-post-thumbnail","hentry","category-uncategorized"],"jetpack_publicize_connections":[],"_links":{"self":[{"href":"https:\/\/www.enorsai.com\/noticias\/wp-json\/wp\/v2\/posts\/9629","targetHints":{"allow":["GET"]}}],"collection":[{"href":"https:\/\/www.enorsai.com\/noticias\/wp-json\/wp\/v2\/posts"}],"about":[{"href":"https:\/\/www.enorsai.com\/noticias\/wp-json\/wp\/v2\/types\/post"}],"author":[{"embeddable":true,"href":"https:\/\/www.enorsai.com\/noticias\/wp-json\/wp\/v2\/users\/13"}],"replies":[{"embeddable":true,"href":"https:\/\/www.enorsai.com\/noticias\/wp-json\/wp\/v2\/comments?post=9629"}],"version-history":[{"count":1,"href":"https:\/\/www.enorsai.com\/noticias\/wp-json\/wp\/v2\/posts\/9629\/revisions"}],"predecessor-version":[{"id":9633,"href":"https:\/\/www.enorsai.com\/noticias\/wp-json\/wp\/v2\/posts\/9629\/revisions\/9633"}],"wp:featuredmedia":[{"embeddable":true,"href":"https:\/\/www.enorsai.com\/noticias\/wp-json\/wp\/v2\/media\/9631"}],"wp:attachment":[{"href":"https:\/\/www.enorsai.com\/noticias\/wp-json\/wp\/v2\/media?parent=9629"}],"wp:term":[{"taxonomy":"category","embeddable":true,"href":"https:\/\/www.enorsai.com\/noticias\/wp-json\/wp\/v2\/categories?post=9629"},{"taxonomy":"post_tag","embeddable":true,"href":"https:\/\/www.enorsai.com\/noticias\/wp-json\/wp\/v2\/tags?post=9629"}],"curies":[{"name":"wp","href":"https:\/\/api.w.org\/{rel}","templated":true}]}}