{"id":9610,"date":"2025-10-11T18:53:26","date_gmt":"2025-10-11T21:53:26","guid":{"rendered":"https:\/\/www.enorsai.com\/noticias\/?p=9610"},"modified":"2025-10-11T19:08:48","modified_gmt":"2025-10-11T22:08:48","slug":"el-negacionismo-libertario-no-tiene-limites-sabrina-ajmechet-pidio-eliminar-el-feriado-por-malvinas","status":"publish","type":"post","link":"https:\/\/www.enorsai.com\/noticias\/politica\/el-negacionismo-libertario-no-tiene-limites-sabrina-ajmechet-pidio-eliminar-el-feriado-por-malvinas\/","title":{"rendered":"El negacionismo libertario no tiene l\u00edmites: Sabrina Ajmechet pidi\u00f3 eliminar el feriado por Malvinas"},"content":{"rendered":"\n<p>La diputada nacional por la Ciudad de Buenos Aires, Sabrina Ajmechet, vuelve a estar en el centro de la pol\u00e9mica por un viejo y repudiable mensaje que hoy cobra m\u00e1s vigencia que nunca. En un posteo publicado en la red social X (entonces Twitter) el 2 de abril de 2014, escribi\u00f3:<br><br><strong><em>\u201cOjal\u00e1 pronto el 2 de abril sea simplemente el 2 de abril, un d\u00eda que la gente va a trabajar y los chicos al colegio.\u201d<\/em><\/strong><br><br>Aunque el mensaje tiene m\u00e1s de una d\u00e9cada, su contenido revela con precisi\u00f3n quir\u00fargica la matriz ideol\u00f3gica y cultural que hoy domina el espacio de Javier Milei. En aquel entonces Ajmechet no era diputada ni funcionaria, pero ya expresaba sin filtros lo que hoy constituye el pensamiento oficial del bloque libertario: el desprecio por la memoria, la negaci\u00f3n de la soberan\u00eda y el intento de borrar los s\u00edmbolos nacionales que unen al pueblo argentino.<br><br>La publicaci\u00f3n, que reaparece cada a\u00f1o cuando el pa\u00eds recuerda el D\u00eda del Veterano y de los Ca\u00eddos en la Guerra de Malvinas, condensa una idea brutal: que el sacrificio de quienes dieron la vida por la Patria puede reducirse a un d\u00eda com\u00fan. Es la banalizaci\u00f3n del dolor nacional elevada a categor\u00eda pol\u00edtica.<br><\/p>\n\n\n\n<figure class=\"wp-block-embed is-type-rich is-provider-twitter wp-block-embed-twitter\"><div class=\"wp-block-embed__wrapper\">\nhttps:\/\/twitter.com\/ajmechet\/status\/451193678401634304?t=k7L90iImfysYTMHBuuUscg&#038;s=19\n<\/div><\/figure>\n\n\n\n<p><br><strong>Una \u201cdoctora en historia\u201d que niega la historia<\/strong><br><br>Ajmechet, que se presenta como \u201cdoctora en historia\u201d, parece haber olvidado los fundamentos mismos de su disciplina. La guerra de 1982, m\u00e1s all\u00e1 de la dictadura que la impuls\u00f3, forma parte de un reclamo hist\u00f3rico, diplom\u00e1tico y colectivo que atraviesa todas las generaciones.<\/p>\n\n\n\n<p>Desear que el 2 de abril \u201csea un d\u00eda m\u00e1s\u201d equivale a destruir uno de los pilares simb\u00f3licos de la soberan\u00eda argentina y a minimizar el sacrificio de los veteranos y de sus familias.<br><br>Pero m\u00e1s all\u00e1 del repudio generalizado que gener\u00f3 en su momento, la frase hoy funciona como una advertencia. Porque no se trata de un comentario aislado, sino de la expresi\u00f3n temprana del pensamiento oscuro de quienes hoy gobiernan o acompa\u00f1an al oficialismo libertario.<\/p>\n\n\n\n<figure class=\"wp-block-embed is-type-rich is-provider-twitter wp-block-embed-twitter\"><div class=\"wp-block-embed__wrapper\">\n<blockquote class=\"twitter-tweet\" data-width=\"550\" data-dnt=\"true\"><p lang=\"es\" dir=\"ltr\">Esta quiere eliminar el D\u00eda del Veterano y de los Ca\u00eddos en la Guerra de Malvinas. Invotable <a href=\"https:\/\/t.co\/p9PgZOhhIg\">https:\/\/t.co\/p9PgZOhhIg<\/a> <a href=\"https:\/\/t.co\/KZCbcN5UMK\">pic.twitter.com\/KZCbcN5UMK<\/a><\/p>&mdash; Arrepentidos de Milei (@ArrepentidosLLA) <a href=\"https:\/\/twitter.com\/ArrepentidosLLA\/status\/1977120335825617371?ref_src=twsrc%5Etfw\">October 11, 2025<\/a><\/blockquote><script async src=\"https:\/\/platform.twitter.com\/widgets.js\" charset=\"utf-8\"><\/script>\n<\/div><\/figure>\n\n\n\n<p><br><br><strong>Una ideolog\u00eda que desprecia la memoria<\/strong><br><br>La diputada Ajmechet ha demostrado reiteradamente su desprecio por los consensos hist\u00f3ricos de la democracia argentina. En otras oportunidades, relativiz\u00f3 los cr\u00edmenes de la dictadura, cuestion\u00f3 el significado del 24 de marzo y hasta puso en duda la existencia de una identidad nacional.<\/p>\n\n\n\n<p>Su postura responde a una visi\u00f3n neoliberal y colonial, que asocia la memoria con el atraso y la soberan\u00eda con un \u201ccosto pol\u00edtico\u201d que el mercado no puede permitir.<br><br>Por eso su mensaje de 2014 no puede leerse como un error de juventud o un exceso de redes sociales. Al contrario: fue una declaraci\u00f3n ideol\u00f3gica coherente con el modelo de pa\u00eds que hoy intenta consolidar Milei, donde todo se mide en t\u00e9rminos de rentabilidad y nada tiene valor simb\u00f3lico o hist\u00f3rico.<\/p>\n\n\n\n<figure class=\"wp-block-embed is-type-rich is-provider-twitter wp-block-embed-twitter\"><div class=\"wp-block-embed__wrapper\">\n<blockquote class=\"twitter-tweet\" data-width=\"550\" data-dnt=\"true\"><p lang=\"qme\" dir=\"ltr\"> <a href=\"https:\/\/t.co\/Y3k3BLX0yy\">pic.twitter.com\/Y3k3BLX0yy<\/a><\/p>&mdash; Carlos maslatin (@CMaslatin) <a href=\"https:\/\/twitter.com\/CMaslatin\/status\/1977124089941860735?ref_src=twsrc%5Etfw\">October 11, 2025<\/a><\/blockquote><script async src=\"https:\/\/platform.twitter.com\/widgets.js\" charset=\"utf-8\"><\/script>\n<\/div><\/figure>\n\n\n\n<p><br><br><strong>El 2 de abril no se toca<\/strong><br><br>El D\u00eda del Veterano y de los Ca\u00eddos en la Guerra de Malvinas no es solo un feriado. Es un acto de justicia y memoria colectiva. Es el momento en que el pa\u00eds rinde homenaje a quienes defendieron la bandera en condiciones inhumanas, muchos de los cuales fueron abandonados por el Estado y luego estigmatizados por la indiferencia social.<br><br>Convertir ese d\u00eda en \u201cuno m\u00e1s\u201d ser\u00eda un insulto a la historia, a los veteranos y al pueblo argentino. Y escuchar esas palabras en boca de una representante del Congreso Nacional resulta una ofensa a la democracia misma.<br><br><strong>Recordar para no volver atr\u00e1s<\/strong><br><br>El mensaje de Sabrina Ajmechet del 2 de abril de 2014 debe ser recordado, no por morbo ni revancha, sino como evidencia del pensamiento real que habita detr\u00e1s del discurso libertario.<br>Porque lo que entonces parec\u00eda una provocaci\u00f3n de redes sociales hoy se convirti\u00f3 en pol\u00edtica de Estado: desfinanciar la educaci\u00f3n, vaciar la cultura, negar la historia y relativizar la soberan\u00eda.<br><br>Olvidar ese tuit ser\u00eda aceptar su deseo: que el 2 de abril \u201csea un d\u00eda cualquiera\u201d.<br>Recordarlo, en cambio, es un acto de resistencia y memoria colectiva frente a la antipatria que hoy gobierna.<\/p>\n","protected":false},"excerpt":{"rendered":"<p>La diputada nacional por la Ciudad de Buenos Aires, Sabrina Ajmechet, vuelve a estar en el centro de la pol\u00e9mica por un viejo y repudiable mensaje que hoy cobra m\u00e1s vigencia que nunca. En un posteo publicado en la red social X (entonces Twitter) el 2 de abril de 2014, escribi\u00f3: \u201cOjal\u00e1 pronto el 2&#8230;<\/p>\n","protected":false},"author":2,"featured_media":9609,"comment_status":"open","ping_status":"open","sticky":false,"template":"","format":"standard","meta":{"_monsterinsights_skip_tracking":false,"_monsterinsights_sitenote_active":false,"_monsterinsights_sitenote_note":"","_monsterinsights_sitenote_category":0,"footnotes":"","jetpack_publicize_message":"","jetpack_publicize_feature_enabled":true,"jetpack_social_post_already_shared":true,"jetpack_social_options":{"image_generator_settings":{"template":"highway","default_image_id":0,"font":"","enabled":false},"version":2}},"categories":[2],"tags":[],"class_list":["post-9610","post","type-post","status-publish","format-standard","has-post-thumbnail","hentry","category-politica"],"jetpack_publicize_connections":[],"_links":{"self":[{"href":"https:\/\/www.enorsai.com\/noticias\/wp-json\/wp\/v2\/posts\/9610","targetHints":{"allow":["GET"]}}],"collection":[{"href":"https:\/\/www.enorsai.com\/noticias\/wp-json\/wp\/v2\/posts"}],"about":[{"href":"https:\/\/www.enorsai.com\/noticias\/wp-json\/wp\/v2\/types\/post"}],"author":[{"embeddable":true,"href":"https:\/\/www.enorsai.com\/noticias\/wp-json\/wp\/v2\/users\/2"}],"replies":[{"embeddable":true,"href":"https:\/\/www.enorsai.com\/noticias\/wp-json\/wp\/v2\/comments?post=9610"}],"version-history":[{"count":1,"href":"https:\/\/www.enorsai.com\/noticias\/wp-json\/wp\/v2\/posts\/9610\/revisions"}],"predecessor-version":[{"id":9611,"href":"https:\/\/www.enorsai.com\/noticias\/wp-json\/wp\/v2\/posts\/9610\/revisions\/9611"}],"wp:featuredmedia":[{"embeddable":true,"href":"https:\/\/www.enorsai.com\/noticias\/wp-json\/wp\/v2\/media\/9609"}],"wp:attachment":[{"href":"https:\/\/www.enorsai.com\/noticias\/wp-json\/wp\/v2\/media?parent=9610"}],"wp:term":[{"taxonomy":"category","embeddable":true,"href":"https:\/\/www.enorsai.com\/noticias\/wp-json\/wp\/v2\/categories?post=9610"},{"taxonomy":"post_tag","embeddable":true,"href":"https:\/\/www.enorsai.com\/noticias\/wp-json\/wp\/v2\/tags?post=9610"}],"curies":[{"name":"wp","href":"https:\/\/api.w.org\/{rel}","templated":true}]}}