{"id":9600,"date":"2025-10-11T12:58:12","date_gmt":"2025-10-11T15:58:12","guid":{"rendered":"https:\/\/www.enorsai.com\/noticias\/?p=9600"},"modified":"2025-10-11T14:42:23","modified_gmt":"2025-10-11T17:42:23","slug":"le-avise-dos-veces-a-lule-menem-y-karina-milei-que-lorena-villaverde-tenia-10-causas-judiciales-y-que-estuvo-presa-por-drogas","status":"publish","type":"post","link":"https:\/\/www.enorsai.com\/noticias\/politica\/le-avise-dos-veces-a-lule-menem-y-karina-milei-que-lorena-villaverde-tenia-10-causas-judiciales-y-que-estuvo-presa-por-drogas\/","title":{"rendered":"\u00abLe avis\u00e9 DOS VECES a Lule Menem y Karina Milei que Lorena Villaverde ten\u00eda 10 causas judiciales y que estuvo presa\u201d por drogas"},"content":{"rendered":"\n<p><br \/>El fundador de La Libertad Avanza en R\u00edo Negro, Sergio Rivero, confirm\u00f3 que advirti\u00f3 a Karina Milei y Lule Menem sobre las causas judiciales de la \u201cnarco diputada\u201d Lorena Villaverde.<br \/><br \/>El esc\u00e1ndalo que rodea al armado libertario en la Patagonia no para de crecer. En las \u00faltimas horas, el propio fundador de La Libertad Avanza en R\u00edo Negro revel\u00f3 en redes sociales que advirti\u00f3 personalmente, en dos oportunidades, a Karina Milei y Eduardo \u201cLule\u201d Menem sobre la situaci\u00f3n judicial de Lorena Villaverde, la pol\u00e9mica dirigente libertaria vinculada al narco empresario Fred Machado.<br \/><br \/><em>\u201c<\/em><em><strong>Yo le avis\u00e9 DOS VECES a Lule Menem y Karina Milei que Lorena Villaverde ten\u00eda 10 causas judiciales y que estuvo presa<\/strong><\/em><em>\u201d,<\/em> public\u00f3 el dirigente en la red social X.<br \/><br \/>La declaraci\u00f3n de Rivero confirma lo que distintos sectores pol\u00edticos y judiciales ven\u00edan se\u00f1alando: que la c\u00fapula de La Libertad Avanza conoc\u00eda el prontuario de Villaverde, pero decidi\u00f3 avanzar igual con su incorporaci\u00f3n al armado pol\u00edtico en el sur del pa\u00eds.<br \/><br \/>Villaverde, apodada por muchos como la \u201cnarco diputada\u201d, fue denunciada p\u00fablicamente por mantener v\u00ednculos directos con Fred Machado, un empresario investigado por lavado de dinero y narcotr\u00e1fico internacional, actualmente pr\u00f3fugo de la Justicia. Machado es recordado por su red de sociedades offshore y sus v\u00ednculos con la compra irregular de combustibles y aeronaves para el traslado de droga.<\/p>\n\n\n\n<figure class=\"wp-block-embed is-type-rich is-provider-twitter wp-block-embed-twitter\"><div class=\"wp-block-embed__wrapper\">\n<blockquote class=\"twitter-tweet\" data-width=\"550\" data-dnt=\"true\"><p lang=\"es\" dir=\"ltr\">&quot;Yo le avis\u00e9 DOS VECES a Lule Menem y Karina Milei que Lorena Villaverde ten\u00eda 10 causas judiciales y que estuvo presa&quot;<br><br>El FUNDADOR de La Libertad Avanza en R\u00edo Negro confirma que avis\u00f3 en persona que estaban metiendo a la esposa del testaferro de Fred Machado. Todos narcos <a href=\"https:\/\/t.co\/uR5S4KEFSn\">pic.twitter.com\/uR5S4KEFSn<\/a><\/p>&mdash; Arrepentidos de Milei (@ArrepentidosLLA) <a href=\"https:\/\/twitter.com\/ArrepentidosLLA\/status\/1977030680170414149?ref_src=twsrc%5Etfw\">October 11, 2025<\/a><\/blockquote><script async src=\"https:\/\/platform.twitter.com\/widgets.js\" charset=\"utf-8\"><\/script>\n<\/div><\/figure>\n\n\n\n<p><br>La diputada libertaria, que intent\u00f3 despegarse del esc\u00e1ndalo, habr\u00eda sido respaldada por la estructura interna m\u00e1s cercana a Karina Milei, incluso luego de que trascendieran las denuncias que pesan sobre ella. Seg\u00fan el fundador rionegrino del partido, su advertencia fue completamente ignorada por el entorno presidencial.<br><br>\u201cTodos narcos\u201d, cerr\u00f3 su publicaci\u00f3n el dirigente, reflejando el clima de descomposici\u00f3n pol\u00edtica que atraviesa el oficialismo.<br><br>El caso Villaverde vuelve a poner bajo la lupa la red de negocios y relaciones peligrosas que rodean a algunos funcionarios y aliados de Javier Milei. Ya se hab\u00edan se\u00f1alado conexiones entre Hern\u00e1n N\u00fa\u00f1ez, funcionario designado por la ministra Sandra Pettovello, y Claudio Ciccarelli, primo de Fred Machado, lo que dibuja un mapa de v\u00ednculos cruzados entre narcotr\u00e1fico, pol\u00edtica y poder econ\u00f3mico.<br><br>A pesar de la gravedad del asunto, desde la Casa Rosada no hubo declaraciones oficiales, ni de Karina Milei ni de Lule Menem. El silencio vuelve a ser la estrategia elegida por el gobierno ante una denuncia que compromete a su propio armado partidario.<\/p>\n\n\n\n<figure class=\"wp-block-embed is-type-rich is-provider-twitter wp-block-embed-twitter\"><div class=\"wp-block-embed__wrapper\">\n<blockquote class=\"twitter-tweet\" data-width=\"550\" data-dnt=\"true\"><p lang=\"es\" dir=\"ltr\">\ud83d\udcc4\ud83d\udca5 Apareci\u00f3 la documentaci\u00f3n que acredita que una diputada libertaria y candidata a senadora nacional, fue encontrada con casi medio kilo de coca\u00edna en EEUU. Se llama Lorena Villaverde y es la pareja de Claudio Ciccarelli, primo de Fred Machado, y tambi\u00e9n socio del due\u00f1o de\u2026 <a href=\"https:\/\/t.co\/J6BTB4EUrF\">pic.twitter.com\/J6BTB4EUrF<\/a><\/p>&mdash; El Prensero (@El_Prensero) <a href=\"https:\/\/twitter.com\/El_Prensero\/status\/1976991806249120192?ref_src=twsrc%5Etfw\">October 11, 2025<\/a><\/blockquote><script async src=\"https:\/\/platform.twitter.com\/widgets.js\" charset=\"utf-8\"><\/script>\n<\/div><\/figure>\n\n\n\n<p><br><br>Lo cierto es que este nuevo testimonio desnuda el coraz\u00f3n del proyecto libertario, que se presenta como adalid de la \u201canticasta\u201d pero termina rodeado de personajes con pasado judicial, v\u00ednculos con el crimen organizado y causas por lavado y narcotr\u00e1fico.<br><br>Mientras tanto, los libertarios intentan controlar el da\u00f1o interno y evitar que la historia de Villaverde siga salpicando al n\u00facleo duro del poder: Karina Milei, la secretaria general de la Presidencia, y su mano derecha, Lule Menem.<br><br>La denuncia del fundador rionegrino podr\u00eda derivar en una investigaci\u00f3n judicial y pol\u00edtica sobre el proceso de selecci\u00f3n de candidatos y funcionarios dentro de La Libertad Avanza. En otras palabras, qui\u00e9n y por qu\u00e9 permiti\u00f3 que una dirigente con 10 causas judiciales terminara en la estructura del partido gobernante.<br><br>En medio de un contexto de crisis econ\u00f3mica y creciente descontento social, el gobierno libertario suma otro esc\u00e1ndalo que erosiona su discurso de transparencia y pone en evidencia que detr\u00e1s del marketing del \u201ccambio\u201d, se esconde una trama oscura de negocios, encubrimientos y complicidades.<\/p>\n","protected":false},"excerpt":{"rendered":"<p>El fundador de La Libertad Avanza en R\u00edo Negro, Sergio Rivero, confirm\u00f3 que advirti\u00f3 a Karina Milei y Lule Menem sobre las causas judiciales de la \u201cnarco diputada\u201d Lorena Villaverde. El esc\u00e1ndalo que rodea al armado libertario en la Patagonia no para de crecer. En las \u00faltimas horas, el propio fundador de La Libertad Avanza&#8230;<\/p>\n","protected":false},"author":1,"featured_media":9601,"comment_status":"open","ping_status":"open","sticky":false,"template":"","format":"standard","meta":{"_monsterinsights_skip_tracking":false,"_monsterinsights_sitenote_active":false,"_monsterinsights_sitenote_note":"","_monsterinsights_sitenote_category":0,"footnotes":"","jetpack_publicize_message":"","jetpack_publicize_feature_enabled":true,"jetpack_social_post_already_shared":true,"jetpack_social_options":{"image_generator_settings":{"template":"highway","default_image_id":0,"font":"","enabled":false},"version":2}},"categories":[2],"tags":[174,446,2824,3177,303],"class_list":["post-9600","post","type-post","status-publish","format-standard","has-post-thumbnail","hentry","category-politica","tag-karina-milei","tag-la-libertad-avanza","tag-lorena-villaverde","tag-lule-menem","tag-narcotrafico"],"jetpack_publicize_connections":[],"_links":{"self":[{"href":"https:\/\/www.enorsai.com\/noticias\/wp-json\/wp\/v2\/posts\/9600","targetHints":{"allow":["GET"]}}],"collection":[{"href":"https:\/\/www.enorsai.com\/noticias\/wp-json\/wp\/v2\/posts"}],"about":[{"href":"https:\/\/www.enorsai.com\/noticias\/wp-json\/wp\/v2\/types\/post"}],"author":[{"embeddable":true,"href":"https:\/\/www.enorsai.com\/noticias\/wp-json\/wp\/v2\/users\/1"}],"replies":[{"embeddable":true,"href":"https:\/\/www.enorsai.com\/noticias\/wp-json\/wp\/v2\/comments?post=9600"}],"version-history":[{"count":2,"href":"https:\/\/www.enorsai.com\/noticias\/wp-json\/wp\/v2\/posts\/9600\/revisions"}],"predecessor-version":[{"id":9605,"href":"https:\/\/www.enorsai.com\/noticias\/wp-json\/wp\/v2\/posts\/9600\/revisions\/9605"}],"wp:featuredmedia":[{"embeddable":true,"href":"https:\/\/www.enorsai.com\/noticias\/wp-json\/wp\/v2\/media\/9601"}],"wp:attachment":[{"href":"https:\/\/www.enorsai.com\/noticias\/wp-json\/wp\/v2\/media?parent=9600"}],"wp:term":[{"taxonomy":"category","embeddable":true,"href":"https:\/\/www.enorsai.com\/noticias\/wp-json\/wp\/v2\/categories?post=9600"},{"taxonomy":"post_tag","embeddable":true,"href":"https:\/\/www.enorsai.com\/noticias\/wp-json\/wp\/v2\/tags?post=9600"}],"curies":[{"name":"wp","href":"https:\/\/api.w.org\/{rel}","templated":true}]}}