{"id":957,"date":"2025-02-10T11:00:00","date_gmt":"2025-02-10T14:00:00","guid":{"rendered":"http:\/\/www.enorsai.com\/noticias\/?p=957"},"modified":"2025-02-10T09:54:20","modified_gmt":"2025-02-10T12:54:20","slug":"paritarias-premium-para-las-fuerzas-de-seguridad-el-aumento-de-bullrich-duplico-el-del-resto-de-los-empleados-publicos","status":"publish","type":"post","link":"https:\/\/www.enorsai.com\/noticias\/sociedad\/paritarias-premium-para-las-fuerzas-de-seguridad-el-aumento-de-bullrich-duplico-el-del-resto-de-los-empleados-publicos\/","title":{"rendered":"Paritarias pr\u00e9mium para las fuerzas de seguridad: El aumento de Bullrich duplic\u00f3 el del resto de los empleados p\u00fablicos"},"content":{"rendered":"\n<p><strong><em>La suba que firm\u00f3 Patricia Bullrich tras los reclamos es muy superior a la\u00a0se le dio al personal nucleado en UPCN y ATE. \u00bfCu\u00e1l ser\u00e1 la reacci\u00f3n?<\/em><\/strong><\/p>\n\n\n\n<p>Cuando la situaci\u00f3n era muy tirante y las protestas comenzaban a crecer, el Gobierno decidi\u00f3 aumentar los sueldos de las fuerzas de Seguridad. Sin embargo, as\u00ed como se solucion\u00f3 un conflicto inminente, ahora podr\u00eda desatarse otro en la cartera que conduce\u00a0<strong>Patricia Bullrich<\/strong>.<\/p>\n\n\n\n<p>La decisi\u00f3n firmada por la ministra de Seguridad Nacional, y que ser\u00e1 publicada en el Bolet\u00edn Oficial en las pr\u00f3ximas horas, es fijar nuevos valores para los haberes mensuales y suplementos espec\u00edficos en las distintas fuerzas. Y establece una mejora en el orden del 5%, que regir\u00e1 desde marzo.<\/p>\n\n\n\n<p>Se trata, en definitiva, de un porcentaje muy superior al que se asign\u00f3 al resto del personal que depende del<strong>&nbsp;Estado Nacional.<\/strong>&nbsp;Hay que recordar que, recientemente, la&nbsp;<strong>Uni\u00f3n del Personal Civil de la Naci\u00f3n (<a href=\"https:\/\/gestionsindical.com\/upcn-presento-nuevo-sanatorio-anchorena-zarate-su-quinto-centro-salud-propio\/\">UPCN<\/a>)<\/strong>&nbsp;acord\u00f3 con el Gobierno una recomposici\u00f3n salarial para los empleados p\u00fablicos nacionales del&nbsp;<strong>1,5% para enero y 1,2% para febrero.&nbsp;<\/strong><\/p>\n\n\n\n<p>En cambio, tal como sucedi\u00f3 en ocasiones anteriores, la paritaria tuvo el rechazo de\u00a0<strong>ATE,\u00a0<\/strong>que anticip\u00f3 que seguir\u00e1 protestando \u201cen la calle\u201d. Y ahora, al enojo del gremio que conduce\u00a0<strong>Rodolfo Aguiar<\/strong>\u00a0por la baja oferta recibida se sumar\u00e1, claro est\u00e1, este aumento que recibir\u00e1n las fuerzas de seguridad.<\/p>\n\n\n\n<div class=\"wp-block-jetpack-related-posts\">\n<h2 class=\"wp-block-heading\"><\/h2>\n<\/div>\n\n\n\n<h2 class=\"wp-block-heading\">As\u00ed ser\u00e1n los aumentos para las fuerzas de Seguridad<\/h2>\n\n\n\n<p>De acuerdo a lo informado, y en el caso de la\u00a0<strong>Gendarmer\u00eda Nacional<\/strong>, se actualizar\u00e1n los importes correspondientes a \u201cFunciones de Prevenci\u00f3n Barrial\u201d y \u201cRecargo de Servicio\u201d.\u00a0<\/p>\n\n\n\n<figure class=\"wp-block-image\"><img decoding=\"async\" src=\"https:\/\/gestionsindical.com\/wp-content\/uploads\/2025\/02\/2-2.png\" alt=\"Bullrich, Patricia Bullrich\" class=\"wp-image-64897\"\/><figcaption class=\"wp-element-caption\">La mejora que les otorg\u00f3 Bullrich a los trabajadores de las fuerzas de seguridad est\u00e1 en el orden del 5%.<\/figcaption><\/figure>\n\n\n\n<p>Por su parte, el personal de la&nbsp;<strong>Prefectura Naval<\/strong>&nbsp;tambi\u00e9n ver\u00e1 reflejados incrementos en la compensaci\u00f3n por \u201cRecargo de Servicio\u201d. Mientras que en el caso de&nbsp;<strong>Polic\u00eda Federal<\/strong>&nbsp;habr\u00e1 ajustes en los haberes mensuales, el suplemento por \u201cZona\u201d, el valor del Servicio de Polic\u00eda Adicional y otras compensaciones.<\/p>\n\n\n\n<p>Uno de los puntos destacados tambi\u00e9n de la resoluci\u00f3n es que se instrumentar\u00e1 una equiparaci\u00f3n salarial para el&nbsp;<strong>Servicio Penitenciario Federal<\/strong>&nbsp;con las dem\u00e1s fuerzas nacionales, ya que se detectaron \u201cdiferencias arbitrarias en los haberes de este personal, lo que motiv\u00f3 la necesidad de implementar ajustes para garantizar un trato igualitario\u201d.<\/p>\n\n\n\n<blockquote class=\"wp-block-quote is-layout-flow wp-block-quote-is-layout-flow\">\n<p>El Ministerio de Seguridad Nacional tambi\u00e9n dispuso ajustes espec\u00edficos para altos mandos de las fuerzas. As\u00ed, los directores y subdirectores nacionales de la Gendarmer\u00eda Nacional, la Prefectura Naval y jefes de la Polic\u00eda Federal recibir\u00e1n incrementos en el \u201ccomplemento por responsabilidad jer\u00e1rquica\u201d.&nbsp;<\/p>\n\n\n\n<p>Respecto a la Polic\u00eda de Seguridad Aeroportuaria, tambi\u00e9n se fijaron nuevos valores para los haberes mensuales y las compensaciones por \u201cRecargo de Servicio\u201d.<\/p>\n\n\n\n<p><\/p>\n\n\n\n<h2 class=\"wp-block-heading\">Se ven\u00edan protestas contra Bullrich<\/h2>\n\n\n\n<p>Esta medida, se explic\u00f3, \u201cforma parte de un proceso amplio de modernizaci\u00f3n y reordenamiento de las estructuras salariales de las fuerzas bajo su jurisdicci\u00f3n, con el objetivo de promover el bienestar del personal, profesionalizar las carreras y garantizar condiciones laborales justas\u201d.&nbsp;<\/p>\n\n\n\n<p>La actualizaci\u00f3n de los haberes busca, se agreg\u00f3, \u201creconocer la capacidad, responsabilidad y dedicaci\u00f3n que demanda la correcta ejecuci\u00f3n de las actividades de las fuerzas\u201d.<\/p>\n\n\n\n<blockquote class=\"wp-block-quote is-layout-flow wp-block-quote-is-layout-flow\">\n<p>Si bien desde el Gobierno aclararon que la equiparaci\u00f3n salarial y la mejora en los ingresos en general de los uniformados ven\u00eda trabaj\u00e1ndose desde hace varias semanas, se conoci\u00f3 en medio de reclamos en redes sociales por aumentos.&nbsp;<\/p>\n\n\n\n<p>De hecho, trascendi\u00f3 que familiares de personal de las fuerzas de seguridad iban a realizar protestas a partir del lunes para que se efectivizara de manera r\u00e1pida una recomposici\u00f3n salarial.<\/p>\n\n\n\n<p><strong>Fuente:<\/strong><\/p>\n\n\n\n<ul class=\"wp-block-list\">\n<li><a href=\"https:\/\/gestionsindical.com\/techo-las-paritarias-aumento-bullrich-las-fuerzas-seguridad-duplica-del-resto-los-empleados-publicos\/\">https:\/\/gestionsindical.com\/techo-las-paritarias-aumento-bullrich-las-fuerzas-seguridad-duplica-del-resto-los-empleados-publicos\/<\/a><\/li>\n<\/ul>\n<\/blockquote>\n\n\n<\/blockquote>\n","protected":false},"excerpt":{"rendered":"<p>La suba que firm\u00f3 Patricia Bullrich tras los reclamos es muy superior a la\u00a0se le dio al personal nucleado en UPCN y ATE. \u00bfCu\u00e1l ser\u00e1 la reacci\u00f3n? Cuando la situaci\u00f3n era muy tirante y las protestas comenzaban a crecer, el Gobierno decidi\u00f3 aumentar los sueldos de las fuerzas de Seguridad. Sin embargo, as\u00ed como se&#8230;<\/p>\n","protected":false},"author":1,"featured_media":959,"comment_status":"open","ping_status":"open","sticky":false,"template":"","format":"standard","meta":{"_monsterinsights_skip_tracking":false,"_monsterinsights_sitenote_active":false,"_monsterinsights_sitenote_note":"","_monsterinsights_sitenote_category":0,"footnotes":"","jetpack_publicize_message":"","jetpack_publicize_feature_enabled":true,"jetpack_social_post_already_shared":true,"jetpack_social_options":{"image_generator_settings":{"template":"highway","default_image_id":0,"font":"","enabled":false},"version":2}},"categories":[4],"tags":[262,261,304],"class_list":["post-957","post","type-post","status-publish","format-standard","has-post-thumbnail","hentry","category-sociedad","tag-bullrich","tag-gendarmeria","tag-paritarias"],"jetpack_publicize_connections":[],"_links":{"self":[{"href":"https:\/\/www.enorsai.com\/noticias\/wp-json\/wp\/v2\/posts\/957","targetHints":{"allow":["GET"]}}],"collection":[{"href":"https:\/\/www.enorsai.com\/noticias\/wp-json\/wp\/v2\/posts"}],"about":[{"href":"https:\/\/www.enorsai.com\/noticias\/wp-json\/wp\/v2\/types\/post"}],"author":[{"embeddable":true,"href":"https:\/\/www.enorsai.com\/noticias\/wp-json\/wp\/v2\/users\/1"}],"replies":[{"embeddable":true,"href":"https:\/\/www.enorsai.com\/noticias\/wp-json\/wp\/v2\/comments?post=957"}],"version-history":[{"count":1,"href":"https:\/\/www.enorsai.com\/noticias\/wp-json\/wp\/v2\/posts\/957\/revisions"}],"predecessor-version":[{"id":960,"href":"https:\/\/www.enorsai.com\/noticias\/wp-json\/wp\/v2\/posts\/957\/revisions\/960"}],"wp:featuredmedia":[{"embeddable":true,"href":"https:\/\/www.enorsai.com\/noticias\/wp-json\/wp\/v2\/media\/959"}],"wp:attachment":[{"href":"https:\/\/www.enorsai.com\/noticias\/wp-json\/wp\/v2\/media?parent=957"}],"wp:term":[{"taxonomy":"category","embeddable":true,"href":"https:\/\/www.enorsai.com\/noticias\/wp-json\/wp\/v2\/categories?post=957"},{"taxonomy":"post_tag","embeddable":true,"href":"https:\/\/www.enorsai.com\/noticias\/wp-json\/wp\/v2\/tags?post=957"}],"curies":[{"name":"wp","href":"https:\/\/api.w.org\/{rel}","templated":true}]}}