{"id":9544,"date":"2025-10-09T22:25:58","date_gmt":"2025-10-10T01:25:58","guid":{"rendered":"https:\/\/www.enorsai.com\/noticias\/?p=9544"},"modified":"2025-10-09T22:27:23","modified_gmt":"2025-10-10T01:27:23","slug":"escandalo-un-funcionario-de-pettovello-socio-del-testaferro-de-fred-machado","status":"publish","type":"post","link":"https:\/\/www.enorsai.com\/noticias\/politica\/escandalo-un-funcionario-de-pettovello-socio-del-testaferro-de-fred-machado\/","title":{"rendered":"ESC\u00c1NDALO: Un funcionario de Pettovello socio del \u00abTestaferro\u00bb de Fred Machado"},"content":{"rendered":"\n<p>El c\u00edrculo que vincula al gobierno libertario y al mundo narco se sigue estrechando.<\/p>\n\n\n\n<p>Sabido es que Claudio \u201cLechuga\u201d Ciccarelli, un empresario de Viedma, es primo de Federico Machado y due\u00f1o de la camioneta negra blindada que usaba Jos\u00e9 Luis Espert en 2019. Muchos lo sindican como el \u00abTestaferro\u00bb de Fred, poniendo el nombre en las empresas que, se proyectaba, servir\u00edan para el lavado.<br><br>Una de estas, seg\u00fan indica el Bolet\u00edn Oficial de R\u00edo Negro, es GOLD AND SAND S.R.L., constituida el 20 de agosto de 2021, vinculada a la actividad minera. En la misma, ser\u00e1 socio mayoritario Ciccarelli con el 90% del capital, mientras que el 10% restante estaba en manos de un tal Maximiliano Larra\u00f1aga.<\/p>\n\n\n\n<figure class=\"wp-block-image size-large\"><img loading=\"lazy\" decoding=\"async\" width=\"631\" height=\"219\" src=\"https:\/\/www.enorsai.com\/noticias\/wp-content\/uploads\/2025\/10\/qq1-67076236717071617325.png\" alt=\"\" class=\"wp-image-9539\" srcset=\"https:\/\/www.enorsai.com\/noticias\/wp-content\/uploads\/2025\/10\/qq1-67076236717071617325.png 631w, https:\/\/www.enorsai.com\/noticias\/wp-content\/uploads\/2025\/10\/qq1-67076236717071617325-300x104.png 300w\" sizes=\"auto, (max-width: 631px) 100vw, 631px\" \/><\/figure>\n\n\n\n<p><br>Larra\u00f1aga es parte del Poder Ejecutivo rionegrino, y en los a\u00f1os 2018 y 2019 pas\u00f3 a formar parte del personal del Bloque Parlamentario Juntos Somos R\u00edo Negro, la Alianza pol\u00edtica liderada por el gobernador actual, Alberto Weretilneck.<\/p>\n\n\n\n<figure class=\"wp-block-image size-large\"><img loading=\"lazy\" decoding=\"async\" width=\"446\" height=\"199\" src=\"https:\/\/www.enorsai.com\/noticias\/wp-content\/uploads\/2025\/10\/qq2-38085054932025447812.png\" alt=\"\" class=\"wp-image-9540\" srcset=\"https:\/\/www.enorsai.com\/noticias\/wp-content\/uploads\/2025\/10\/qq2-38085054932025447812.png 446w, https:\/\/www.enorsai.com\/noticias\/wp-content\/uploads\/2025\/10\/qq2-38085054932025447812-300x134.png 300w\" sizes=\"auto, (max-width: 446px) 100vw, 446px\" \/><\/figure>\n\n\n\n<p><br>Pero los v\u00ednculos con la pol\u00edtica de turno de esta empresa no terminan ah\u00ed. En agosto de 2023, Larra\u00f1aga cede su parte a otro personaje, Hern\u00e1n Dar\u00edo N\u00fa\u00f1ez, pasando a convertirse as\u00ed en el socio minoritario de la minera de Fred.<\/p>\n\n\n\n<figure class=\"wp-block-image size-large\"><img loading=\"lazy\" decoding=\"async\" width=\"636\" height=\"152\" src=\"https:\/\/www.enorsai.com\/noticias\/wp-content\/uploads\/2025\/10\/qq3-12328078535341716240.png\" alt=\"\" class=\"wp-image-9541\" srcset=\"https:\/\/www.enorsai.com\/noticias\/wp-content\/uploads\/2025\/10\/qq3-12328078535341716240.png 636w, https:\/\/www.enorsai.com\/noticias\/wp-content\/uploads\/2025\/10\/qq3-12328078535341716240-300x72.png 300w\" sizes=\"auto, (max-width: 636px) 100vw, 636px\" \/><\/figure>\n\n\n\n<p><br>Poco tiempo despu\u00e9s, en julio de 2024, y ya con el nuevo gobierno libertario en el poder, Hern\u00e1n Dar\u00edo N\u00fa\u00f1ez ser\u00e1 designado en el Ministerio de Capital Humano con la firma de la ministra-amiga de Milei, Sandra Pettovello, poniendo as\u00ed un nuevo nexo entre los integrantes del gobierno oficialista y el narcotr\u00e1fico.<\/p>\n\n\n\n<figure class=\"wp-block-image size-large\"><img loading=\"lazy\" decoding=\"async\" width=\"682\" height=\"238\" src=\"https:\/\/www.enorsai.com\/noticias\/wp-content\/uploads\/2025\/10\/qq56426272031164345079.png\" alt=\"\" class=\"wp-image-9542\" srcset=\"https:\/\/www.enorsai.com\/noticias\/wp-content\/uploads\/2025\/10\/qq56426272031164345079.png 682w, https:\/\/www.enorsai.com\/noticias\/wp-content\/uploads\/2025\/10\/qq56426272031164345079-300x105.png 300w\" sizes=\"auto, (max-width: 682px) 100vw, 682px\" \/><\/figure>\n","protected":false},"excerpt":{"rendered":"<p>El c\u00edrculo que vincula al gobierno libertario y al mundo narco se sigue estrechando. Sabido es que Claudio \u201cLechuga\u201d Ciccarelli, un empresario de Viedma, es primo de Federico Machado y due\u00f1o de la camioneta negra blindada que usaba Jos\u00e9 Luis Espert en 2019. Muchos lo sindican como el \u00abTestaferro\u00bb de Fred, poniendo el nombre en&#8230;<\/p>\n","protected":false},"author":6,"featured_media":9543,"comment_status":"open","ping_status":"open","sticky":false,"template":"","format":"standard","meta":{"_monsterinsights_skip_tracking":false,"_monsterinsights_sitenote_active":false,"_monsterinsights_sitenote_note":"","_monsterinsights_sitenote_category":0,"footnotes":"","jetpack_publicize_message":"","jetpack_publicize_feature_enabled":true,"jetpack_social_post_already_shared":true,"jetpack_social_options":{"image_generator_settings":{"template":"highway","default_image_id":0,"font":"","enabled":false},"version":2}},"categories":[2],"tags":[],"class_list":["post-9544","post","type-post","status-publish","format-standard","has-post-thumbnail","hentry","category-politica"],"jetpack_publicize_connections":[],"_links":{"self":[{"href":"https:\/\/www.enorsai.com\/noticias\/wp-json\/wp\/v2\/posts\/9544","targetHints":{"allow":["GET"]}}],"collection":[{"href":"https:\/\/www.enorsai.com\/noticias\/wp-json\/wp\/v2\/posts"}],"about":[{"href":"https:\/\/www.enorsai.com\/noticias\/wp-json\/wp\/v2\/types\/post"}],"author":[{"embeddable":true,"href":"https:\/\/www.enorsai.com\/noticias\/wp-json\/wp\/v2\/users\/6"}],"replies":[{"embeddable":true,"href":"https:\/\/www.enorsai.com\/noticias\/wp-json\/wp\/v2\/comments?post=9544"}],"version-history":[{"count":1,"href":"https:\/\/www.enorsai.com\/noticias\/wp-json\/wp\/v2\/posts\/9544\/revisions"}],"predecessor-version":[{"id":9545,"href":"https:\/\/www.enorsai.com\/noticias\/wp-json\/wp\/v2\/posts\/9544\/revisions\/9545"}],"wp:featuredmedia":[{"embeddable":true,"href":"https:\/\/www.enorsai.com\/noticias\/wp-json\/wp\/v2\/media\/9543"}],"wp:attachment":[{"href":"https:\/\/www.enorsai.com\/noticias\/wp-json\/wp\/v2\/media?parent=9544"}],"wp:term":[{"taxonomy":"category","embeddable":true,"href":"https:\/\/www.enorsai.com\/noticias\/wp-json\/wp\/v2\/categories?post=9544"},{"taxonomy":"post_tag","embeddable":true,"href":"https:\/\/www.enorsai.com\/noticias\/wp-json\/wp\/v2\/tags?post=9544"}],"curies":[{"name":"wp","href":"https:\/\/api.w.org\/{rel}","templated":true}]}}